{"id":124898,"date":"2023-08-30T13:54:15","date_gmt":"2023-08-30T16:54:15","guid":{"rendered":"https:\/\/www.elsindical.com.ar\/notas\/?p=124898"},"modified":"2023-08-30T13:54:15","modified_gmt":"2023-08-30T16:54:15","slug":"avellaneda-detienen-a-viuda-negra-imputada-por-homicidio","status":"publish","type":"post","link":"https:\/\/www.elsindical.com.ar\/notas\/avellaneda-detienen-a-viuda-negra-imputada-por-homicidio\/","title":{"rendered":"Avellaneda: Detienen a \u00abviuda negra\u00bb imputada por homicidio"},"content":{"rendered":"\n<figure class=\"wp-block-image size-full\"><a href=\"https:\/\/www.elsindical.com.ar\/notas\/var\/www\/html\/notas\/wp-content\/uploads\/2023\/08\/viuda-negra-detenida-en-Avellaneda.jpg\"><img loading=\"lazy\" decoding=\"async\" width=\"845\" height=\"477\" src=\"https:\/\/www.elsindical.com.ar\/notas\/var\/www\/html\/notas\/wp-content\/uploads\/2023\/08\/viuda-negra-detenida-en-Avellaneda.jpg\" alt=\"\" class=\"wp-image-124899\" srcset=\"https:\/\/www.elsindical.com.ar\/notas\/var\/www\/html\/notas\/wp-content\/uploads\/2023\/08\/viuda-negra-detenida-en-Avellaneda.jpg 845w, https:\/\/www.elsindical.com.ar\/notas\/var\/www\/html\/notas\/wp-content\/uploads\/2023\/08\/viuda-negra-detenida-en-Avellaneda-300x169.jpg 300w, https:\/\/www.elsindical.com.ar\/notas\/var\/www\/html\/notas\/wp-content\/uploads\/2023\/08\/viuda-negra-detenida-en-Avellaneda-768x434.jpg 768w, https:\/\/www.elsindical.com.ar\/notas\/var\/www\/html\/notas\/wp-content\/uploads\/2023\/08\/viuda-negra-detenida-en-Avellaneda-500x282.jpg 500w, https:\/\/www.elsindical.com.ar\/notas\/var\/www\/html\/notas\/wp-content\/uploads\/2023\/08\/viuda-negra-detenida-en-Avellaneda-460x260.jpg 460w\" sizes=\"auto, (max-width: 845px) 100vw, 845px\" \/><\/a><\/figure>\n\n\n\n<p>La Polic\u00eda de la Ciudad detuvo en Avellaneda a una mujer de 19 a\u00f1os, a la que se le comprobaron la autor\u00eda de dos casos de robos con la modalidad de \u00abViuda Negra\u00bb y el homicidio de un hombre en enero de 2021.<\/p>\n\n\n\n<p>Personal de la Divisi\u00f3n Capturas y Pr\u00f3fugos intervino en la investigaci\u00f3n para dar con el paradero de una mujer que era buscada por robo y homicidio a pedido de la Unidad Fiscal Especializada en Investigaci\u00f3n Criminal Compleja (UFECRI), a cargo del doctor Campagnoli y del Juzgado de Menores N\u00famero 2 del doctor Tezanos.<\/p>\n\n\n\n<p>Durante las tareas investigativas, la&nbsp;Polic\u00eda de la Ciudad&nbsp;pudo corroborar que la sospechosa viv\u00eda en la zona de la Isla Maciel, en el partido bonaerense de Avellaneda.<\/p>\n\n\n\n<p>As\u00ed las cosas, las autoridades se apostaron en inmediaciones del domicilio y en la zona c\u00e9ntrica de Avellaneda, donde fue detenida, en la calle Ameghino al 700.<\/p>\n\n\n\n<p>Cabe destacar que a la mujer se le imputan dos hechos con la modalidad de \u00abViuda Negra\u00bb, uno de los cuales agravado por cometer el homicidio de un hombre mediante la ingesta de narc\u00f3ticos.<\/p>\n\n\n\n<p>En ambos casos, ocurridos en 2021, la mujer sedujo a las v\u00edctimas y les dio estupefacientes para que se durmieran y pueda aprovechar para llevarse elementos de valor.<\/p>\n\n\n\n<p>En el segundo hecho, la imputada tuvo la colaboraci\u00f3n de su hermano y de una tercera persona y, se llevaron del inmueble la suma de 20 mil d\u00f3lares y otras pertenencias.<\/p>\n","protected":false},"excerpt":{"rendered":"<p>La Polic\u00eda de la Ciudad detuvo en Avellaneda a una mujer de 19 a\u00f1os, a la que se le comprobaron la autor\u00eda de dos casos de robos con la modalidad de \u00abViuda Negra\u00bb y el homicidio de un hombre en enero de 2021. Personal de la Divisi\u00f3n Capturas y Pr\u00f3fugos intervino en la investigaci\u00f3n para&hellip;<\/p>\n","protected":false},"author":1,"featured_media":124899,"comment_status":"open","ping_status":"open","sticky":false,"template":"","format":"standard","meta":{"footnotes":""},"categories":[22],"tags":[37385,33559,24537,20800],"class_list":["post-124898","post","type-post","status-publish","format-standard","has-post-thumbnail","hentry","category-policiales","tag-avellameda","tag-homicdio","tag-policia-de-la-ciudad","tag-viuda-negra"],"_links":{"self":[{"href":"https:\/\/www.elsindical.com.ar\/notas\/wp-json\/wp\/v2\/posts\/124898","targetHints":{"allow":["GET"]}}],"collection":[{"href":"https:\/\/www.elsindical.com.ar\/notas\/wp-json\/wp\/v2\/posts"}],"about":[{"href":"https:\/\/www.elsindical.com.ar\/notas\/wp-json\/wp\/v2\/types\/post"}],"author":[{"embeddable":true,"href":"https:\/\/www.elsindical.com.ar\/notas\/wp-json\/wp\/v2\/users\/1"}],"replies":[{"embeddable":true,"href":"https:\/\/www.elsindical.com.ar\/notas\/wp-json\/wp\/v2\/comments?post=124898"}],"version-history":[{"count":1,"href":"https:\/\/www.elsindical.com.ar\/notas\/wp-json\/wp\/v2\/posts\/124898\/revisions"}],"predecessor-version":[{"id":124900,"href":"https:\/\/www.elsindical.com.ar\/notas\/wp-json\/wp\/v2\/posts\/124898\/revisions\/124900"}],"wp:featuredmedia":[{"embeddable":true,"href":"https:\/\/www.elsindical.com.ar\/notas\/wp-json\/wp\/v2\/media\/124899"}],"wp:attachment":[{"href":"https:\/\/www.elsindical.com.ar\/notas\/wp-json\/wp\/v2\/media?parent=124898"}],"wp:term":[{"taxonomy":"category","embeddable":true,"href":"https:\/\/www.elsindical.com.ar\/notas\/wp-json\/wp\/v2\/categories?post=124898"},{"taxonomy":"post_tag","embeddable":true,"href":"https:\/\/www.elsindical.com.ar\/notas\/wp-json\/wp\/v2\/tags?post=124898"}],"curies":[{"name":"wp","href":"https:\/\/api.w.org\/{rel}","templated":true}]}}