{"id":124893,"date":"2023-08-29T12:37:01","date_gmt":"2023-08-29T15:37:01","guid":{"rendered":"https:\/\/www.elsindical.com.ar\/notas\/?p=124893"},"modified":"2023-08-29T12:37:02","modified_gmt":"2023-08-29T15:37:02","slug":"la-juventud-radical-portena-puso-en-duda-su-apoyo-a-bullrich-y-destaco-la-convocatoria-de-sergio-massa","status":"publish","type":"post","link":"https:\/\/www.elsindical.com.ar\/notas\/la-juventud-radical-portena-puso-en-duda-su-apoyo-a-bullrich-y-destaco-la-convocatoria-de-sergio-massa\/","title":{"rendered":"La Juventud Radical porte\u00f1a puso en duda su apoyo a Bullrich y destac\u00f3 la convocatoria de Sergio Massa"},"content":{"rendered":"<div class=\"wp-block-image\">\n<figure class=\"aligncenter size-full is-resized\"><a href=\"https:\/\/www.elsindical.com.ar\/notas\/var\/www\/html\/notas\/wp-content\/uploads\/2023\/08\/Agustin-Rombola.jpg\"><img loading=\"lazy\" decoding=\"async\" src=\"https:\/\/www.elsindical.com.ar\/notas\/var\/www\/html\/notas\/wp-content\/uploads\/2023\/08\/Agustin-Rombola.jpg\" alt=\"\" class=\"wp-image-124894\" style=\"width:864px;height:480px\" width=\"864\" height=\"480\" srcset=\"https:\/\/www.elsindical.com.ar\/notas\/var\/www\/html\/notas\/wp-content\/uploads\/2023\/08\/Agustin-Rombola.jpg 646w, https:\/\/www.elsindical.com.ar\/notas\/var\/www\/html\/notas\/wp-content\/uploads\/2023\/08\/Agustin-Rombola-300x167.jpg 300w, https:\/\/www.elsindical.com.ar\/notas\/var\/www\/html\/notas\/wp-content\/uploads\/2023\/08\/Agustin-Rombola-500x278.jpg 500w\" sizes=\"auto, (max-width: 864px) 100vw, 864px\" \/><\/a><\/figure>\n<\/div>\n\n\n<p>Lo dijo Agust\u00edn Rombol\u00e1, el presidente de ese espacio de la UCR. Sostuvo que \u00abno le convence\u00bb la candidatura de la exministra de Seguridad.<\/p>\n\n\n\n<p>El presidente de la <strong>Juventud Radical<\/strong> porte\u00f1a, <strong>Agust\u00edn Rombol\u00e1<\/strong>, puso este lunes en duda su respaldo a la candidata presidencial de Juntos por el Cambio (JxC), Patricia Bullrich, por ser \u00abuna persona que ha hablado en contra\u00bb de la universidad p\u00fablica y calific\u00f3 de <strong>\u00absano y necesario\u00bb la propuesta del postulante oficialista Sergio Massa de convocar a un \u00abgobierno de unidad nacional\u00bb con radicales en su gabinete.<\/strong><\/p>\n\n\n\n<p>\u00abBullrich es una persona que ha hablado en contra de uno de los mayores orgullos de nuestra sociedad argentina como la universidad p\u00fablica, laica, gratuita y de excelencia\u00bb, afirm\u00f3 Rombol\u00e1 en declaraciones al portal El Grito del Sur.<\/p>\n\n\n\n<p><strong>El presidente de la JR porte\u00f1a expres\u00f3 que \u00abno le convence\u00bb la candidatura de Bullrich y puso en duda su respaldo rumbo a las elecciones del 22 de octubre.<\/strong><\/p>\n\n\n\n<p>\u00abHabr\u00e1 que ver si Sergio Massa o Patricia Bullrich tienen propuestas que se encuentren m\u00e1s cercanas a nuestra mirada, pero como militante radical no me termina de convencer ninguno\u00bb, aclar\u00f3 el referente radical.<\/p>\n\n\n\n<p>De esta manera, Rombol\u00e1 se sum\u00f3 a los distintos dirigentes de la UCR que negaron su apoyo a la candidata de JxC, entre ellos el exdiputado Federico Storani, el exsenador Mario Cimadevilla y el embajador argentino en Espa\u00f1a, Ricardo Alfons\u00edn.<\/p>\n\n\n\n<h2 class=\"wp-block-heading\"><strong>La convocatoria de Sergio Massa<\/strong><\/h2>\n\n\n\n<p><strong>Adem\u00e1s, el presidente de la JR ponder\u00f3 el llamado a un \u00abgobierno de unidad nacional\u00bb que invoc\u00f3 Massa, quien propuso que de ganar las elecciones integrar\u00eda su gabinete con \u00abradicales y peronistas\u00bb y envi\u00f3 gui\u00f1os a los gobernadores opositores electos de Jujuy y C\u00f3rdoba.<\/strong><\/p>\n\n\n\n<p>\u00abMe pareci\u00f3 sano y necesario el llamado de Sergio Massa. No s\u00e9 si se construir\u00e1 esa nueva mayor\u00eda, pero s\u00ed una mesa de di\u00e1logo donde se discutan los temas urgentes para la crisis que afronta la Rep\u00fablica Argentina\u00bb, dijo.<\/p>\n\n\n\n<p>Subray\u00f3 que \u00abcomo militante\u00bb apuesta a \u00abla construcci\u00f3n de mayor\u00edas\u00bb y a \u00abla vocaci\u00f3n de construcci\u00f3n de alianzas transversales que generen pol\u00edticas de Estado\u00bb, entre las que resalt\u00f3 a la Asignaci\u00f3n Universal por Hijo (AUH).<\/p>\n\n\n\n<p>\u00abEstamos acostumbrados a dialogar. Si la Juventud Radical recibiera un llamado para hablar de pol\u00edtica, lo har\u00edamos como lo hacemos siempre porque es lo que nos caracteriza como militantes\u00bb, remarc\u00f3.<\/p>\n\n\n\n<h2 class=\"wp-block-heading\">\u00abContra los Javier Milei\u00bb<\/h2>\n\n\n\n<p>Rombol\u00e1 critic\u00f3 al candidato presidencial de La Libertad Alianza (LLA), <strong>Javier Milei<\/strong>, porque reivindica \u00abuna Argentina predemocr\u00e1tica, donde el autoritarismo estaba a la orden del d\u00eda\u00bb.<\/p>\n\n\n\n<p>\u00abTengo una certeza: la UCR naci\u00f3 en 1891 contra los Javier Milei de esa \u00e9poca, contra un sistema donde reg\u00eda el individualismo, donde la desigualdad era parte del sistema\u00bb, sostuvo. Indic\u00f3 que el radicalismo debe tener \u00abun rol activo\u00bb y que tiene la responsabilidad de oponerse al \u00abr\u00e9gimen falaz y descre\u00eddo\u00bb que mencionaban los fundadores del partido centenario.<\/p>\n\n\n\n<p>\u00abTenemos la responsabilidad hist\u00f3rica de oponernos a cualquier intento de gobierno de Javier Milei, que viene persiguiendo radicales, que nos ubica en un foco de violencia pol\u00edtica porque claramente no cree en la democracia\u00bb, apunt\u00f3.<\/p>\n","protected":false},"excerpt":{"rendered":"<p>Lo dijo Agust\u00edn Rombol\u00e1, el presidente de ese espacio de la UCR. Sostuvo que \u00abno le convence\u00bb la candidatura de la exministra de Seguridad. El presidente de la Juventud Radical porte\u00f1a, Agust\u00edn Rombol\u00e1, puso este lunes en duda su respaldo a la candidata presidencial de Juntos por el Cambio (JxC), Patricia Bullrich, por ser \u00abuna&hellip;<\/p>\n","protected":false},"author":1,"featured_media":124894,"comment_status":"open","ping_status":"open","sticky":false,"template":"","format":"standard","meta":{"footnotes":""},"categories":[13],"tags":[40943,2450,28812,32413,33545,40628,3918],"class_list":["post-124893","post","type-post","status-publish","format-standard","has-post-thumbnail","hentry","category-politica","tag-agustin-rombola","tag-diario-el-sindical","tag-javier-milei","tag-juventud-radical","tag-jxc","tag-lla","tag-sergio-massa"],"_links":{"self":[{"href":"https:\/\/www.elsindical.com.ar\/notas\/wp-json\/wp\/v2\/posts\/124893","targetHints":{"allow":["GET"]}}],"collection":[{"href":"https:\/\/www.elsindical.com.ar\/notas\/wp-json\/wp\/v2\/posts"}],"about":[{"href":"https:\/\/www.elsindical.com.ar\/notas\/wp-json\/wp\/v2\/types\/post"}],"author":[{"embeddable":true,"href":"https:\/\/www.elsindical.com.ar\/notas\/wp-json\/wp\/v2\/users\/1"}],"replies":[{"embeddable":true,"href":"https:\/\/www.elsindical.com.ar\/notas\/wp-json\/wp\/v2\/comments?post=124893"}],"version-history":[{"count":1,"href":"https:\/\/www.elsindical.com.ar\/notas\/wp-json\/wp\/v2\/posts\/124893\/revisions"}],"predecessor-version":[{"id":124895,"href":"https:\/\/www.elsindical.com.ar\/notas\/wp-json\/wp\/v2\/posts\/124893\/revisions\/124895"}],"wp:featuredmedia":[{"embeddable":true,"href":"https:\/\/www.elsindical.com.ar\/notas\/wp-json\/wp\/v2\/media\/124894"}],"wp:attachment":[{"href":"https:\/\/www.elsindical.com.ar\/notas\/wp-json\/wp\/v2\/media?parent=124893"}],"wp:term":[{"taxonomy":"category","embeddable":true,"href":"https:\/\/www.elsindical.com.ar\/notas\/wp-json\/wp\/v2\/categories?post=124893"},{"taxonomy":"post_tag","embeddable":true,"href":"https:\/\/www.elsindical.com.ar\/notas\/wp-json\/wp\/v2\/tags?post=124893"}],"curies":[{"name":"wp","href":"https:\/\/api.w.org\/{rel}","templated":true}]}}