{"id":124880,"date":"2023-08-29T09:42:34","date_gmt":"2023-08-29T12:42:34","guid":{"rendered":"https:\/\/www.elsindical.com.ar\/notas\/?p=124880"},"modified":"2023-08-29T10:10:35","modified_gmt":"2023-08-29T13:10:35","slug":"avellaneda-atencion-gratuita-y-de-calidad-para-las-mascotas-de-los-vecinos","status":"publish","type":"post","link":"https:\/\/www.elsindical.com.ar\/notas\/avellaneda-atencion-gratuita-y-de-calidad-para-las-mascotas-de-los-vecinos\/","title":{"rendered":"Avellaneda: Atenci\u00f3n gratuita y de calidad para las mascotas de los vecinos"},"content":{"rendered":"<div class=\"wp-block-image\">\n<figure class=\"aligncenter size-full\"><a href=\"https:\/\/www.elsindical.com.ar\/notas\/var\/www\/html\/notas\/wp-content\/uploads\/2023\/08\/Hospital-Veterinario-Avellaneda-1.jpg\"><img loading=\"lazy\" decoding=\"async\" width=\"750\" height=\"797\" src=\"https:\/\/www.elsindical.com.ar\/notas\/var\/www\/html\/notas\/wp-content\/uploads\/2023\/08\/Hospital-Veterinario-Avellaneda-1.jpg\" alt=\"\" class=\"wp-image-124881\" srcset=\"https:\/\/www.elsindical.com.ar\/notas\/var\/www\/html\/notas\/wp-content\/uploads\/2023\/08\/Hospital-Veterinario-Avellaneda-1.jpg 750w, https:\/\/www.elsindical.com.ar\/notas\/var\/www\/html\/notas\/wp-content\/uploads\/2023\/08\/Hospital-Veterinario-Avellaneda-1-282x300.jpg 282w\" sizes=\"auto, (max-width: 750px) 100vw, 750px\" \/><\/a><\/figure>\n<\/div>\n\n\n<p>   Luego de que el municipio mostrara en redes sociales la actividad del Hospital Veterinario Municipal, con testimonios de vecinos, satisfechos por la atenci\u00f3n que recibieron sus mascotas y como contracara algunos comentarios negativos que se comparten en las mismas redes sociales, como trabajamos en el Diario El Sindical, fuimos tres d\u00edas alternados al hospital para ver in situ el funcionamiento del mismo.<\/p>\n\n\n\n<p>Preguntamos como lo har\u00eda cualquier vecino por los horarios, los turnos y los servicios que brinda el hospital, la atenci\u00f3n del personal administrativo fue muy buena, explican con amabilidad, con paciencia y en los vecinos que regresan se nota que existe cordialidad y agradecimiento para quienes all\u00ed trabajan.<\/p>\n\n\n\n<p>El lugar se encuentra limpio, es amplio, contin\u00faa siendo el hospital veterinario m\u00e1s grande de Sudam\u00e9rica y salvo estudios card\u00edacos, se realizan ecograf\u00edas, laboratorio y placas de rayos, por el momento suspendidas por remodelaciones para mejorar dicha prestaci\u00f3n.<\/p>\n\n\n\n<p>En los d\u00edas que concurr\u00ed el hospital encontr\u00e9 a varios vecinos, algunos que me sorprendi\u00f3 porque suelen criticar la gesti\u00f3n municipal y son de los que no recomiendan el hospital en las redes sociales, donde pregonan incluso cerrar el lugar, pero all\u00ed se los ve\u00eda c\u00f3modos, amables y agradecidos, es lo bueno de no dejarse llevar por lo que se publica y de ir a chequear lo que se comenta.<\/p>\n\n\n<div class=\"wp-block-image\">\n<figure class=\"aligncenter size-full\"><a href=\"https:\/\/www.elsindical.com.ar\/notas\/var\/www\/html\/notas\/wp-content\/uploads\/2023\/08\/Hospital-Veterinario-Avellaneda-3.jpg\"><img loading=\"lazy\" decoding=\"async\" width=\"750\" height=\"477\" src=\"https:\/\/www.elsindical.com.ar\/notas\/var\/www\/html\/notas\/wp-content\/uploads\/2023\/08\/Hospital-Veterinario-Avellaneda-3.jpg\" alt=\"\" class=\"wp-image-124882\" srcset=\"https:\/\/www.elsindical.com.ar\/notas\/var\/www\/html\/notas\/wp-content\/uploads\/2023\/08\/Hospital-Veterinario-Avellaneda-3.jpg 750w, https:\/\/www.elsindical.com.ar\/notas\/var\/www\/html\/notas\/wp-content\/uploads\/2023\/08\/Hospital-Veterinario-Avellaneda-3-300x191.jpg 300w, https:\/\/www.elsindical.com.ar\/notas\/var\/www\/html\/notas\/wp-content\/uploads\/2023\/08\/Hospital-Veterinario-Avellaneda-3-472x300.jpg 472w\" sizes=\"auto, (max-width: 750px) 100vw, 750px\" \/><\/a><\/figure>\n<\/div>\n\n\n<p>Para el tercer d\u00eda solicit\u00e9 hablar con la persona responsable del Hospital Veterinario, ya que es muy importante saber si quien conduce adem\u00e1s escucha las inquietudes de los vecinos, as\u00ed luego de esperar unos minutos a que terminara una reuni\u00f3n con el personal m\u00e9dico, en la puerta a la vista de todos, situaci\u00f3n que me pareci\u00f3 interesante y de mucha transparencia donde los vecinos no tienen dudas de qu\u00e9 la reuni\u00f3n es de trabajo, se presento la <strong>Dra. Yanina Martichelli<\/strong>, una joven y reconocida veterinaria quien mientras aclaraba algunas dudas de los vecinos en cuanto a algunas publicaciones no dejaba de recibir el afecto de los vecinos y de sus mascotas, el primer punto fue aclarar que en el hospital no se realizan castraciones, que ese servicio se presta en Zoonosis, a la vuelta y que s\u00ed hay servicio de cirug\u00edas para otras patolog\u00edas, explic\u00f3 que se otorgan turnos por la ma\u00f1ana y la tarde e invit\u00f3 a los vecinos a que concurran a conocer el hospital y a realizar consultas si tienen dudas o por prevenci\u00f3n de sus mascotas.<\/p>\n\n\n\n<p>Y nos dejo informaci\u00f3n para los vecinos importante, los turnos se dan de <strong>Lunes a Viernes de las 8 AM<\/strong>, en <strong>Gral. Paz 441<\/strong> de acuerdo a la agenda disponible. Se debe acreditar domicilio en Avellaneda sin excepciones. Solo para consultas administrativas el tel\u00e9fono es el <strong>7527-5848<\/strong> de <strong>Lunes a Viernes de 9 a 15.<\/strong><\/p>\n\n\n\n<p>El correo electr\u00f3nica es <a href=\"mailto:hospitalveterinario.mda@gmail.com\">hospitalveterinario.mda@gmail.com<\/a> .<\/p>\n\n\n<div class=\"wp-block-image\">\n<figure class=\"aligncenter size-full\"><a href=\"https:\/\/www.elsindical.com.ar\/notas\/var\/www\/html\/notas\/wp-content\/uploads\/2023\/08\/Hospital-Veterinario-Avellaneda-2.jpg\"><img loading=\"lazy\" decoding=\"async\" width=\"750\" height=\"1000\" src=\"https:\/\/www.elsindical.com.ar\/notas\/var\/www\/html\/notas\/wp-content\/uploads\/2023\/08\/Hospital-Veterinario-Avellaneda-2.jpg\" alt=\"\" class=\"wp-image-124883\" srcset=\"https:\/\/www.elsindical.com.ar\/notas\/var\/www\/html\/notas\/wp-content\/uploads\/2023\/08\/Hospital-Veterinario-Avellaneda-2.jpg 750w, https:\/\/www.elsindical.com.ar\/notas\/var\/www\/html\/notas\/wp-content\/uploads\/2023\/08\/Hospital-Veterinario-Avellaneda-2-225x300.jpg 225w\" sizes=\"auto, (max-width: 750px) 100vw, 750px\" \/><\/a><\/figure>\n<\/div>\n\n\n<figure class=\"wp-block-embed is-type-video is-provider-youtube wp-block-embed-youtube wp-embed-aspect-16-9 wp-has-aspect-ratio\"><div class=\"wp-block-embed__wrapper\">\n<iframe loading=\"lazy\" title=\"Avellaneda atenci\u00f3n m\u00e9dica gratuita y de calidad para las mascotas\" width=\"700\" height=\"394\" src=\"https:\/\/www.youtube.com\/embed\/rolXzHgs6RE?feature=oembed\" frameborder=\"0\" allow=\"accelerometer; autoplay; clipboard-write; encrypted-media; gyroscope; picture-in-picture; web-share\" allowfullscreen><\/iframe>\n<\/div><\/figure>\n\n\n\n<h2 class=\"wp-block-heading\">Zoonosis<\/h2>\n\n\n<div class=\"wp-block-image\">\n<figure class=\"aligncenter size-full\"><a href=\"https:\/\/www.elsindical.com.ar\/notas\/var\/www\/html\/notas\/wp-content\/uploads\/2023\/08\/zoonosis-Avellaneda-1.jpg\"><img loading=\"lazy\" decoding=\"async\" width=\"750\" height=\"510\" src=\"https:\/\/www.elsindical.com.ar\/notas\/var\/www\/html\/notas\/wp-content\/uploads\/2023\/08\/zoonosis-Avellaneda-1.jpg\" alt=\"\" class=\"wp-image-124884\" srcset=\"https:\/\/www.elsindical.com.ar\/notas\/var\/www\/html\/notas\/wp-content\/uploads\/2023\/08\/zoonosis-Avellaneda-1.jpg 750w, https:\/\/www.elsindical.com.ar\/notas\/var\/www\/html\/notas\/wp-content\/uploads\/2023\/08\/zoonosis-Avellaneda-1-300x204.jpg 300w, https:\/\/www.elsindical.com.ar\/notas\/var\/www\/html\/notas\/wp-content\/uploads\/2023\/08\/zoonosis-Avellaneda-1-441x300.jpg 441w\" sizes=\"auto, (max-width: 750px) 100vw, 750px\" \/><\/a><\/figure>\n<\/div>\n\n\n<p>   En Zoonosis, la situaci\u00f3n es similar, muy buena atenci\u00f3n del personal administrativo, vecinos esperando el turno y agradecidos por el servicio que se les brinda, los requerimientos son m\u00ednimos y en el tiempo que estuve no hubo reclamos, el m\u00f3vil de zoonosis para castraciones barriales se encuentra funcionando y otorgando turnos en los barrios donde se encuentra realizando su trabajo.<\/p>\n\n\n\n<p>A continuaci\u00f3n una serie de recomendaciones \u00fatiles para conocimiento de los vecinos.<\/p>\n\n\n\n<figure class=\"wp-block-gallery has-nested-images columns-1 is-cropped wp-block-gallery-1 is-layout-flex wp-block-gallery-is-layout-flex\">\n<figure class=\"wp-block-image size-large\"><a href=\"https:\/\/www.elsindical.com.ar\/notas\/var\/www\/html\/notas\/wp-content\/uploads\/2023\/08\/zoonosis-Avellaneda-2.jpg\"><img loading=\"lazy\" decoding=\"async\" width=\"750\" height=\"895\" data-id=\"124885\" src=\"https:\/\/www.elsindical.com.ar\/notas\/var\/www\/html\/notas\/wp-content\/uploads\/2023\/08\/zoonosis-Avellaneda-2.jpg\" alt=\"\" class=\"wp-image-124885\" srcset=\"https:\/\/www.elsindical.com.ar\/notas\/var\/www\/html\/notas\/wp-content\/uploads\/2023\/08\/zoonosis-Avellaneda-2.jpg 750w, https:\/\/www.elsindical.com.ar\/notas\/var\/www\/html\/notas\/wp-content\/uploads\/2023\/08\/zoonosis-Avellaneda-2-251x300.jpg 251w\" sizes=\"auto, (max-width: 750px) 100vw, 750px\" \/><\/a><\/figure>\n\n\n\n<figure class=\"wp-block-image size-large\"><a href=\"https:\/\/www.elsindical.com.ar\/notas\/var\/www\/html\/notas\/wp-content\/uploads\/2023\/08\/zoonosis-Avellaneda-3.jpg\"><img loading=\"lazy\" decoding=\"async\" width=\"642\" height=\"1024\" data-id=\"124888\" src=\"https:\/\/www.elsindical.com.ar\/notas\/var\/www\/html\/notas\/wp-content\/uploads\/2023\/08\/zoonosis-Avellaneda-3-642x1024.jpg\" alt=\"\" class=\"wp-image-124888\" srcset=\"https:\/\/www.elsindical.com.ar\/notas\/var\/www\/html\/notas\/wp-content\/uploads\/2023\/08\/zoonosis-Avellaneda-3-642x1024.jpg 642w, https:\/\/www.elsindical.com.ar\/notas\/var\/www\/html\/notas\/wp-content\/uploads\/2023\/08\/zoonosis-Avellaneda-3-188x300.jpg 188w, https:\/\/www.elsindical.com.ar\/notas\/var\/www\/html\/notas\/wp-content\/uploads\/2023\/08\/zoonosis-Avellaneda-3.jpg 750w\" sizes=\"auto, (max-width: 642px) 100vw, 642px\" \/><\/a><\/figure>\n\n\n\n<figure class=\"wp-block-image size-large\"><a href=\"https:\/\/www.elsindical.com.ar\/notas\/var\/www\/html\/notas\/wp-content\/uploads\/2023\/08\/zoonosis-Avellaneda-4.jpg\"><img loading=\"lazy\" decoding=\"async\" width=\"672\" height=\"1024\" data-id=\"124886\" src=\"https:\/\/www.elsindical.com.ar\/notas\/var\/www\/html\/notas\/wp-content\/uploads\/2023\/08\/zoonosis-Avellaneda-4-672x1024.jpg\" alt=\"\" class=\"wp-image-124886\" srcset=\"https:\/\/www.elsindical.com.ar\/notas\/var\/www\/html\/notas\/wp-content\/uploads\/2023\/08\/zoonosis-Avellaneda-4-672x1024.jpg 672w, https:\/\/www.elsindical.com.ar\/notas\/var\/www\/html\/notas\/wp-content\/uploads\/2023\/08\/zoonosis-Avellaneda-4-197x300.jpg 197w, https:\/\/www.elsindical.com.ar\/notas\/var\/www\/html\/notas\/wp-content\/uploads\/2023\/08\/zoonosis-Avellaneda-4.jpg 750w\" sizes=\"auto, (max-width: 672px) 100vw, 672px\" \/><\/a><\/figure>\n\n\n\n<figure class=\"wp-block-image size-large\"><a href=\"https:\/\/www.elsindical.com.ar\/notas\/var\/www\/html\/notas\/wp-content\/uploads\/2023\/08\/zoonosis-Avellaneda-5.jpg\"><img loading=\"lazy\" decoding=\"async\" width=\"718\" height=\"1024\" data-id=\"124887\" src=\"https:\/\/www.elsindical.com.ar\/notas\/var\/www\/html\/notas\/wp-content\/uploads\/2023\/08\/zoonosis-Avellaneda-5-718x1024.jpg\" alt=\"\" class=\"wp-image-124887\" srcset=\"https:\/\/www.elsindical.com.ar\/notas\/var\/www\/html\/notas\/wp-content\/uploads\/2023\/08\/zoonosis-Avellaneda-5-718x1024.jpg 718w, https:\/\/www.elsindical.com.ar\/notas\/var\/www\/html\/notas\/wp-content\/uploads\/2023\/08\/zoonosis-Avellaneda-5-210x300.jpg 210w, https:\/\/www.elsindical.com.ar\/notas\/var\/www\/html\/notas\/wp-content\/uploads\/2023\/08\/zoonosis-Avellaneda-5.jpg 750w\" sizes=\"auto, (max-width: 718px) 100vw, 718px\" \/><\/a><\/figure>\n<\/figure>\n\n\n\n<p>Por Marcelo Ricardo Hawrylciw<\/p>\n","protected":false},"excerpt":{"rendered":"<p>Luego de que el municipio mostrara en redes sociales la actividad del Hospital Veterinario Municipal, con testimonios de vecinos, satisfechos por la atenci\u00f3n que recibieron sus mascotas y como contracara algunos comentarios negativos que se comparten en las mismas redes sociales, como trabajamos en el Diario El Sindical, fuimos tres d\u00edas alternados al hospital para&hellip;<\/p>\n","protected":false},"author":1,"featured_media":124881,"comment_status":"open","ping_status":"open","sticky":false,"template":"","format":"standard","meta":{"footnotes":""},"categories":[23,25],"tags":[461,16252,2450,40941,1062,15045,103,2605,986,40942,38856],"class_list":["post-124880","post","type-post","status-publish","format-standard","has-post-thumbnail","hentry","category-salud","category-sociedad","tag-avellaneda","tag-castraciones","tag-diario-el-sindical","tag-hospital-veterinario-municipal-avellaneda","tag-jorge-ferraresi","tag-mascotas","tag-medicos","tag-redes-sociales","tag-vecinos","tag-yanina-martichelli","tag-zoonosis-2"],"_links":{"self":[{"href":"https:\/\/www.elsindical.com.ar\/notas\/wp-json\/wp\/v2\/posts\/124880","targetHints":{"allow":["GET"]}}],"collection":[{"href":"https:\/\/www.elsindical.com.ar\/notas\/wp-json\/wp\/v2\/posts"}],"about":[{"href":"https:\/\/www.elsindical.com.ar\/notas\/wp-json\/wp\/v2\/types\/post"}],"author":[{"embeddable":true,"href":"https:\/\/www.elsindical.com.ar\/notas\/wp-json\/wp\/v2\/users\/1"}],"replies":[{"embeddable":true,"href":"https:\/\/www.elsindical.com.ar\/notas\/wp-json\/wp\/v2\/comments?post=124880"}],"version-history":[{"count":4,"href":"https:\/\/www.elsindical.com.ar\/notas\/wp-json\/wp\/v2\/posts\/124880\/revisions"}],"predecessor-version":[{"id":124892,"href":"https:\/\/www.elsindical.com.ar\/notas\/wp-json\/wp\/v2\/posts\/124880\/revisions\/124892"}],"wp:featuredmedia":[{"embeddable":true,"href":"https:\/\/www.elsindical.com.ar\/notas\/wp-json\/wp\/v2\/media\/124881"}],"wp:attachment":[{"href":"https:\/\/www.elsindical.com.ar\/notas\/wp-json\/wp\/v2\/media?parent=124880"}],"wp:term":[{"taxonomy":"category","embeddable":true,"href":"https:\/\/www.elsindical.com.ar\/notas\/wp-json\/wp\/v2\/categories?post=124880"},{"taxonomy":"post_tag","embeddable":true,"href":"https:\/\/www.elsindical.com.ar\/notas\/wp-json\/wp\/v2\/tags?post=124880"}],"curies":[{"name":"wp","href":"https:\/\/api.w.org\/{rel}","templated":true}]}}