{"id":124861,"date":"2023-08-28T14:20:25","date_gmt":"2023-08-28T17:20:25","guid":{"rendered":"https:\/\/www.elsindical.com.ar\/notas\/?p=124861"},"modified":"2023-08-28T14:20:26","modified_gmt":"2023-08-28T17:20:26","slug":"clinica-avellaneda-medical-center-paro-corte-de-calle-y-reclamos-de-trabajadores","status":"publish","type":"post","link":"https:\/\/www.elsindical.com.ar\/notas\/clinica-avellaneda-medical-center-paro-corte-de-calle-y-reclamos-de-trabajadores\/","title":{"rendered":"Cl\u00ednica Avellaneda Medical Center, paro, corte de calle y reclamos de trabajadores"},"content":{"rendered":"<div class=\"wp-block-image\">\n<figure class=\"aligncenter size-full\"><a href=\"https:\/\/www.elsindical.com.ar\/notas\/var\/www\/html\/notas\/wp-content\/uploads\/2023\/08\/protesta-de-travajadores-clinica-Avellaneda.jpg\"><img loading=\"lazy\" decoding=\"async\" width=\"721\" height=\"770\" src=\"https:\/\/www.elsindical.com.ar\/notas\/var\/www\/html\/notas\/wp-content\/uploads\/2023\/08\/protesta-de-travajadores-clinica-Avellaneda.jpg\" alt=\"\" class=\"wp-image-124862\" srcset=\"https:\/\/www.elsindical.com.ar\/notas\/var\/www\/html\/notas\/wp-content\/uploads\/2023\/08\/protesta-de-travajadores-clinica-Avellaneda.jpg 721w, https:\/\/www.elsindical.com.ar\/notas\/var\/www\/html\/notas\/wp-content\/uploads\/2023\/08\/protesta-de-travajadores-clinica-Avellaneda-281x300.jpg 281w\" sizes=\"auto, (max-width: 721px) 100vw, 721px\" \/><\/a><\/figure>\n<\/div>\n\n\n<p class=\"wp-block-paragraph\">   Una vez m\u00e1s, la <strong>Cl\u00ednica Avellaneda Medical Center<\/strong>, vuelve a ser noticias por irregularidades, en este caso los trabajadores protestan por cuestiones econ\u00f3micas se\u00f1alando como responsable a su due\u00f1o el empresario <strong>Roberto Bustamante<\/strong>, en algo que se repite m\u00e1s que en otras cl\u00ednicas y sin que se garantice un servicio de salud eficiente, a pesar de ello es uno de los principales proveedores del<strong> PAMI<\/strong> en la regi\u00f3n.<\/p>\n\n\n\n<p class=\"wp-block-paragraph\">Con <strong>CUIT: 30-69450385-9<\/strong>, administrada por <strong>Organizaci\u00f3n M\u00e9dica S.A<\/strong>, no existe en principio motivos para que existan deudas o demoras con los empleados, toda vez, que la cl\u00ednica recibe millonarios pagos del PAMI por su condici\u00f3n de proveedor, cifras que incluso parecen abultadas por el servicio que el lugar ofrece a los afiliados.<\/p>\n\n\n\n<p class=\"wp-block-paragraph\">Es hora de que las autoridades del <strong>Ministerio de Salud<\/strong> de la provincia tomen medidas con las constantes irregularidades que ocurren en dicho centro de salud, donde se acumulan las denuncias por mala praxis, m\u00e9dicos truchos y mala atenci\u00f3n pero NO PASA NADA.<\/p>\n","protected":false},"excerpt":{"rendered":"<p>Una vez m\u00e1s, la Cl\u00ednica Avellaneda Medical Center, vuelve a ser noticias por irregularidades, en este caso los trabajadores protestan por cuestiones econ\u00f3micas se\u00f1alando como responsable a su due\u00f1o el empresario Roberto Bustamante, en algo que se repite m\u00e1s que en otras cl\u00ednicas y sin que se garantice un servicio de salud eficiente, a pesar&hellip;<\/p>\n","protected":false},"author":1,"featured_media":124862,"comment_status":"open","ping_status":"open","sticky":false,"template":"","format":"standard","meta":{"footnotes":""},"categories":[16],"tags":[19578,2600,2450,12549,40932,3582,292,125],"class_list":["post-124861","post","type-post","status-publish","format-standard","has-post-thumbnail","hentry","category-gremiales","tag-clinica-avellaneda-medical-center","tag-corte-de-calle","tag-diario-el-sindical","tag-ministerio-de-salud-bonaerense","tag-oberto-bustamante","tag-pami","tag-protesta","tag-trabajadores"],"_links":{"self":[{"href":"https:\/\/www.elsindical.com.ar\/notas\/wp-json\/wp\/v2\/posts\/124861","targetHints":{"allow":["GET"]}}],"collection":[{"href":"https:\/\/www.elsindical.com.ar\/notas\/wp-json\/wp\/v2\/posts"}],"about":[{"href":"https:\/\/www.elsindical.com.ar\/notas\/wp-json\/wp\/v2\/types\/post"}],"author":[{"embeddable":true,"href":"https:\/\/www.elsindical.com.ar\/notas\/wp-json\/wp\/v2\/users\/1"}],"replies":[{"embeddable":true,"href":"https:\/\/www.elsindical.com.ar\/notas\/wp-json\/wp\/v2\/comments?post=124861"}],"version-history":[{"count":1,"href":"https:\/\/www.elsindical.com.ar\/notas\/wp-json\/wp\/v2\/posts\/124861\/revisions"}],"predecessor-version":[{"id":124863,"href":"https:\/\/www.elsindical.com.ar\/notas\/wp-json\/wp\/v2\/posts\/124861\/revisions\/124863"}],"wp:featuredmedia":[{"embeddable":true,"href":"https:\/\/www.elsindical.com.ar\/notas\/wp-json\/wp\/v2\/media\/124862"}],"wp:attachment":[{"href":"https:\/\/www.elsindical.com.ar\/notas\/wp-json\/wp\/v2\/media?parent=124861"}],"wp:term":[{"taxonomy":"category","embeddable":true,"href":"https:\/\/www.elsindical.com.ar\/notas\/wp-json\/wp\/v2\/categories?post=124861"},{"taxonomy":"post_tag","embeddable":true,"href":"https:\/\/www.elsindical.com.ar\/notas\/wp-json\/wp\/v2\/tags?post=124861"}],"curies":[{"name":"wp","href":"https:\/\/api.w.org\/{rel}","templated":true}]}}