{"id":124859,"date":"2023-08-28T13:30:37","date_gmt":"2023-08-28T16:30:37","guid":{"rendered":"https:\/\/www.elsindical.com.ar\/notas\/?p=124859"},"modified":"2023-08-28T13:30:37","modified_gmt":"2023-08-28T16:30:37","slug":"prepaga-no-habra-aumentos-para-las-familias-con-ingresos-de-hasta-2-millones-de-pesos","status":"publish","type":"post","link":"https:\/\/www.elsindical.com.ar\/notas\/prepaga-no-habra-aumentos-para-las-familias-con-ingresos-de-hasta-2-millones-de-pesos\/","title":{"rendered":"Prepaga: no habr\u00e1 aumentos para las familias con ingresos de hasta 2 millones de pesos"},"content":{"rendered":"\n<figure class=\"wp-block-image size-large\"><a href=\"https:\/\/www.elsindical.com.ar\/notas\/var\/www\/html\/notas\/wp-content\/uploads\/2018\/04\/prepagas-salud.jpg\"><img loading=\"lazy\" decoding=\"async\" width=\"1024\" height=\"683\" src=\"https:\/\/www.elsindical.com.ar\/notas\/var\/www\/html\/notas\/wp-content\/uploads\/2018\/04\/prepagas-salud-1024x683.jpg\" alt=\"\" class=\"wp-image-77872\" srcset=\"https:\/\/www.elsindical.com.ar\/notas\/var\/www\/html\/notas\/wp-content\/uploads\/2018\/04\/prepagas-salud-1024x683.jpg 1024w, https:\/\/www.elsindical.com.ar\/notas\/var\/www\/html\/notas\/wp-content\/uploads\/2018\/04\/prepagas-salud-300x200.jpg 300w, https:\/\/www.elsindical.com.ar\/notas\/var\/www\/html\/notas\/wp-content\/uploads\/2018\/04\/prepagas-salud-768x512.jpg 768w, https:\/\/www.elsindical.com.ar\/notas\/var\/www\/html\/notas\/wp-content\/uploads\/2018\/04\/prepagas-salud-450x300.jpg 450w, https:\/\/www.elsindical.com.ar\/notas\/var\/www\/html\/notas\/wp-content\/uploads\/2018\/04\/prepagas-salud.jpg 1170w\" sizes=\"auto, (max-width: 1024px) 100vw, 1024px\" \/><\/a><\/figure>\n\n\n\n<p>El Gobierno oficializar\u00e1 la medida a trav\u00e9s de un DNU.<\/p>\n\n\n\n<p>El Gobierno nacional, a trav\u00e9s de un decreto de necesidad y urgencia (DNU) que se publicar\u00e1 en el <a href=\"https:\/\/www.boletinoficial.gob.ar\/\" target=\"_blank\" rel=\"noreferrer noopener\">Bolet\u00edn Oficial<\/a>, <strong>suspender\u00e1 el aumento de la medicina prepaga durante los pr\u00f3ximos 90 d\u00edas<\/strong> para las familias con ingresos que no superen los 2 millones de pesos mensuales.<\/p>\n\n\n\n<p>El anuncio fue realizado anoche por el ministro de Econom\u00eda,<a href=\"https:\/\/twitter.com\/SergioMassa\" target=\"_blank\" rel=\"noreferrer noopener\"> Sergio Massa<\/a>, a trav\u00e9s de sus cuentas en redes sociales.<\/p>\n\n\n\n<p>Massa, al realizar el anuncio, dijo que <strong>la suspensi\u00f3n del aumento es a los efectos de que \u201cel esfuerzo que hacen trabajadores y el Estado venga acompa\u00f1ado por una atenci\u00f3n de salud que no castigue las cuentas del trabajador\u201d.<\/strong><\/p>\n\n\n\n<p>De esta forma, <strong>los trabajadores o familias comprendidos en la medida no deber\u00e1n abonar el incremento previsto para el mes de septiembre de 7,18% respecto al valor del Plan de Servicio Vigente al 31 de agosto de 2023, en base a lo informado por las empresas de medicina prepaga.<\/strong><\/p>\n\n\n\n<p><strong>Lo mismo aplicar\u00e1 para los meses siguientes<\/strong>, durante el plazo de 90 d\u00edas, en base al esquema de ajustes previsto en el Decreto 743\/2022 y la Resoluci\u00f3n 2577\/2022 del Ministerio de Salud de la Naci\u00f3n.<\/p>\n\n\n\n<p>El anuncio forma parte de un paquete de medidas lanzado en el marco del Programa de Fortalecimiento de la Actividad Econ\u00f3mica y del Ingreso que incluye sumas fijas no remunerativas a cuenta de futuros incrementos y cr\u00e9ditos para trabajadores, mejoras para monotributistas, aumentos para jubilados, ayuda social, pre financiaci\u00f3n de exportaciones y baja de retenciones para econom\u00edas regionales, entre otras.<\/p>\n\n\n\n<p>A trav\u00e9s de su cuenta en la red social Instagram, durante toda la tarde, <strong>Massa anunci\u00f3 un programa que apunta a mitigar los efectos de la devaluaci\u00f3n y ratific\u00f3 un acuerdo de precios con m\u00e1s de 425 empresas que incluyen 53.000 productos de primera necesidad.<\/strong><\/p>\n\n\n\n<p>Entre otras medidas, el jefe del Palacio de Hacienda dispuso un incremento de salarios no remunerativo, por \u00fanica vez y a cuenta de futuros aumentos en las discusiones paritarias de 60.000 pesos pagaderos en dos cuotas mensuales, para los empleados p\u00fablicos y privados que perciban un ingreso neto menor a los 400.000 pesos mensuales.<\/p>\n","protected":false},"excerpt":{"rendered":"<p>El Gobierno oficializar\u00e1 la medida a trav\u00e9s de un DNU. El Gobierno nacional, a trav\u00e9s de un decreto de necesidad y urgencia (DNU) que se publicar\u00e1 en el Bolet\u00edn Oficial, suspender\u00e1 el aumento de la medicina prepaga durante los pr\u00f3ximos 90 d\u00edas para las familias con ingresos que no superen los 2 millones de pesos&hellip;<\/p>\n","protected":false},"author":1,"featured_media":77872,"comment_status":"open","ping_status":"open","sticky":false,"template":"","format":"standard","meta":{"footnotes":""},"categories":[9],"tags":[1754,2450,2187,1291,4530,125],"class_list":["post-124859","post","type-post","status-publish","format-standard","has-post-thumbnail","hentry","category-economia","tag-aumentos","tag-diario-el-sindical","tag-dnu","tag-familias","tag-prepagas","tag-trabajadores"],"_links":{"self":[{"href":"https:\/\/www.elsindical.com.ar\/notas\/wp-json\/wp\/v2\/posts\/124859","targetHints":{"allow":["GET"]}}],"collection":[{"href":"https:\/\/www.elsindical.com.ar\/notas\/wp-json\/wp\/v2\/posts"}],"about":[{"href":"https:\/\/www.elsindical.com.ar\/notas\/wp-json\/wp\/v2\/types\/post"}],"author":[{"embeddable":true,"href":"https:\/\/www.elsindical.com.ar\/notas\/wp-json\/wp\/v2\/users\/1"}],"replies":[{"embeddable":true,"href":"https:\/\/www.elsindical.com.ar\/notas\/wp-json\/wp\/v2\/comments?post=124859"}],"version-history":[{"count":1,"href":"https:\/\/www.elsindical.com.ar\/notas\/wp-json\/wp\/v2\/posts\/124859\/revisions"}],"predecessor-version":[{"id":124860,"href":"https:\/\/www.elsindical.com.ar\/notas\/wp-json\/wp\/v2\/posts\/124859\/revisions\/124860"}],"wp:featuredmedia":[{"embeddable":true,"href":"https:\/\/www.elsindical.com.ar\/notas\/wp-json\/wp\/v2\/media\/77872"}],"wp:attachment":[{"href":"https:\/\/www.elsindical.com.ar\/notas\/wp-json\/wp\/v2\/media?parent=124859"}],"wp:term":[{"taxonomy":"category","embeddable":true,"href":"https:\/\/www.elsindical.com.ar\/notas\/wp-json\/wp\/v2\/categories?post=124859"},{"taxonomy":"post_tag","embeddable":true,"href":"https:\/\/www.elsindical.com.ar\/notas\/wp-json\/wp\/v2\/tags?post=124859"}],"curies":[{"name":"wp","href":"https:\/\/api.w.org\/{rel}","templated":true}]}}