{"id":124856,"date":"2023-08-28T13:26:09","date_gmt":"2023-08-28T16:26:09","guid":{"rendered":"https:\/\/www.elsindical.com.ar\/notas\/?p=124856"},"modified":"2023-08-28T13:26:12","modified_gmt":"2023-08-28T16:26:12","slug":"lomas-de-zamora-quejas-por-el-cierre-de-una-carrera-en-un-instituto-de-formacion-tecnica","status":"publish","type":"post","link":"https:\/\/www.elsindical.com.ar\/notas\/lomas-de-zamora-quejas-por-el-cierre-de-una-carrera-en-un-instituto-de-formacion-tecnica\/","title":{"rendered":"Lomas de Zamora: quejas por el cierre de una carrera en un instituto de formaci\u00f3n t\u00e9cnica"},"content":{"rendered":"<div class=\"wp-block-image\">\n<figure class=\"aligncenter size-large\"><a href=\"https:\/\/www.elsindical.com.ar\/notas\/var\/www\/html\/notas\/wp-content\/uploads\/2023\/08\/Instituto-formacion-tecnica-LZ.jpg\"><img loading=\"lazy\" decoding=\"async\" width=\"1024\" height=\"576\" src=\"https:\/\/www.elsindical.com.ar\/notas\/var\/www\/html\/notas\/wp-content\/uploads\/2023\/08\/Instituto-formacion-tecnica-LZ-1024x576.jpg\" alt=\"\" class=\"wp-image-124857\" srcset=\"https:\/\/www.elsindical.com.ar\/notas\/var\/www\/html\/notas\/wp-content\/uploads\/2023\/08\/Instituto-formacion-tecnica-LZ-1024x576.jpg 1024w, https:\/\/www.elsindical.com.ar\/notas\/var\/www\/html\/notas\/wp-content\/uploads\/2023\/08\/Instituto-formacion-tecnica-LZ-300x169.jpg 300w, https:\/\/www.elsindical.com.ar\/notas\/var\/www\/html\/notas\/wp-content\/uploads\/2023\/08\/Instituto-formacion-tecnica-LZ-768x432.jpg 768w, https:\/\/www.elsindical.com.ar\/notas\/var\/www\/html\/notas\/wp-content\/uploads\/2023\/08\/Instituto-formacion-tecnica-LZ-500x281.jpg 500w, https:\/\/www.elsindical.com.ar\/notas\/var\/www\/html\/notas\/wp-content\/uploads\/2023\/08\/Instituto-formacion-tecnica-LZ-460x260.jpg 460w, https:\/\/www.elsindical.com.ar\/notas\/var\/www\/html\/notas\/wp-content\/uploads\/2023\/08\/Instituto-formacion-tecnica-LZ.jpg 1200w\" sizes=\"auto, (max-width: 1024px) 100vw, 1024px\" \/><\/a><\/figure>\n<\/div>\n\n\n<p>Alumnos piden que no la cierren y se\u00f1alaron que las autoridades precisaron que la medida se toma por la magra matr\u00edcula.<\/p>\n\n\n\n<p>Estudiantes del <strong>Instituto Superior de Formaci\u00f3n T\u00e9cnica N\u00b0 172 de Lomas de Zamora expresaron sus quejas por el cierre de la carrera de Comunicaci\u00f3n Multimedial<\/strong>. Seg\u00fan advirtieron, la instituci\u00f3n hab\u00eda informado la semana pasada que se cerraba la inscripci\u00f3n para el pr\u00f3ximo a\u00f1o y finalmente, confirmaron el cierre de la carrera.<\/p>\n\n\n\n<p>Seg\u00fan los estudiantes, los coordinadores del instituto les informaron que <strong>la decisi\u00f3n fue tomada por el Ministerio de Educaci\u00f3n debido a que no se cumpl\u00eda el cupo m\u00ednimo de inscriptos, que deber\u00eda ser de 30 alumnos y s\u00f3lo eran 10.<\/strong><\/p>\n\n\n\n<p>Sin embargo, <strong>estudiantes afirman que en las otras carreras del mismo instituto tampoco llega a cumplirse el cupo m\u00ednimo y denuncian que el cierre de su carrera es debido a una \u201cdecisi\u00f3n pol\u00edtica\u201d ya que \u201cno le dieron el reconocimiento debido\u201d<\/strong>.<\/p>\n\n\n\n<p><strong>Debido a la notificaci\u00f3n del cierre de la carrera, alumnos, familiares y docentes expresaron su malestar por medio de las redes sociales y denunciaron que \u201cfueron baneadas, borradas y bloqueadas\u201d.<\/strong><\/p>\n\n\n\n<p><strong>Los estudiantes se\u00f1alaron que ya le daban poca importancia a la carrera, <\/strong>ya que los docentes que dictaban las clases \u201cno eran especializados en comunicaci\u00f3n y las charlas de profesionales que se brindaban como talleres de realizaci\u00f3n de podcast o edici\u00f3n de video, no se difund\u00edan en el instituto (ubicado en <strong>Monse\u00f1or Piaggio 402 de Lomas de Zamora<\/strong>) ni se viralizaban\u201d.<\/p>\n\n\n\n<p><strong>La carrera se abri\u00f3 en 2020 por medio de la resoluci\u00f3n 6179\/03. De acuerdo a estudiantes, \u201chasta el d\u00eda de hoy s\u00f3lo hay tres egresados con el t\u00edtulo en mano<\/strong>\u201c. Las materias se dictaban en el horario nocturno, ya que en el mismo edificio funciona una escuela primaria y una secundaria.<\/p>\n\n\n\n<p>En la pagina oficial del instituto ya no ofrecen la carrera de Comunicaci\u00f3n Multimedial. El pedido de los estudiantes es que no se cierre.<\/p>\n","protected":false},"excerpt":{"rendered":"<p>Alumnos piden que no la cierren y se\u00f1alaron que las autoridades precisaron que la medida se toma por la magra matr\u00edcula. Estudiantes del Instituto Superior de Formaci\u00f3n T\u00e9cnica N\u00b0 172 de Lomas de Zamora expresaron sus quejas por el cierre de la carrera de Comunicaci\u00f3n Multimedial. Seg\u00fan advirtieron, la instituci\u00f3n hab\u00eda informado la semana pasada&hellip;<\/p>\n","protected":false},"author":1,"featured_media":124857,"comment_status":"open","ping_status":"open","sticky":false,"template":"","format":"standard","meta":{"footnotes":""},"categories":[6],"tags":[37565,366,1888,40931,2450,40930],"class_list":["post-124856","post","type-post","status-publish","format-standard","has-post-thumbnail","hentry","category-denuncias","tag-lomas-de-zamora-2","tag-alumnos","tag-carreras","tag-comunicacion-multimedial","tag-diario-el-sindical","tag-instituto-superior-de-formacion-tecnica-172-de-lomas-de-zamora"],"_links":{"self":[{"href":"https:\/\/www.elsindical.com.ar\/notas\/wp-json\/wp\/v2\/posts\/124856","targetHints":{"allow":["GET"]}}],"collection":[{"href":"https:\/\/www.elsindical.com.ar\/notas\/wp-json\/wp\/v2\/posts"}],"about":[{"href":"https:\/\/www.elsindical.com.ar\/notas\/wp-json\/wp\/v2\/types\/post"}],"author":[{"embeddable":true,"href":"https:\/\/www.elsindical.com.ar\/notas\/wp-json\/wp\/v2\/users\/1"}],"replies":[{"embeddable":true,"href":"https:\/\/www.elsindical.com.ar\/notas\/wp-json\/wp\/v2\/comments?post=124856"}],"version-history":[{"count":1,"href":"https:\/\/www.elsindical.com.ar\/notas\/wp-json\/wp\/v2\/posts\/124856\/revisions"}],"predecessor-version":[{"id":124858,"href":"https:\/\/www.elsindical.com.ar\/notas\/wp-json\/wp\/v2\/posts\/124856\/revisions\/124858"}],"wp:featuredmedia":[{"embeddable":true,"href":"https:\/\/www.elsindical.com.ar\/notas\/wp-json\/wp\/v2\/media\/124857"}],"wp:attachment":[{"href":"https:\/\/www.elsindical.com.ar\/notas\/wp-json\/wp\/v2\/media?parent=124856"}],"wp:term":[{"taxonomy":"category","embeddable":true,"href":"https:\/\/www.elsindical.com.ar\/notas\/wp-json\/wp\/v2\/categories?post=124856"},{"taxonomy":"post_tag","embeddable":true,"href":"https:\/\/www.elsindical.com.ar\/notas\/wp-json\/wp\/v2\/tags?post=124856"}],"curies":[{"name":"wp","href":"https:\/\/api.w.org\/{rel}","templated":true}]}}