{"id":124835,"date":"2023-08-27T00:54:11","date_gmt":"2023-08-27T03:54:11","guid":{"rendered":"https:\/\/www.elsindical.com.ar\/notas\/?p=124835"},"modified":"2023-08-27T00:54:12","modified_gmt":"2023-08-27T03:54:12","slug":"comienza-el-juicio-por-la-muerte-de-sandra-y-ruben","status":"publish","type":"post","link":"https:\/\/www.elsindical.com.ar\/notas\/comienza-el-juicio-por-la-muerte-de-sandra-y-ruben\/","title":{"rendered":"Comienza el juicio por la muerte de Sandra y Rub\u00e9n"},"content":{"rendered":"<div class=\"wp-block-image\">\n<figure class=\"aligncenter size-full\"><a href=\"https:\/\/www.elsindical.com.ar\/notas\/var\/www\/html\/notas\/wp-content\/uploads\/2023\/08\/Sandra-y-Ruben.jpg\"><img loading=\"lazy\" decoding=\"async\" width=\"1024\" height=\"576\" src=\"https:\/\/www.elsindical.com.ar\/notas\/var\/www\/html\/notas\/wp-content\/uploads\/2023\/08\/Sandra-y-Ruben.jpg\" alt=\"\" class=\"wp-image-124836\" srcset=\"https:\/\/www.elsindical.com.ar\/notas\/var\/www\/html\/notas\/wp-content\/uploads\/2023\/08\/Sandra-y-Ruben.jpg 1024w, https:\/\/www.elsindical.com.ar\/notas\/var\/www\/html\/notas\/wp-content\/uploads\/2023\/08\/Sandra-y-Ruben-300x169.jpg 300w, https:\/\/www.elsindical.com.ar\/notas\/var\/www\/html\/notas\/wp-content\/uploads\/2023\/08\/Sandra-y-Ruben-768x432.jpg 768w, https:\/\/www.elsindical.com.ar\/notas\/var\/www\/html\/notas\/wp-content\/uploads\/2023\/08\/Sandra-y-Ruben-500x281.jpg 500w, https:\/\/www.elsindical.com.ar\/notas\/var\/www\/html\/notas\/wp-content\/uploads\/2023\/08\/Sandra-y-Ruben-460x260.jpg 460w\" sizes=\"auto, (max-width: 1024px) 100vw, 1024px\" \/><\/a><\/figure>\n<\/div>\n\n\n<p class=\"wp-block-paragraph\">Se trata de los trabajadores de la educaci\u00f3n que murieron en la explosi\u00f3n de la escuela en 2018, en Moreno.<\/p>\n\n\n\n<p class=\"wp-block-paragraph\"><strong>El juicio por la muerte de Sandra y Rub\u00e9n, la vicedirectora y el auxiliar de una escuela primaria de Moreno que fallecieron en 2018 como consecuencia de una explosi\u00f3n de gas dentro del edificio, que ocurri\u00f3 25 minutos antes del ingreso de los alumnos, comenzar\u00e1 el lunes <\/strong>en los tribunales de Mercedes con tres acusados.<\/p>\n\n\n\n<p class=\"wp-block-paragraph\"><strong>En el banquillo estar\u00e1n el gasista Cristian Ricobene -quien est\u00e1 imputado por \u201chomicidio culposo agravado en concurso real con defraudaci\u00f3n en perjuicio de la administraci\u00f3n p\u00fablica\u201d -, el interventor del Consejo Escolar Sebasti\u00e1n Nasif y los consejeros M\u00f3nica Berzoni y Jorge Galian, que responden por incumplimiento de los deberes de funcionario publico.<\/strong><\/p>\n\n\n\n<p class=\"wp-block-paragraph\">El 2 de agosto de 2018 a las 8.06 una p\u00e9rdida de gas en la Escuela Primaria N\u00b049 \u201cNicol\u00e1s Avellaneda\u201d de Moreno produjo una explosi\u00f3n que le cost\u00f3 la vida a <strong>la vicedirectora Sandra Calamano y al auxiliar Rub\u00e9n Rodr\u00edguez<\/strong> en momentos en que estaban preparando el desayuno para los alumnos que ten\u00edan que ingresar 25 minutos despu\u00e9s.<\/p>\n\n\n\n<p class=\"wp-block-paragraph\">\u201cRecuerdo que ese d\u00eda me despert\u00e9 y \u00e9l me pregunt\u00f3 qu\u00e9 iba a desayunar. Recuerdo haberle dicho \u2018pap\u00e1 no vayas a trabajar\u2019 pero \u00e9l me dijo que no pod\u00eda faltar porque ten\u00eda que ir a prepararle el desayuno a los chicos, as\u00ed como yo deb\u00eda ir a mi escuela\u201d, cont\u00f3 Maia Rodr\u00edguez, la hija de 17 a\u00f1os de Rub\u00e9n el pasado 2 de agosto con motivo del quinto aniversario de la \u201ctragedia de Moreno\u201d.<\/p>\n\n\n\n<p class=\"wp-block-paragraph\">Poco tiempo despu\u00e9s le tocar\u00eda afrontar una de las noticias m\u00e1s duras porque \u201chab\u00eda perdido para siempre a una de las personas m\u00e1s importantes\u201d de su vida en un hecho que las familias consideran otro caso de \u201casesinato laboral\u201d. <strong>\u201cHace 5 a\u00f1os que perd\u00ed a mi pap\u00e1 Rub\u00e9n Orlando Rodr\u00edguez, hace 5 a\u00f1os que una parte de m\u00ed se siente vac\u00eda, hace 5 a\u00f1os que seguimos pidiendo justicia por Sandra y Rub\u00e9n\u201d<\/strong>, concluy\u00f3 Maia.<\/p>\n\n\n\n<p class=\"wp-block-paragraph\">Junto a los familiares de Sandra Calamano, los Rodr\u00edguez participar\u00e1n como particular damnificados del debate oral que comenzar\u00e1 el 28 de agosto a las 10 en el Tribunal Oral Criminal N\u00b04 de Mercedes encabezado por los jueces Patricia Viviana Guerrieri, Fabi\u00e1n Fernando Brahim y Claudia Esquivel.<\/p>\n\n\n\n<p class=\"wp-block-paragraph\">Los familiares de las v\u00edctimas <strong>lamentaron que hayan quedado afuera del expediente los \u201cresponsables pol\u00edticos\u201d de la tragedia, grupo en el que incluyen al exdirector provincial de consejos escolares Marcelo Di Mario, al exdirector general de Cultura y Educaci\u00f3n de la provincia de Buenos Aires Gabriel S\u00e1nchez Zinny, a la exgobernadora Mar\u00eda Eugenia Vidal y al exministro de Educaci\u00f3n de la Naci\u00f3n Alejandro Finocchiaro.<\/strong><\/p>\n\n\n\n<p class=\"wp-block-paragraph\">\u201cM\u00e1s all\u00e1 de quienes est\u00e1n imputados, vamos a ir por los funcionarios porque ellos fueron los que abandonaron a esta escuela a pesar de los \u2018Carpetazos Educativos\u2019 previos realizados por el Frente de Unidad Docente Bonaerense, donde se reclamaba por los problemas de infraestructura y se denunciaban los incumplimientos del Estado\u201d, dijo a T\u00e9lam Rosa Merlo, abogada de las familias de Sandra y Rub\u00e9n.<\/p>\n\n\n\n<p class=\"wp-block-paragraph\"><strong>El 31 de mayo de 2018, dos meses antes de la tragedia de Moreno, el Frente que conforman Suteba y otros cuatro gremios hab\u00eda realizado una manifestaci\u00f3n denominada \u201cCarpetazo Educativo\u201d ante la Direcci\u00f3n General de Cultura y Educaci\u00f3n, que concluy\u00f3 con la entrega de carpetas que relevaban deficiencias en diversos temas. Una de las Escuelas que figuraba por problemas de infraestructura era la N\u00ba 49 de Moreno.<\/strong><\/p>\n\n\n\n<p class=\"wp-block-paragraph\">Por otro lado, <strong>desde ese establecimiento hab\u00edan notificado al Consejo Escolar sobre el persistente olor a gas al menos cinco veces desde principios del ciclo lectivo 2018 y el d\u00eda anterior hab\u00eda estado en el establecimiento el gasista imputado para arreglar la fuga<\/strong>, enviado por las autoridades provinciales.<\/p>\n\n\n\n<p class=\"wp-block-paragraph\">Para Diego Rodr\u00edguez, uno de los hermanos de Rub\u00e9n, el primog\u00e9nito de la familia falleci\u00f3 por un \u201casesinato laboral\u201d porque \u201cSandra y Rub\u00e9n se levantaron ese d\u00eda como todos los d\u00edas para ir a trabajar\u201d y fue cumpliendo sus responsabilidades diarias que encontraron la muerte, porque las autoridades provinciales \u201cno hicieron lo que deber\u00edan hacer\u201d para que fuera un lugar seguro.<\/p>\n\n\n\n<p class=\"wp-block-paragraph\">\u201cAquel d\u00eda Rub\u00e9n dej\u00f3 de ir a una actividad que ten\u00eda en el gremio para no dejar sola a Sandra abriendo la escuela y sirviendo el mate cocido a los chicos. Mi hermano hac\u00eda 25 a\u00f1os que trabajaba cocinando y haciendo tareas de mantenimiento en la escuela, pero adem\u00e1s daba clases de carpinter\u00eda en el Centro de Formaci\u00f3n Profesional 403 en la CTA\u201d, cont\u00f3.<\/p>\n\n\n\n<p class=\"wp-block-paragraph\"><strong>El juicio se extender\u00e1 hasta el 22 de septiembre y habr\u00e1 audiencias todos los lunes, mi\u00e9rcoles y viernes. Est\u00e1 previsto que el veredicto se conozca reci\u00e9n en octubre.<\/strong><\/p>\n\n\n<div class=\"wp-block-image\">\n<figure class=\"aligncenter size-full\"><a href=\"https:\/\/www.elsindical.com.ar\/notas\/var\/www\/html\/notas\/wp-content\/uploads\/2023\/08\/justicia-por-Sandra-y-Ruben.jpg\"><img loading=\"lazy\" decoding=\"async\" width=\"1024\" height=\"576\" src=\"https:\/\/www.elsindical.com.ar\/notas\/var\/www\/html\/notas\/wp-content\/uploads\/2023\/08\/justicia-por-Sandra-y-Ruben.jpg\" alt=\"\" class=\"wp-image-124837\" srcset=\"https:\/\/www.elsindical.com.ar\/notas\/var\/www\/html\/notas\/wp-content\/uploads\/2023\/08\/justicia-por-Sandra-y-Ruben.jpg 1024w, https:\/\/www.elsindical.com.ar\/notas\/var\/www\/html\/notas\/wp-content\/uploads\/2023\/08\/justicia-por-Sandra-y-Ruben-300x169.jpg 300w, https:\/\/www.elsindical.com.ar\/notas\/var\/www\/html\/notas\/wp-content\/uploads\/2023\/08\/justicia-por-Sandra-y-Ruben-768x432.jpg 768w, https:\/\/www.elsindical.com.ar\/notas\/var\/www\/html\/notas\/wp-content\/uploads\/2023\/08\/justicia-por-Sandra-y-Ruben-500x281.jpg 500w, https:\/\/www.elsindical.com.ar\/notas\/var\/www\/html\/notas\/wp-content\/uploads\/2023\/08\/justicia-por-Sandra-y-Ruben-460x260.jpg 460w\" sizes=\"auto, (max-width: 1024px) 100vw, 1024px\" \/><\/a><\/figure>\n<\/div>","protected":false},"excerpt":{"rendered":"<p>Se trata de los trabajadores de la educaci\u00f3n que murieron en la explosi\u00f3n de la escuela en 2018, en Moreno. El juicio por la muerte de Sandra y Rub\u00e9n, la vicedirectora y el auxiliar de una escuela primaria de Moreno que fallecieron en 2018 como consecuencia de una explosi\u00f3n de gas dentro del edificio, que&hellip;<\/p>\n","protected":false},"author":1,"featured_media":124836,"comment_status":"open","ping_status":"open","sticky":false,"template":"","format":"standard","meta":{"footnotes":""},"categories":[20],"tags":[40920,2450,40922,516,2203,40921,18433,40919],"class_list":["post-124835","post","type-post","status-publish","format-standard","has-post-thumbnail","hentry","category-judiciales","tag-cristian-ricobene","tag-diario-el-sindical","tag-jorge-galian","tag-juicio-oral","tag-mercedes","tag-monica-berzoni","tag-ruben-rodriguez","tag-sandra-calamano"],"_links":{"self":[{"href":"https:\/\/www.elsindical.com.ar\/notas\/wp-json\/wp\/v2\/posts\/124835","targetHints":{"allow":["GET"]}}],"collection":[{"href":"https:\/\/www.elsindical.com.ar\/notas\/wp-json\/wp\/v2\/posts"}],"about":[{"href":"https:\/\/www.elsindical.com.ar\/notas\/wp-json\/wp\/v2\/types\/post"}],"author":[{"embeddable":true,"href":"https:\/\/www.elsindical.com.ar\/notas\/wp-json\/wp\/v2\/users\/1"}],"replies":[{"embeddable":true,"href":"https:\/\/www.elsindical.com.ar\/notas\/wp-json\/wp\/v2\/comments?post=124835"}],"version-history":[{"count":1,"href":"https:\/\/www.elsindical.com.ar\/notas\/wp-json\/wp\/v2\/posts\/124835\/revisions"}],"predecessor-version":[{"id":124838,"href":"https:\/\/www.elsindical.com.ar\/notas\/wp-json\/wp\/v2\/posts\/124835\/revisions\/124838"}],"wp:featuredmedia":[{"embeddable":true,"href":"https:\/\/www.elsindical.com.ar\/notas\/wp-json\/wp\/v2\/media\/124836"}],"wp:attachment":[{"href":"https:\/\/www.elsindical.com.ar\/notas\/wp-json\/wp\/v2\/media?parent=124835"}],"wp:term":[{"taxonomy":"category","embeddable":true,"href":"https:\/\/www.elsindical.com.ar\/notas\/wp-json\/wp\/v2\/categories?post=124835"},{"taxonomy":"post_tag","embeddable":true,"href":"https:\/\/www.elsindical.com.ar\/notas\/wp-json\/wp\/v2\/tags?post=124835"}],"curies":[{"name":"wp","href":"https:\/\/api.w.org\/{rel}","templated":true}]}}