{"id":124765,"date":"2023-08-22T16:08:24","date_gmt":"2023-08-22T19:08:24","guid":{"rendered":"https:\/\/www.elsindical.com.ar\/notas\/?p=124765"},"modified":"2023-08-22T16:08:25","modified_gmt":"2023-08-22T19:08:25","slug":"el-particular-damnificado-solicito-la-declaracion-de-charlotte-caniggia-en-la-investigacion-del-homicidio-de-perez-algaba","status":"publish","type":"post","link":"https:\/\/www.elsindical.com.ar\/notas\/el-particular-damnificado-solicito-la-declaracion-de-charlotte-caniggia-en-la-investigacion-del-homicidio-de-perez-algaba\/","title":{"rendered":"El particular damnificado solicit\u00f3 la declaraci\u00f3n de Charlotte Caniggia en la investigaci\u00f3n del homicidio de P\u00e9rez Algaba"},"content":{"rendered":"\n<figure class=\"wp-block-image size-full\"><a href=\"https:\/\/www.elsindical.com.ar\/notas\/var\/www\/html\/notas\/wp-content\/uploads\/2023\/08\/Lechuga-y-Charlotte.jpg\"><img loading=\"lazy\" decoding=\"async\" width=\"826\" height=\"447\" src=\"https:\/\/www.elsindical.com.ar\/notas\/var\/www\/html\/notas\/wp-content\/uploads\/2023\/08\/Lechuga-y-Charlotte.jpg\" alt=\"\" class=\"wp-image-124766\" srcset=\"https:\/\/www.elsindical.com.ar\/notas\/var\/www\/html\/notas\/wp-content\/uploads\/2023\/08\/Lechuga-y-Charlotte.jpg 826w, https:\/\/www.elsindical.com.ar\/notas\/var\/www\/html\/notas\/wp-content\/uploads\/2023\/08\/Lechuga-y-Charlotte-300x162.jpg 300w, https:\/\/www.elsindical.com.ar\/notas\/var\/www\/html\/notas\/wp-content\/uploads\/2023\/08\/Lechuga-y-Charlotte-768x416.jpg 768w, https:\/\/www.elsindical.com.ar\/notas\/var\/www\/html\/notas\/wp-content\/uploads\/2023\/08\/Lechuga-y-Charlotte-500x271.jpg 500w\" sizes=\"auto, (max-width: 826px) 100vw, 826px\" \/><\/a><\/figure>\n\n\n\n<p class=\"wp-block-paragraph\">El abogado de la familia de Fernando P\u00e9rez Algaba, el empresario hallado descuartizado hace casi un mes en el interior de una valija en un arroyo de la localidad bonaerense de Ingeniero Budge, en el partido de Lomas de Zamora, solicit\u00f3 que sea llamada a declarar la medi\u00e1tica Charlotte Caniggia luego de que uno de los imputados mencionara que le hab\u00eda prestado a la v\u00edctima un departamento para que realizara operaciones burs\u00e1tiles.<\/p>\n\n\n\n<p class=\"wp-block-paragraph\"><strong>El letrado Javier Ba\u00f1os, representante de Rodolfo P\u00e9rez Algaba, hermano de \u00abLechuga\u00bb, solicit\u00f3 hoy al fiscal Marcelo Dom\u00ednguez, de la Unidad Funcional de Instrucci\u00f3n (UFI) 5 de Lomas de Zamora, que cite a declarar a la hija del exfutbolista Claudio Paul Caniggia y de Mariana Nannis.<\/strong><\/p>\n\n\n\n<p class=\"wp-block-paragraph\">Fuentes judiciales confiaron a T\u00e9lam que el pedido del particular damnificado se debe a que el comisario Horacio Mariano C\u00f3rdoba (48), uno de los ocho detenidos por el crimen del empresario, la mencion\u00f3 en su declaraci\u00f3n indagatoria.<\/p>\n\n\n\n<p class=\"wp-block-paragraph\">C\u00f3rdoba indic\u00f3 que conoc\u00eda a P\u00e9rez Algaba porque le hab\u00eda entregado 3.000 d\u00f3lares para una inversi\u00f3n en criptomonedas, por la que \u00abLechuga\u00bb prometi\u00f3 devolverle un inter\u00e9s mensual, algo que nunca ocurri\u00f3.<\/p>\n\n\n\n<p class=\"wp-block-paragraph\">En su indagatoria, el comisario de la Polic\u00eda de la Ciudad sostuvo que el empresario lo cit\u00f3 en una oficina de Puerto Madero, \u00abmuy ostentosa, donde hab\u00eda muchas computadoras, con chicos haciendo \u2018trading&#8217;\u00bb, que seg\u00fan dichos de la propia v\u00edctima \u00abse la hab\u00eda prestado Charlotte Caniggia\u00bb, conocida medi\u00e1ticamente por haber participado en distintos programas de televisi\u00f3n.<\/p>\n\n\n\n<p class=\"wp-block-paragraph\">El imputado indic\u00f3 tambi\u00e9n que le hab\u00eda llamado la atenci\u00f3n \u00abla cantidad de personas que estaban trabajando\u00bb en el lugar y consign\u00f3 que P\u00e9rez Algaba le confi\u00f3 que \u00ababrir\u00eda nuevas oficinas\u00bb.<\/p>\n\n\n\n<p class=\"wp-block-paragraph\">En su escrito, al que tuvo acceso T\u00e9lam, Ba\u00f1os solicit\u00f3 que \u00abse llame a prestar declaraci\u00f3n testimonial a Charlotte Caniggia (30), para que manifieste si conoc\u00eda a Fernando P\u00e9rez Algaba, qu\u00e9 relaci\u00f3n la un\u00eda y aporte toda la informaci\u00f3n necesaria respecto del departamento que facilitaba para las operaciones comerciales de la v\u00edctima\u00bb.<\/p>\n\n\n\n<p class=\"wp-block-paragraph\">D\u00edas atr\u00e1s, tras conocerse la declaraci\u00f3n de C\u00f3rdoba, Alejandro Cipolla, abogado de la hija del \u00abP\u00e1jaro\u00bb Caniggia, neg\u00f3 en una publicaci\u00f3n en su red social de Instagram la vinculaci\u00f3n de la joven con el empresario asesinado y descuartizado.<\/p>\n\n\n\n<p class=\"wp-block-paragraph\">\u00abSe niega cualquier tipo de vinculaci\u00f3n por parte de la Sra. Charlotte Caniggia con el Sr. P\u00e9rez Algaba. La misma no lo conoc\u00eda, por lo que es falso cualquier tipo de cercan\u00eda. Se van a iniciar acciones legales contra cualquier individuo que ensucie el buen nombre y honor de Charlotte Caniggia\u00bb, indic\u00f3 el letrado.<\/p>\n\n\n\n<p class=\"wp-block-paragraph\">Cipolla a\u00f1adi\u00f3 que \u00abla sola menci\u00f3n por parte de la prensa o en la investigaci\u00f3n es a efectos de alimentar el circo medi\u00e1tico que gira en torno a este expediente\u00bb.<\/p>\n\n\n\n<p class=\"wp-block-paragraph\">En tanto, un vocero judicial confirm\u00f3 a T\u00e9lam que el fiscal Dom\u00ednguez a\u00fan no se expidi\u00f3 sobre el pedido realizado por el particular damnificado.<\/p>\n\n\n\n<p class=\"wp-block-paragraph\">Adem\u00e1s, Ba\u00f1os tambi\u00e9n pidi\u00f3 que la Polic\u00eda de la Ciudad, a trav\u00e9s de Ministerio de Justicia y Seguridad porte\u00f1o, \u00abhaga entrega de todos los elementos que eran utilizados por el comisario C\u00f3rdoba, se proceda a su secuestro y se los someta a peritajes\u00bb.<\/p>\n\n\n\n<p class=\"wp-block-paragraph\">Para el abogado, el comisario, que se desempe\u00f1aba como titular del \u00e1rea de Sistemas Inform\u00e1ticos de la Subsecretar\u00eda de Tecnolog\u00eda del Ministerio de Justicia y Seguridad de la Ciudad, utiliz\u00f3 todos los recursos del organismo \u00abpara planificar y cometer el homicidio, como as\u00ed tambi\u00e9n para lograr su impunidad\u00bb.<\/p>\n\n\n\n<p class=\"wp-block-paragraph\"><strong>\u00abLa experiencia del comisario C\u00f3rdoba en la prevenci\u00f3n y represi\u00f3n de delitos y la disposici\u00f3n de recursos otorgados por el Gobierno de la Ciudad de Buenos Aires para el cumplimiento de sus deberes; la comprobaci\u00f3n de la utilizaci\u00f3n del tel\u00e9fono celular propiedad de la Polic\u00eda de la Ciudad, son indicios suficientes de creer que en aquellos elementos devueltos a la polic\u00eda pueda haber informaci\u00f3n relevante para el caso\u00bb, argument\u00f3 el letrado en su pedido.<\/strong><\/p>\n\n\n\n<p class=\"wp-block-paragraph\">Seg\u00fan la investigaci\u00f3n judicial, el comisario est\u00e1 se\u00f1alado como quien le facilit\u00f3 a Maximiliano Pilepich -el principal sospechoso del crimen de \u00abLechuga\u00bb-, el n\u00famero de tel\u00e9fono a nombre del Ministerio de Justicia y Seguridad porte\u00f1o que se cree que utiliz\u00f3 en las horas previas y posteriores al homicidio para comunicarse con sus c\u00f3mplices.<\/p>\n\n\n\n<p class=\"wp-block-paragraph\">Por otra parte, el fiscal aguarda los resultados de las pericias realizadas a la camioneta Mercedes Benz G500 que fue utilizada por Pilepich el d\u00eda del crimen y la madrugada posterior.<\/p>\n\n\n\n<p class=\"wp-block-paragraph\">Esa camioneta se vio en las distintas filmaciones de las c\u00e1maras de seguridad transitar por la zona oeste, por lo que ahora ser\u00e1 peritada en busca de rastros de la v\u00edctima luego de ser entregada el pasado viernes a la sede de la Delegaci\u00f3n Departamental de Investigaciones (DDI) de Lomas de Zamora.<\/p>\n\n\n\n<p class=\"wp-block-paragraph\">Por el delito de \u00abhomicidio cu\u00e1druplemente calificado por el uso de arma, alevos\u00eda, codicia y por el concurso premeditado de dos o m\u00e1s personas\u00bb, se encuentran detenidos Pilepich, C\u00f3rdoba, Nahuel Vargas, Luis Contrera, Mat\u00edas Gil, Fernando Gast\u00f3n Mart\u00edn Carrizo y Flavia Lorena Bomrad, mientras que por \u00abencubrimiento agravado\u00bb est\u00e1 presa Blanca Gladys Cristaldo.<\/p>\n\n\n\n<p class=\"wp-block-paragraph\">Quien qued\u00f3 en libertad, pero a\u00fan sometida al proceso, es Alma Nicol Chamorro, quien fue la primera persona apresada por el hecho.<\/p>\n\n\n\n<p class=\"wp-block-paragraph\">La semana pasada, hubo dos declaraciones indagatorias clave en el expediente.<\/p>\n\n\n\n<p class=\"wp-block-paragraph\">Por un lado, Vargas cont\u00f3 que Pilepich fue quien ejecut\u00f3 de dos disparos a \u00abLechuga\u00bb mientras cambiaba lamparitas en la oficina del predio \u00abRenacer\u00bb, y otro de los acusados, Contrera, le dijo al fiscal que Pilepich y Vargas llegaron a su casa de Ingeniero Budge con el cad\u00e1ver ya descuartizado y embolsado de la v\u00edctima.<\/p>\n\n\n\n<p class=\"wp-block-paragraph\">Para el Ministerio P\u00fablico, el crimen del empresario P\u00e9rez Algaba fue cometido por una deuda de 50.000 d\u00f3lares y 17 terrenos que el imputado Pilepich deb\u00eda entregarle a la v\u00edctima, quien, con el fin de cobrarla, fue la tarde del 18 de julio hasta el predio \u00abRenacer\u00bb de General Rodr\u00edguez a encontrarse con \u00e9l.<\/p>\n\n\n\n<p class=\"wp-block-paragraph\">Camino a ese campo, donde se cree pudo ser capturado y asesinado, \u00abLechuga\u00bb reconoci\u00f3 en un mensaje de audio que tem\u00eda por su vida ante la posibilidad de ser baleado, seg\u00fan las pruebas aludidas por el fiscal.<\/p>\n\n\n\n<p class=\"wp-block-paragraph\"><strong>El fiscal consider\u00f3 que, m\u00e1s all\u00e1 de sus negocios en com\u00fan, entre Pilepich y P\u00e9rez Algaba exist\u00eda \u00abuna relaci\u00f3n de amores y odio, en la que se advierte y se puede afirmar la existencia de discusiones peleas y amenazas que se efectuaban entre ambos\u00bb.<\/strong><\/p>\n\n\n\n<p class=\"wp-block-paragraph\">P\u00e9rez Algaba fue visto por \u00faltima vez la tarde del 18 de julio cuando a bordo de una camioneta Range Rover blanca que le hab\u00eda prestado Pilepich se dirigi\u00f3 junto a Vargas al predio \u00abRenacer\u00bb a cobrar esa deuda.<\/p>\n\n\n\n<p class=\"wp-block-paragraph\">La desaparici\u00f3n del \u00abLechuga\u00bb fue denunciada al d\u00eda siguiente por la due\u00f1a de un departamento que la v\u00edctima hab\u00eda alquilado de manera temporal en el partido de Ituzaing\u00f3, quien, al no tener noticias suyas, se present\u00f3 en una comisar\u00eda para radicar un pedido de averiguaci\u00f3n de paradero.<\/p>\n","protected":false},"excerpt":{"rendered":"<p>El abogado de la familia de Fernando P\u00e9rez Algaba, el empresario hallado descuartizado hace casi un mes en el interior de una valija en un arroyo de la localidad bonaerense de Ingeniero Budge, en el partido de Lomas de Zamora, solicit\u00f3 que sea llamada a declarar la medi\u00e1tica Charlotte Caniggia luego de que uno de&hellip;<\/p>\n","protected":false},"author":1,"featured_media":124766,"comment_status":"open","ping_status":"open","sticky":false,"template":"","format":"standard","meta":{"footnotes":""},"categories":[20],"tags":[40895,2574,2450,40728,22024,40896,40719],"class_list":["post-124765","post","type-post","status-publish","format-standard","has-post-thumbnail","hentry","category-judiciales","tag-charlotte-caniggia","tag-declaracion","tag-diario-el-sindical","tag-fernando-alejandro-perez-algaba","tag-investigacion","tag-javier-banos","tag-ufi-5-lomas-de-zamora"],"_links":{"self":[{"href":"https:\/\/www.elsindical.com.ar\/notas\/wp-json\/wp\/v2\/posts\/124765","targetHints":{"allow":["GET"]}}],"collection":[{"href":"https:\/\/www.elsindical.com.ar\/notas\/wp-json\/wp\/v2\/posts"}],"about":[{"href":"https:\/\/www.elsindical.com.ar\/notas\/wp-json\/wp\/v2\/types\/post"}],"author":[{"embeddable":true,"href":"https:\/\/www.elsindical.com.ar\/notas\/wp-json\/wp\/v2\/users\/1"}],"replies":[{"embeddable":true,"href":"https:\/\/www.elsindical.com.ar\/notas\/wp-json\/wp\/v2\/comments?post=124765"}],"version-history":[{"count":1,"href":"https:\/\/www.elsindical.com.ar\/notas\/wp-json\/wp\/v2\/posts\/124765\/revisions"}],"predecessor-version":[{"id":124767,"href":"https:\/\/www.elsindical.com.ar\/notas\/wp-json\/wp\/v2\/posts\/124765\/revisions\/124767"}],"wp:featuredmedia":[{"embeddable":true,"href":"https:\/\/www.elsindical.com.ar\/notas\/wp-json\/wp\/v2\/media\/124766"}],"wp:attachment":[{"href":"https:\/\/www.elsindical.com.ar\/notas\/wp-json\/wp\/v2\/media?parent=124765"}],"wp:term":[{"taxonomy":"category","embeddable":true,"href":"https:\/\/www.elsindical.com.ar\/notas\/wp-json\/wp\/v2\/categories?post=124765"},{"taxonomy":"post_tag","embeddable":true,"href":"https:\/\/www.elsindical.com.ar\/notas\/wp-json\/wp\/v2\/tags?post=124765"}],"curies":[{"name":"wp","href":"https:\/\/api.w.org\/{rel}","templated":true}]}}