{"id":124747,"date":"2023-08-21T12:39:18","date_gmt":"2023-08-21T15:39:18","guid":{"rendered":"https:\/\/www.elsindical.com.ar\/notas\/?p=124747"},"modified":"2023-08-21T12:39:19","modified_gmt":"2023-08-21T15:39:19","slug":"empezaron-una-campana-en-redes-para-que-l-gante-sea-liberado-no-es-un-delincuente","status":"publish","type":"post","link":"https:\/\/www.elsindical.com.ar\/notas\/empezaron-una-campana-en-redes-para-que-l-gante-sea-liberado-no-es-un-delincuente\/","title":{"rendered":"Empezaron una campa\u00f1a en redes para que L-Gante sea liberado: \u00abNo es un delincuente\u00bb"},"content":{"rendered":"<div class=\"wp-block-image\">\n<figure class=\"aligncenter size-large\"><a href=\"https:\/\/www.elsindical.com.ar\/notas\/var\/www\/html\/notas\/wp-content\/uploads\/2023\/08\/Libertad-para-L-Gante.jpg\"><img loading=\"lazy\" decoding=\"async\" width=\"1024\" height=\"551\" src=\"https:\/\/www.elsindical.com.ar\/notas\/var\/www\/html\/notas\/wp-content\/uploads\/2023\/08\/Libertad-para-L-Gante-1024x551.jpg\" alt=\"\" class=\"wp-image-124749\" srcset=\"https:\/\/www.elsindical.com.ar\/notas\/var\/www\/html\/notas\/wp-content\/uploads\/2023\/08\/Libertad-para-L-Gante-1024x551.jpg 1024w, https:\/\/www.elsindical.com.ar\/notas\/var\/www\/html\/notas\/wp-content\/uploads\/2023\/08\/Libertad-para-L-Gante-300x161.jpg 300w, https:\/\/www.elsindical.com.ar\/notas\/var\/www\/html\/notas\/wp-content\/uploads\/2023\/08\/Libertad-para-L-Gante-768x413.jpg 768w, https:\/\/www.elsindical.com.ar\/notas\/var\/www\/html\/notas\/wp-content\/uploads\/2023\/08\/Libertad-para-L-Gante-500x269.jpg 500w, https:\/\/www.elsindical.com.ar\/notas\/var\/www\/html\/notas\/wp-content\/uploads\/2023\/08\/Libertad-para-L-Gante.jpg 1170w\" sizes=\"auto, (max-width: 1024px) 100vw, 1024px\" \/><\/a><\/figure>\n<\/div>\n\n\n<p>El cantante de cumbia contin\u00faa preso en la DDI de Quilmes por privaci\u00f3n ileg\u00edtima de la libertad y amenazas y encubrimiento agravado.<\/p>\n\n\n\n<p>L-Gante se encuentra <strong>detenido<\/strong> hace<strong> m\u00e1s de dos meses<\/strong> en la DDI de Quilmes por una causa de <strong>privaci\u00f3n ileg\u00edtima de la libertad y amenazas<\/strong>, a la que se le agreg\u00f3 otra por <strong>encubrimiento agravado<\/strong>.<\/p>\n\n\n\n<p>A pesar de que los abogados del cantante pidieron la <strong>excarcelaci\u00f3n extraordinaria<\/strong>, la cual fue declarada admisible por la C\u00e1mara de apelaciones de Mercedes, Eli\u00e1n \u00c1ngel Valenzuela sigue tras las rejas y a la espera de nuevas noticias.<\/p>\n\n\n\n<p>En ese contexto, su m\u00e1nager, <strong>Maxi El Brother<\/strong>, empez\u00f3 una <strong>campa\u00f1a<\/strong> en redes sociales <strong>exigiendo la libertad<\/strong> del cantante de cumbia. La iniciativa tiene como consigna <strong>compartir una foto<\/strong> de L-Gante con <strong>algunos de sus temas<\/strong>, apoyando y visibilizando lo que sucede.<\/p>\n\n\n\n<p>\u00ab<strong>No tiene antecedentes<\/strong>, no es un delincuente, no hay pruebas, no hay delito, hay testigos, hay videos, hay supuestas v\u00edctimas diciendo la verdad de los hechos como sucedi\u00f3 y no como dicen los abogados querellantes y quieren imponer en los medios, <strong>muchas mentiras, irregularidades y exageraciones<\/strong>, tratando de demonizar un g\u00e9nero musical por su origen y por sus expresiones culturales\u00bb, dice la publicaci\u00f3n de Instagram.<\/p>\n\n\n\n<p>\u201cEste estilo de m\u00fasica <strong>saca pibes de la calle<\/strong>, hay un mensaje de superaci\u00f3n en lo cotidiano y expresa una realidad de los barrios en sus letras, <strong>da trabajo <\/strong>a muchas familias, mueve la econom\u00eda, etc. Todos sabemos lo que est\u00e1 pasando. Libertad para L-Gante\u201d, agrega.<\/p>\n\n\n\n<h2 class=\"wp-block-heading\">El mensaje de L-Gante desde la c\u00e1rcel<\/h2>\n\n\n\n<p>Tiempo atr\u00e1s, compartieron una historia de Instagram mediante el perfil oficial de L-Gante que dec\u00eda: <strong>\u00abLos veo en breve y con mucha m\u00fasica<\/strong>. Los quiero\u00bb, un mensaje que ilusion\u00f3 a sus fans, quienes lo tomaron como indicio de que podr\u00eda estar muy cerca de abandonar la prisi\u00f3n.<\/p>\n\n\n\n<p>La foto que acompa\u00f1a al texto es vieja y se lo ve al cumbiero de espaldas, con una frase que dice \u00abmensaje de Eli\u00e1n\u00bb.<\/p>\n\n\n<div class=\"wp-block-image\">\n<figure class=\"aligncenter size-large\"><a href=\"https:\/\/www.elsindical.com.ar\/notas\/var\/www\/html\/notas\/wp-content\/uploads\/2023\/08\/mensaje-de-L-Gante.jpg\"><img loading=\"lazy\" decoding=\"async\" width=\"576\" height=\"1024\" src=\"https:\/\/www.elsindical.com.ar\/notas\/var\/www\/html\/notas\/wp-content\/uploads\/2023\/08\/mensaje-de-L-Gante-576x1024.jpg\" alt=\"\" class=\"wp-image-124748\" srcset=\"https:\/\/www.elsindical.com.ar\/notas\/var\/www\/html\/notas\/wp-content\/uploads\/2023\/08\/mensaje-de-L-Gante-576x1024.jpg 576w, https:\/\/www.elsindical.com.ar\/notas\/var\/www\/html\/notas\/wp-content\/uploads\/2023\/08\/mensaje-de-L-Gante-169x300.jpg 169w, https:\/\/www.elsindical.com.ar\/notas\/var\/www\/html\/notas\/wp-content\/uploads\/2023\/08\/mensaje-de-L-Gante-768x1365.jpg 768w, https:\/\/www.elsindical.com.ar\/notas\/var\/www\/html\/notas\/wp-content\/uploads\/2023\/08\/mensaje-de-L-Gante-864x1536.jpg 864w, https:\/\/www.elsindical.com.ar\/notas\/var\/www\/html\/notas\/wp-content\/uploads\/2023\/08\/mensaje-de-L-Gante-1152x2048.jpg 1152w, https:\/\/www.elsindical.com.ar\/notas\/var\/www\/html\/notas\/wp-content\/uploads\/2023\/08\/mensaje-de-L-Gante.jpg 1170w\" sizes=\"auto, (max-width: 576px) 100vw, 576px\" \/><\/a><\/figure>\n<\/div>","protected":false},"excerpt":{"rendered":"<p>El cantante de cumbia contin\u00faa preso en la DDI de Quilmes por privaci\u00f3n ileg\u00edtima de la libertad y amenazas y encubrimiento agravado. L-Gante se encuentra detenido hace m\u00e1s de dos meses en la DDI de Quilmes por una causa de privaci\u00f3n ileg\u00edtima de la libertad y amenazas, a la que se le agreg\u00f3 otra por&hellip;<\/p>\n","protected":false},"author":1,"featured_media":124749,"comment_status":"open","ping_status":"open","sticky":false,"template":"","format":"standard","meta":{"footnotes":""},"categories":[25],"tags":[31318,2450,35751,1684,40892,2605],"class_list":["post-124747","post","type-post","status-publish","format-standard","has-post-thumbnail","hentry","category-sociedad","tag-campana-2","tag-diario-el-sindical","tag-l-gante","tag-libertad","tag-maxi-el-brother","tag-redes-sociales"],"_links":{"self":[{"href":"https:\/\/www.elsindical.com.ar\/notas\/wp-json\/wp\/v2\/posts\/124747","targetHints":{"allow":["GET"]}}],"collection":[{"href":"https:\/\/www.elsindical.com.ar\/notas\/wp-json\/wp\/v2\/posts"}],"about":[{"href":"https:\/\/www.elsindical.com.ar\/notas\/wp-json\/wp\/v2\/types\/post"}],"author":[{"embeddable":true,"href":"https:\/\/www.elsindical.com.ar\/notas\/wp-json\/wp\/v2\/users\/1"}],"replies":[{"embeddable":true,"href":"https:\/\/www.elsindical.com.ar\/notas\/wp-json\/wp\/v2\/comments?post=124747"}],"version-history":[{"count":1,"href":"https:\/\/www.elsindical.com.ar\/notas\/wp-json\/wp\/v2\/posts\/124747\/revisions"}],"predecessor-version":[{"id":124750,"href":"https:\/\/www.elsindical.com.ar\/notas\/wp-json\/wp\/v2\/posts\/124747\/revisions\/124750"}],"wp:featuredmedia":[{"embeddable":true,"href":"https:\/\/www.elsindical.com.ar\/notas\/wp-json\/wp\/v2\/media\/124749"}],"wp:attachment":[{"href":"https:\/\/www.elsindical.com.ar\/notas\/wp-json\/wp\/v2\/media?parent=124747"}],"wp:term":[{"taxonomy":"category","embeddable":true,"href":"https:\/\/www.elsindical.com.ar\/notas\/wp-json\/wp\/v2\/categories?post=124747"},{"taxonomy":"post_tag","embeddable":true,"href":"https:\/\/www.elsindical.com.ar\/notas\/wp-json\/wp\/v2\/tags?post=124747"}],"curies":[{"name":"wp","href":"https:\/\/api.w.org\/{rel}","templated":true}]}}