{"id":124675,"date":"2023-08-17T10:35:28","date_gmt":"2023-08-17T13:35:28","guid":{"rendered":"https:\/\/www.elsindical.com.ar\/notas\/?p=124675"},"modified":"2023-08-17T10:35:29","modified_gmt":"2023-08-17T13:35:29","slug":"tragedia-en-la-autopista-la-plata-bs-as-un-joven-perdio-el-control-del-auto-volco-y-murio-su-hermana-de-19-anos","status":"publish","type":"post","link":"https:\/\/www.elsindical.com.ar\/notas\/tragedia-en-la-autopista-la-plata-bs-as-un-joven-perdio-el-control-del-auto-volco-y-murio-su-hermana-de-19-anos\/","title":{"rendered":"Tragedia en la autopista La Plata &#8211; Bs. As: un joven perdi\u00f3 el control del auto, volc\u00f3 y muri\u00f3 su hermana de 19 a\u00f1os"},"content":{"rendered":"<div class=\"wp-block-image\">\n<figure class=\"aligncenter size-large\"><a href=\"https:\/\/www.elsindical.com.ar\/notas\/var\/www\/html\/notas\/wp-content\/uploads\/2023\/08\/coche-volcado-en-Wilde.jpg\"><img loading=\"lazy\" decoding=\"async\" width=\"1024\" height=\"553\" src=\"https:\/\/www.elsindical.com.ar\/notas\/var\/www\/html\/notas\/wp-content\/uploads\/2023\/08\/coche-volcado-en-Wilde-1024x553.jpg\" alt=\"\" class=\"wp-image-124676\" srcset=\"https:\/\/www.elsindical.com.ar\/notas\/var\/www\/html\/notas\/wp-content\/uploads\/2023\/08\/coche-volcado-en-Wilde-1024x553.jpg 1024w, https:\/\/www.elsindical.com.ar\/notas\/var\/www\/html\/notas\/wp-content\/uploads\/2023\/08\/coche-volcado-en-Wilde-300x162.jpg 300w, https:\/\/www.elsindical.com.ar\/notas\/var\/www\/html\/notas\/wp-content\/uploads\/2023\/08\/coche-volcado-en-Wilde-768x415.jpg 768w, https:\/\/www.elsindical.com.ar\/notas\/var\/www\/html\/notas\/wp-content\/uploads\/2023\/08\/coche-volcado-en-Wilde-500x270.jpg 500w, https:\/\/www.elsindical.com.ar\/notas\/var\/www\/html\/notas\/wp-content\/uploads\/2023\/08\/coche-volcado-en-Wilde.jpg 1132w\" sizes=\"auto, (max-width: 1024px) 100vw, 1024px\" \/><\/a><\/figure>\n<\/div>\n\n\n<p>El fat\u00eddico hecho ocurri\u00f3 a la altura de Don Bosco. El conductor y otro ocupante sufrieron traumatismos y tuvieron que ser trasladado al hospital.<\/p>\n\n\n\n<p>Un accidente vial que se produjo a la altura de Don Bosco&nbsp;en la <strong>Autopista Ricardo Balb\u00edn<\/strong> con sentido a La Plata se cobr\u00f3 la vida de<strong> Julieta&nbsp;Manuel,<\/strong> una joven de 19 a\u00f1os.<\/p>\n\n\n\n<p>La v\u00edctima, oriunda de Berazategui, iba como acompa\u00f1ante de su hermano en un Honda Fit&nbsp;gris que <strong>perdi\u00f3 el control, volc\u00f3 y termin\u00f3 en un zanj\u00f3n.<\/strong><\/p>\n\n\n\n<p>Tanto el conductor de 20 a\u00f1os como otro acompa\u00f1ante de 19 <strong>sufrieron heridas y fueron trasladados a un centro asistencial,<\/strong> y que el joven que manejaba qued\u00f3 imputado en la causa caratulada como \u00ab<strong>homicidio culposo\u00bb.<\/strong><\/p>\n\n\n\n<p>Personal del SAME y de la autopista se hicieron presentes en forma inmediata en el lugar y <strong>constataron el deceso de la joven<\/strong>, cuyo cuerpo fue trasladado a la morgue para la realizaci\u00f3n de la autopsia correspondiente.<\/p>\n\n\n\n<p>El accidente se produjo a la altura del<strong> kil\u00f3metro 15, a la altura de Wilde.<\/strong><\/p>\n","protected":false},"excerpt":{"rendered":"<p>El fat\u00eddico hecho ocurri\u00f3 a la altura de Don Bosco. El conductor y otro ocupante sufrieron traumatismos y tuvieron que ser trasladado al hospital. Un accidente vial que se produjo a la altura de Don Bosco&nbsp;en la Autopista Ricardo Balb\u00edn con sentido a La Plata se cobr\u00f3 la vida de Julieta&nbsp;Manuel, una joven de 19&hellip;<\/p>\n","protected":false},"author":1,"featured_media":124676,"comment_status":"open","ping_status":"open","sticky":false,"template":"","format":"standard","meta":{"footnotes":""},"categories":[22],"tags":[2450,1076,8067,40865,2499,35659,882],"class_list":["post-124675","post","type-post","status-publish","format-standard","has-post-thumbnail","hentry","category-policiales","tag-diario-el-sindical","tag-don-bosco","tag-homicidio-culposo","tag-julieta-manuel","tag-same","tag-siniestro-vial","tag-wilde"],"_links":{"self":[{"href":"https:\/\/www.elsindical.com.ar\/notas\/wp-json\/wp\/v2\/posts\/124675","targetHints":{"allow":["GET"]}}],"collection":[{"href":"https:\/\/www.elsindical.com.ar\/notas\/wp-json\/wp\/v2\/posts"}],"about":[{"href":"https:\/\/www.elsindical.com.ar\/notas\/wp-json\/wp\/v2\/types\/post"}],"author":[{"embeddable":true,"href":"https:\/\/www.elsindical.com.ar\/notas\/wp-json\/wp\/v2\/users\/1"}],"replies":[{"embeddable":true,"href":"https:\/\/www.elsindical.com.ar\/notas\/wp-json\/wp\/v2\/comments?post=124675"}],"version-history":[{"count":1,"href":"https:\/\/www.elsindical.com.ar\/notas\/wp-json\/wp\/v2\/posts\/124675\/revisions"}],"predecessor-version":[{"id":124677,"href":"https:\/\/www.elsindical.com.ar\/notas\/wp-json\/wp\/v2\/posts\/124675\/revisions\/124677"}],"wp:featuredmedia":[{"embeddable":true,"href":"https:\/\/www.elsindical.com.ar\/notas\/wp-json\/wp\/v2\/media\/124676"}],"wp:attachment":[{"href":"https:\/\/www.elsindical.com.ar\/notas\/wp-json\/wp\/v2\/media?parent=124675"}],"wp:term":[{"taxonomy":"category","embeddable":true,"href":"https:\/\/www.elsindical.com.ar\/notas\/wp-json\/wp\/v2\/categories?post=124675"},{"taxonomy":"post_tag","embeddable":true,"href":"https:\/\/www.elsindical.com.ar\/notas\/wp-json\/wp\/v2\/tags?post=124675"}],"curies":[{"name":"wp","href":"https:\/\/api.w.org\/{rel}","templated":true}]}}