{"id":124574,"date":"2023-08-10T20:22:53","date_gmt":"2023-08-10T23:22:53","guid":{"rendered":"https:\/\/www.elsindical.com.ar\/notas\/?p=124574"},"modified":"2023-08-10T20:51:09","modified_gmt":"2023-08-10T23:51:09","slug":"caba-tension-en-el-obelisco-luego-de-que-la-policia-de-la-ciudad-reprimiera-una-asamblea-un-muerto-y-cuatro-heridos","status":"publish","type":"post","link":"https:\/\/www.elsindical.com.ar\/notas\/caba-tension-en-el-obelisco-luego-de-que-la-policia-de-la-ciudad-reprimiera-una-asamblea-un-muerto-y-cuatro-heridos\/","title":{"rendered":"CABA: Tensi\u00f3n en el Obelisco luego de que la Polic\u00eda de la Ciudad reprimiera una asamblea, un muerto y cuatro heridos"},"content":{"rendered":"\n<figure class=\"wp-block-image size-full\"><a href=\"https:\/\/www.elsindical.com.ar\/notas\/var\/www\/html\/notas\/wp-content\/uploads\/2023\/08\/Policia-de-la-Ciudad-Obelisco.jpg\"><img loading=\"lazy\" decoding=\"async\" width=\"833\" height=\"467\" src=\"https:\/\/www.elsindical.com.ar\/notas\/var\/www\/html\/notas\/wp-content\/uploads\/2023\/08\/Policia-de-la-Ciudad-Obelisco.jpg\" alt=\"\" class=\"wp-image-124575\" srcset=\"https:\/\/www.elsindical.com.ar\/notas\/var\/www\/html\/notas\/wp-content\/uploads\/2023\/08\/Policia-de-la-Ciudad-Obelisco.jpg 833w, https:\/\/www.elsindical.com.ar\/notas\/var\/www\/html\/notas\/wp-content\/uploads\/2023\/08\/Policia-de-la-Ciudad-Obelisco-300x168.jpg 300w, https:\/\/www.elsindical.com.ar\/notas\/var\/www\/html\/notas\/wp-content\/uploads\/2023\/08\/Policia-de-la-Ciudad-Obelisco-768x431.jpg 768w, https:\/\/www.elsindical.com.ar\/notas\/var\/www\/html\/notas\/wp-content\/uploads\/2023\/08\/Policia-de-la-Ciudad-Obelisco-500x280.jpg 500w\" sizes=\"auto, (max-width: 833px) 100vw, 833px\" \/><\/a><\/figure>\n\n\n\n<p class=\"wp-block-paragraph\">   En un injustificado hecho de violencia institucional donde la Polic\u00eda de la Ciudad reprimi\u00f3 y le caus\u00f3 la muerte a un dirigente social producto de los golpes y los apremios que recibi\u00f3 en la calle, ahora hay tensi\u00f3n por la presencia de las distintas agrupaciones de izquierda que llegan en apoyo para reclamar justicia por el militante asesinado adem\u00e1s de anunciar medidas concretas.<\/p>\n\n\n\n<p class=\"wp-block-paragraph\">Las organizaciones Votamos Luchar y Rebeli\u00f3n Popular realizaban un acto cuando la Polic\u00eda de la Ciudad -tal como se observa en el video- arremeti\u00f3 contra los manifestantes.<\/p>\n\n\n\n<p class=\"wp-block-paragraph\">Seg\u00fan el reporte del SAME, al hombre que fue trasladado al Hospital Ramos Mejia desde el Obelisco se le realizron, durante m\u00e1s de media hora, maniobras de reanimaci\u00f3n hasta que se constat\u00f3 el fallecimiento. \u00abLas causas del deceso se relacionan con un paro card\u00edaco producto de factores de riesgo\u00bb, explica el parte del SAME.&nbsp; El cuerpo fue trasladado a la morgue judicial para la autopsia correspondiente. Eduardo Belliboni, l\u00edder del Partido Obrero, identific\u00f3 al fallecido como <strong>Facundo Molares Schoenfeld<\/strong>.<\/p>\n\n\n\n<p class=\"wp-block-paragraph\">La causa \u00abaveriguaci\u00f3n de causales de muerte\u00bb qued\u00f3 en manos de Marcela S\u00e1nchez, titular de la Fiscal\u00eda Nacional en lo Criminal y Correccional 30. Tras la confirmaci\u00f3n de la muerte, S\u00e1nchez orden\u00f3 el traslado del cuerpo de Molares a la morgue judicial para la autopsia y solicit\u00f3 identificar a todos los efectivos de la Polic\u00eda de la Ciudad que participaron del operativo.&nbsp;<\/p>\n\n\n\n<p class=\"wp-block-paragraph\">La fiscal corri\u00f3 a la Polic\u00eda de la Ciudad de la investigaci\u00f3n y dio intervenci\u00f3n a la Polic\u00eda Federal. Adem\u00e1s, pidi\u00f3 el secuestro de todas las c\u00e1maras de seguridad de la zona y la recopilaci\u00f3n de los videos que circulan por redes sociales.<\/p>\n\n\n\n<figure class=\"wp-block-embed is-type-video is-provider-youtube wp-block-embed-youtube wp-embed-aspect-16-9 wp-has-aspect-ratio\"><div class=\"wp-block-embed__wrapper\">\n<iframe loading=\"lazy\" title=\"Polic\u00eda de la Ciudad bajo sospecha de matar a un militante\" width=\"700\" height=\"394\" src=\"https:\/\/www.youtube.com\/embed\/OflyOhGy3lU?feature=oembed\" frameborder=\"0\" allow=\"accelerometer; autoplay; clipboard-write; encrypted-media; gyroscope; picture-in-picture; web-share\" allowfullscreen><\/iframe>\n<\/div><\/figure>\n","protected":false},"excerpt":{"rendered":"<p>En un injustificado hecho de violencia institucional donde la Polic\u00eda de la Ciudad reprimi\u00f3 y le caus\u00f3 la muerte a un dirigente social producto de los golpes y los apremios que recibi\u00f3 en la calle, ahora hay tensi\u00f3n por la presencia de las distintas agrupaciones de izquierda que llegan en apoyo para reclamar justicia por&hellip;<\/p>\n","protected":false},"author":1,"featured_media":124575,"comment_status":"open","ping_status":"open","sticky":false,"template":"","format":"standard","meta":{"footnotes":""},"categories":[22],"tags":[4284,2450,3059,40834,1943,305,6264,24537,40833,40832],"class_list":["post-124574","post","type-post","status-publish","format-standard","has-post-thumbnail","hentry","category-policiales","tag-caba","tag-diario-el-sindical","tag-eugenio-burzaco","tag-facundo-molares-schoenfeld","tag-horacio-rodriguez-larreta","tag-muerte","tag-obelisco","tag-policia-de-la-ciudad","tag-rebelion-popular","tag-votamos-luchar"],"_links":{"self":[{"href":"https:\/\/www.elsindical.com.ar\/notas\/wp-json\/wp\/v2\/posts\/124574","targetHints":{"allow":["GET"]}}],"collection":[{"href":"https:\/\/www.elsindical.com.ar\/notas\/wp-json\/wp\/v2\/posts"}],"about":[{"href":"https:\/\/www.elsindical.com.ar\/notas\/wp-json\/wp\/v2\/types\/post"}],"author":[{"embeddable":true,"href":"https:\/\/www.elsindical.com.ar\/notas\/wp-json\/wp\/v2\/users\/1"}],"replies":[{"embeddable":true,"href":"https:\/\/www.elsindical.com.ar\/notas\/wp-json\/wp\/v2\/comments?post=124574"}],"version-history":[{"count":2,"href":"https:\/\/www.elsindical.com.ar\/notas\/wp-json\/wp\/v2\/posts\/124574\/revisions"}],"predecessor-version":[{"id":124578,"href":"https:\/\/www.elsindical.com.ar\/notas\/wp-json\/wp\/v2\/posts\/124574\/revisions\/124578"}],"wp:featuredmedia":[{"embeddable":true,"href":"https:\/\/www.elsindical.com.ar\/notas\/wp-json\/wp\/v2\/media\/124575"}],"wp:attachment":[{"href":"https:\/\/www.elsindical.com.ar\/notas\/wp-json\/wp\/v2\/media?parent=124574"}],"wp:term":[{"taxonomy":"category","embeddable":true,"href":"https:\/\/www.elsindical.com.ar\/notas\/wp-json\/wp\/v2\/categories?post=124574"},{"taxonomy":"post_tag","embeddable":true,"href":"https:\/\/www.elsindical.com.ar\/notas\/wp-json\/wp\/v2\/tags?post=124574"}],"curies":[{"name":"wp","href":"https:\/\/api.w.org\/{rel}","templated":true}]}}