{"id":124571,"date":"2023-08-10T19:59:23","date_gmt":"2023-08-10T22:59:23","guid":{"rendered":"https:\/\/www.elsindical.com.ar\/notas\/?p=124571"},"modified":"2023-08-10T19:59:24","modified_gmt":"2023-08-10T22:59:24","slug":"maria-eugenia-talerico-se-colgo-del-asesinato-de-morena-para-hacer-politica","status":"publish","type":"post","link":"https:\/\/www.elsindical.com.ar\/notas\/maria-eugenia-talerico-se-colgo-del-asesinato-de-morena-para-hacer-politica\/","title":{"rendered":"Mar\u00eda Eugenia Talerico, se colg\u00f3 del asesinato de Morena para hacer pol\u00edtica"},"content":{"rendered":"<div class=\"wp-block-image\">\n<figure class=\"aligncenter size-full is-resized\"><a href=\"https:\/\/www.elsindical.com.ar\/notas\/var\/www\/html\/notas\/wp-content\/uploads\/2023\/08\/Maria-Eugenia-Talerico.jpg\"><img loading=\"lazy\" decoding=\"async\" src=\"https:\/\/www.elsindical.com.ar\/notas\/var\/www\/html\/notas\/wp-content\/uploads\/2023\/08\/Maria-Eugenia-Talerico.jpg\" alt=\"\" class=\"wp-image-124572\" style=\"width:524px;height:524px\" width=\"524\" height=\"524\" srcset=\"https:\/\/www.elsindical.com.ar\/notas\/var\/www\/html\/notas\/wp-content\/uploads\/2023\/08\/Maria-Eugenia-Talerico.jpg 400w, https:\/\/www.elsindical.com.ar\/notas\/var\/www\/html\/notas\/wp-content\/uploads\/2023\/08\/Maria-Eugenia-Talerico-300x300.jpg 300w, https:\/\/www.elsindical.com.ar\/notas\/var\/www\/html\/notas\/wp-content\/uploads\/2023\/08\/Maria-Eugenia-Talerico-150x150.jpg 150w, https:\/\/www.elsindical.com.ar\/notas\/var\/www\/html\/notas\/wp-content\/uploads\/2023\/08\/Maria-Eugenia-Talerico-50x50.jpg 50w\" sizes=\"auto, (max-width: 524px) 100vw, 524px\" \/><\/a><\/figure>\n<\/div>\n\n\n<p class=\"wp-block-paragraph\">   Recuerden bien a este personaje pol\u00edtico que no deber\u00eda tener ni un voto por miserable, mentirosa y oportunista, se trata de la ignota <strong>Mar\u00eda Eugenia Talerico<\/strong>, un militante PRO de la localidad bonaerense de Col\u00f3n que ocup\u00f3 el cargo de titular de la UIF demostrando ser o corrupta o in\u00fatil, porque en un pa\u00eds donde lo que sobran son lavadores de dinero y no pasa nada.<\/p>\n\n\n\n<p class=\"wp-block-paragraph\">Se presenta como abogada penalista \u00abexperta\u00bb en temas de integridad financiera, lavado de activos y financiaci\u00f3n del terrorismo. Ex Vice Presidente de la Unidad de Informaci\u00f3n Financiera Argentina (UIF) (2016-2020). Vice Presidente de la ONG Ser\u00e1 Justicia.<\/p>\n\n\n\n<p class=\"wp-block-paragraph\">La realidad es que por su gesti\u00f3n queda la duda si sus conocimientos de experta es contra el lavado o asesorando a los lavadores.<\/p>\n\n\n\n<p class=\"wp-block-paragraph\">A la fecha sus \u00fanicos m\u00e9ritos pasan por ser autora de distintos art\u00edculos con un relato sobre la corrupci\u00f3n y el kirchnerismo con m\u00e1s opiniones que pruebas, con lo cual, es una mujer mediocre con \u00ednfulas que no duda en mostrar para subirse valor al participar en acciones y roscas judiciales de dudosa \u00e9tica.<\/p>\n\n\n\n<p class=\"wp-block-paragraph\">Para llevar adelante sus \u00aboperaciones\u00bb judiciales, ha fundado la ONG Ser\u00e1 Justicia, desde donde han enmascarado acciones concretas contra magistrados del Poder Judicial, para luego en el colmo de la hipocres\u00eda ser autora de un art\u00edculo publicado por Clar\u00edn <strong>La falaz teor\u00eda del lawfare y la impunidad<\/strong>.<\/p>\n\n\n\n<p class=\"wp-block-paragraph\">Distintos art\u00edculos period\u00edsticos definen a la ONG como una asociaci\u00f3n cercana al Gobierno, a los bufetes m\u00e1s poderosos de la Argentina (como <strong>Bull\u00f3<\/strong> y<strong> Cassagne<\/strong>), y al tradicional (y muy conservador) Colegio de Abogados de la calle Montevideo. La agrupaci\u00f3n a su vez tiene v\u00ednculos fluidos con <strong>Marval, O\u2019Farrell &amp;<\/strong> <strong>Mairal<\/strong>, uno de los estudios m\u00e1s importantes del pa\u00eds.<\/p>\n\n\n\n<p class=\"wp-block-paragraph\">La ONG tuvo un rol principal en la renuncia de la ex <strong>Procuradora General de la Naci\u00f3n Gils Carb\u00f3 <\/strong>presionada por <strong>Mauricio Macri <\/strong>para que se aparte y Talerico se gan\u00f3 la vicepresidencia de la UIF como premio de Mauricio Macri por sus servicios.<\/p>\n\n\n\n<p class=\"wp-block-paragraph\">Llama la atenci\u00f3n que esta mujer sea tan torpe de meterse en temas donde justamente ella ha dejado muchas dudas como lo es la droga y quienes la conducen el narcotr\u00e1fico, ya que tanto ella como su jefe directo <strong>Mariano Federici<\/strong>, titular de la UIF, fueron denunciados por el diputado <strong>Rodolfo Tailhade<\/strong>, ante el juzgado de Luis Rodr\u00edguez, de haber encubierto operaciones del <strong>banco HSBC <\/strong>por la amistad de ambos con el presidente de la instituci\u00f3n <strong>Gabriel Martino<\/strong> que deber\u00edan haberse sancionado.<\/p>\n\n\n\n<p class=\"wp-block-paragraph\">El primer hecho denunciado ante la Justicia consiste en la elaboraci\u00f3n de un dictamen liberatorio para el HSBC en un caso de lavado de dinero que involucraba al narcotraficante colombiano conocido como \u201cMi Sangre\u201d. Seg\u00fan explica Tailhade, el HSBC hab\u00eda sido el \u00abveh\u00edculo financiero\u00bb que <strong>Jes\u00fas L\u00f3pez Londo\u00f1o<\/strong> -alias \u00abMi Sangre\u00bb- hab\u00eda utilizado para lavar dinero del tr\u00e1fico de drogas y asentarse en la Argentina.<\/p>\n\n\n\n<p class=\"wp-block-paragraph\">Seg\u00fan consta en la denuncia, la UIF hab\u00eda abierto un sumario en el que acusaba al HSBC de no haber reportado las operaciones sospechosas que el testaferro de <strong>\u00abMi Sangre\u00bb<\/strong>, <strong>Marcelo Oscar Chirizola<\/strong>, hab\u00eda estado realizando a trav\u00e9s del banco. Federici, quien hab\u00eda recibido el sumario al asumir en la UIF, toma la decisi\u00f3n de elevar el dictamen a un consejo asesor del organismo declarando que archivaba las imputaciones contra el banco porque no hab\u00eda pruebas suficientes de que se hubiese incumplido la ley de lavado. A modo de respuesta, el consejo asesor rechaza el dictamen y asegura que hab\u00eda que sancionar al banco. Sin embargo Federici, a pesar de las indicaciones del consejo de la UIF, termina archiv\u00e1ndolo, pero lo hace modificando los argumentos: ya no era porque no hubiese pruebas, sino que era porque el hecho hab\u00eda prescripto.<\/p>\n\n\n\n<p class=\"wp-block-paragraph\">En el segundo acontecimiento surge a partir de una llamada que un funcionario de la UIF le realiz\u00f3, hace un par de a\u00f1os, a Martino para avisarle que un cliente del banco, el narco colombiano Piedrahita Ceballos, estaba siendo investigado por la Justicia. \u00abA partir de unas escuchas que se realizan en el banco, surgi\u00f3 que el esposo de la titular del \u00e1rea de compliance del HSBC estaba vinculado a la banda de Piedrahita Ceballos, quien estaba inyectando dinero a trav\u00e9s de emprendimientos inmobiliarios. Durante una declaraci\u00f3n indagatoria, la mujer cuenta que un d\u00eda el presidente del banco la hab\u00eda convocado para contarle que un &#8216;alto funcionario&#8217; de la UIF lo hab\u00eda llamado para informarle que un cliente suyo estaba siendo investigado y que ten\u00edan que aprovechar para emprolijar los papeles\u00bb, narra Tailhade, quien agrega: \u00abEl que llam\u00f3 a Martino es Mariano Federici, no tengo ninguna duda\u00bb.<\/p>\n\n\n\n<p class=\"wp-block-paragraph\">No es la primera vez que Mariano Federici y Mar\u00eda Eugenia Talerico son cuestionados por sus v\u00ednculos con Gabriel Martino (quien lleg\u00f3 a la Argentina en el 2015 luego de ser acusado de lavar millones de d\u00f3lares para el cartel de Sinaloa cuando era el tesorero de la sucursal del HSBC en M\u00e9xico). Designados al frente de la UIF por Macri en el 2016, sus candidaturas recibieron numerosas cr\u00edticas: Telerico porque hab\u00eda sido abogada del HSBC y Federici por su pasado cercano al FMI y el Banco Mundial.<\/p>\n\n\n\n<p class=\"wp-block-paragraph\">Sin dudas que no es bueno ni sano colgarse del dolor para sumar votos, mucho menos es inteligente meterse en temas donde no se est\u00e1 limpio, al momento de votar piense si esta gente lo representa.<\/p>\n\n\n\n<p class=\"wp-block-paragraph\">Por Marcelo Ricardo Hawrylciw<\/p>\n","protected":false},"excerpt":{"rendered":"<p>Recuerden bien a este personaje pol\u00edtico que no deber\u00eda tener ni un voto por miserable, mentirosa y oportunista, se trata de la ignota Mar\u00eda Eugenia Talerico, un militante PRO de la localidad bonaerense de Col\u00f3n que ocup\u00f3 el cargo de titular de la UIF demostrando ser o corrupta o in\u00fatil, porque en un pa\u00eds donde&hellip;<\/p>\n","protected":false},"author":1,"featured_media":124572,"comment_status":"open","ping_status":"open","sticky":false,"template":"","format":"standard","meta":{"footnotes":""},"categories":[10,13],"tags":[12866,2450,40830,26100,13404,40831,40829,15429,27427,328,4131],"class_list":["post-124571","post","type-post","status-publish","format-standard","has-post-thumbnail","hentry","category-editorial","category-politica","tag-alejandra-gils-carbo","tag-diario-el-sindical","tag-gabriel-martino","tag-hsbc-banck","tag-jesus-lopez-londono","tag-marcelo-oscar-chirizola","tag-maria-eugenia-talerico","tag-morena","tag-ong-sera-justicia","tag-pro","tag-uif"],"_links":{"self":[{"href":"https:\/\/www.elsindical.com.ar\/notas\/wp-json\/wp\/v2\/posts\/124571","targetHints":{"allow":["GET"]}}],"collection":[{"href":"https:\/\/www.elsindical.com.ar\/notas\/wp-json\/wp\/v2\/posts"}],"about":[{"href":"https:\/\/www.elsindical.com.ar\/notas\/wp-json\/wp\/v2\/types\/post"}],"author":[{"embeddable":true,"href":"https:\/\/www.elsindical.com.ar\/notas\/wp-json\/wp\/v2\/users\/1"}],"replies":[{"embeddable":true,"href":"https:\/\/www.elsindical.com.ar\/notas\/wp-json\/wp\/v2\/comments?post=124571"}],"version-history":[{"count":1,"href":"https:\/\/www.elsindical.com.ar\/notas\/wp-json\/wp\/v2\/posts\/124571\/revisions"}],"predecessor-version":[{"id":124573,"href":"https:\/\/www.elsindical.com.ar\/notas\/wp-json\/wp\/v2\/posts\/124571\/revisions\/124573"}],"wp:featuredmedia":[{"embeddable":true,"href":"https:\/\/www.elsindical.com.ar\/notas\/wp-json\/wp\/v2\/media\/124572"}],"wp:attachment":[{"href":"https:\/\/www.elsindical.com.ar\/notas\/wp-json\/wp\/v2\/media?parent=124571"}],"wp:term":[{"taxonomy":"category","embeddable":true,"href":"https:\/\/www.elsindical.com.ar\/notas\/wp-json\/wp\/v2\/categories?post=124571"},{"taxonomy":"post_tag","embeddable":true,"href":"https:\/\/www.elsindical.com.ar\/notas\/wp-json\/wp\/v2\/tags?post=124571"}],"curies":[{"name":"wp","href":"https:\/\/api.w.org\/{rel}","templated":true}]}}