{"id":124553,"date":"2023-08-10T00:11:05","date_gmt":"2023-08-10T03:11:05","guid":{"rendered":"https:\/\/www.elsindical.com.ar\/notas\/?p=124553"},"modified":"2023-08-10T00:11:05","modified_gmt":"2023-08-10T03:11:05","slug":"eg-5-la-nueva-variante-del-covid-pone-en-alerta-a-autoridades-de-la-oms","status":"publish","type":"post","link":"https:\/\/www.elsindical.com.ar\/notas\/eg-5-la-nueva-variante-del-covid-pone-en-alerta-a-autoridades-de-la-oms\/","title":{"rendered":"EG.5: la nueva variante del COVID pone en alerta a autoridades de la OMS"},"content":{"rendered":"<div class=\"wp-block-image\">\n<figure class=\"aligncenter size-large\"><a href=\"https:\/\/www.elsindical.com.ar\/notas\/var\/www\/html\/notas\/wp-content\/uploads\/2023\/08\/COVID-Omicron.jpg\"><img loading=\"lazy\" decoding=\"async\" width=\"1024\" height=\"553\" src=\"https:\/\/www.elsindical.com.ar\/notas\/var\/www\/html\/notas\/wp-content\/uploads\/2023\/08\/COVID-Omicron-1024x553.jpg\" alt=\"\" class=\"wp-image-124554\" srcset=\"https:\/\/www.elsindical.com.ar\/notas\/var\/www\/html\/notas\/wp-content\/uploads\/2023\/08\/COVID-Omicron-1024x553.jpg 1024w, https:\/\/www.elsindical.com.ar\/notas\/var\/www\/html\/notas\/wp-content\/uploads\/2023\/08\/COVID-Omicron-300x162.jpg 300w, https:\/\/www.elsindical.com.ar\/notas\/var\/www\/html\/notas\/wp-content\/uploads\/2023\/08\/COVID-Omicron-768x415.jpg 768w, https:\/\/www.elsindical.com.ar\/notas\/var\/www\/html\/notas\/wp-content\/uploads\/2023\/08\/COVID-Omicron-500x270.jpg 500w, https:\/\/www.elsindical.com.ar\/notas\/var\/www\/html\/notas\/wp-content\/uploads\/2023\/08\/COVID-Omicron.jpg 1156w\" sizes=\"auto, (max-width: 1024px) 100vw, 1024px\" \/><\/a><\/figure>\n<\/div>\n\n\n<p>\u00abEl virus sigue circulando en todos los pa\u00edses, sigue matando y mutando\u00bb, inform\u00f3 el director general de la organizaci\u00f3n.<\/p>\n\n\n\n<p>Lejos de ser una historia del pasado, el coronavirus sigue siendo objeto de preocupaci\u00f3n para las autoridades, quienes siguen de cerca a las <strong>nuevas variantes<\/strong> que van surgiendo. \u201cSigue existiendo el riesgo de que aparezca una variante m\u00e1s peligrosa que podr\u00eda causar un <strong>aumento repentino de casos y muertes<\/strong>\u201d, indic\u00f3 el director de la Organizaci\u00f3n Mundial de la Salud (OMS), Tedros Adhanom Ghebreyesus.<\/p>\n\n\n\n<p>En la actualidad, se hall\u00f3 una nueva subvariante del virus, denominada\u00a0<strong>EG.5.1<\/strong>, descendiente de la variante \u00d3micron\u00a0que gana terreno en pa\u00edses como <strong>Reino Unido y Estados Unidos.<\/strong> Esto coloc\u00f3 al virus bajo la lupa de muchos, quienes ven con temor la situaci\u00f3n.<\/p>\n\n\n\n<p>En este contexto incierto, la OMS public\u00f3 una serie de recomendaciones permanentes sobre el COVID, en las que insta a los pa\u00edses a <strong>seguir notificando los datos<\/strong>, en particular los de mortalidad y morbilidad, y a seguir ofreciendo la <strong>vacunaci\u00f3n<\/strong>.<\/p>\n\n\n\n<h2 class=\"wp-block-heading\">La subvariante EG.5 ya est\u00e1 en Argentina<\/h2>\n\n\n\n<p>Seg\u00fan inform\u00f3 la doctora Mariana Viegas, coordinadora del Proyecto Pa\u00eds, que est\u00e1 dedicado a la vigilancia gen\u00f3mica con apoyo del Ministerio de Ciencia, Tecnolog\u00eda e Innovaci\u00f3n de la Argentina, <strong>el sublinaje EG.5 ya est\u00e1 en el pa\u00eds desde, al menos, el mes pasado.<\/strong> Tambi\u00e9n se la detect\u00f3 en Colombia y Ecuador y Estados Unidos. En este \u00faltimo pa\u00eds se convirti\u00f3 en la m\u00e1s prevalente entre los casos detectados.<\/p>\n\n\n\n<p>\u201cEn el grupo de 12 muestras que secuenciamos la semana pasada, que provienen de casos confirmados en el mes julio pasado,<strong> una correspond\u00eda a EG.5 y era de un paciente del \u00c1rea Metropolitana de Buenos Aires (AMBA)<\/strong>\u2033, afirm\u00f3 Viegas. \u201cNo es significativa estad\u00edsticamente por el bajo n\u00famero de muestras secuenciadas. Pero hoy se hacen pocos testeos y resulta m\u00e1s dif\u00edcil conseguir muestras para realizar la secuenciaci\u00f3n\u201d, agreg\u00f3.<\/p>\n\n\n\n<p>En la actualidad, la variante EG.5 es considerada\u00a0 <strong>\u00abde inter\u00e9s\u00bb <\/strong>tras la evaluaci\u00f3n de riesgo que hicieron expertos de esa agencia sanitaria. Pese a que el propio Tedros hab\u00eda declarado el fin de la emergencia internacional por coronavirus el pasado 5 de mayo, este mi\u00e9rcoles destac\u00f3 que <strong>\u00abel virus sigue circulando en todos los pa\u00edses, sigue matando y mutando\u00bb.<\/strong><\/p>\n","protected":false},"excerpt":{"rendered":"<p>\u00abEl virus sigue circulando en todos los pa\u00edses, sigue matando y mutando\u00bb, inform\u00f3 el director general de la organizaci\u00f3n. Lejos de ser una historia del pasado, el coronavirus sigue siendo objeto de preocupaci\u00f3n para las autoridades, quienes siguen de cerca a las nuevas variantes que van surgiendo. \u201cSigue existiendo el riesgo de que aparezca una&hellip;<\/p>\n","protected":false},"author":1,"featured_media":124554,"comment_status":"open","ping_status":"open","sticky":false,"template":"","format":"standard","meta":{"footnotes":""},"categories":[23],"tags":[32627,2450,40824,40825,2054,22031],"class_list":["post-124553","post","type-post","status-publish","format-standard","has-post-thumbnail","hentry","category-salud","tag-covid-19","tag-diario-el-sindical","tag-eg5","tag-omicron-2","tag-oms","tag-salud"],"_links":{"self":[{"href":"https:\/\/www.elsindical.com.ar\/notas\/wp-json\/wp\/v2\/posts\/124553","targetHints":{"allow":["GET"]}}],"collection":[{"href":"https:\/\/www.elsindical.com.ar\/notas\/wp-json\/wp\/v2\/posts"}],"about":[{"href":"https:\/\/www.elsindical.com.ar\/notas\/wp-json\/wp\/v2\/types\/post"}],"author":[{"embeddable":true,"href":"https:\/\/www.elsindical.com.ar\/notas\/wp-json\/wp\/v2\/users\/1"}],"replies":[{"embeddable":true,"href":"https:\/\/www.elsindical.com.ar\/notas\/wp-json\/wp\/v2\/comments?post=124553"}],"version-history":[{"count":1,"href":"https:\/\/www.elsindical.com.ar\/notas\/wp-json\/wp\/v2\/posts\/124553\/revisions"}],"predecessor-version":[{"id":124555,"href":"https:\/\/www.elsindical.com.ar\/notas\/wp-json\/wp\/v2\/posts\/124553\/revisions\/124555"}],"wp:featuredmedia":[{"embeddable":true,"href":"https:\/\/www.elsindical.com.ar\/notas\/wp-json\/wp\/v2\/media\/124554"}],"wp:attachment":[{"href":"https:\/\/www.elsindical.com.ar\/notas\/wp-json\/wp\/v2\/media?parent=124553"}],"wp:term":[{"taxonomy":"category","embeddable":true,"href":"https:\/\/www.elsindical.com.ar\/notas\/wp-json\/wp\/v2\/categories?post=124553"},{"taxonomy":"post_tag","embeddable":true,"href":"https:\/\/www.elsindical.com.ar\/notas\/wp-json\/wp\/v2\/tags?post=124553"}],"curies":[{"name":"wp","href":"https:\/\/api.w.org\/{rel}","templated":true}]}}