{"id":124504,"date":"2023-08-08T12:19:46","date_gmt":"2023-08-08T15:19:46","guid":{"rendered":"https:\/\/www.elsindical.com.ar\/notas\/?p=124504"},"modified":"2023-08-08T12:31:39","modified_gmt":"2023-08-08T15:31:39","slug":"caba-kaleb-di-masi-fue-detenido-tras-chocar-una-moto-y-un-auto","status":"publish","type":"post","link":"https:\/\/www.elsindical.com.ar\/notas\/caba-kaleb-di-masi-fue-detenido-tras-chocar-una-moto-y-un-auto\/","title":{"rendered":"CABA: Kaleb Di Masi fue detenido tras chocar una moto y un auto"},"content":{"rendered":"\n<figure class=\"wp-block-image size-large\"><a href=\"https:\/\/www.elsindical.com.ar\/notas\/var\/www\/html\/notas\/wp-content\/uploads\/2023\/08\/choque-Kaleb.jpg\"><img loading=\"lazy\" decoding=\"async\" width=\"1024\" height=\"576\" src=\"https:\/\/www.elsindical.com.ar\/notas\/var\/www\/html\/notas\/wp-content\/uploads\/2023\/08\/choque-Kaleb-1024x576.jpg\" alt=\"\" class=\"wp-image-124505\" srcset=\"https:\/\/www.elsindical.com.ar\/notas\/var\/www\/html\/notas\/wp-content\/uploads\/2023\/08\/choque-Kaleb-1024x576.jpg 1024w, https:\/\/www.elsindical.com.ar\/notas\/var\/www\/html\/notas\/wp-content\/uploads\/2023\/08\/choque-Kaleb-300x169.jpg 300w, https:\/\/www.elsindical.com.ar\/notas\/var\/www\/html\/notas\/wp-content\/uploads\/2023\/08\/choque-Kaleb-768x432.jpg 768w, https:\/\/www.elsindical.com.ar\/notas\/var\/www\/html\/notas\/wp-content\/uploads\/2023\/08\/choque-Kaleb-500x281.jpg 500w, https:\/\/www.elsindical.com.ar\/notas\/var\/www\/html\/notas\/wp-content\/uploads\/2023\/08\/choque-Kaleb-460x260.jpg 460w, https:\/\/www.elsindical.com.ar\/notas\/var\/www\/html\/notas\/wp-content\/uploads\/2023\/08\/choque-Kaleb.jpg 1200w\" sizes=\"auto, (max-width: 1024px) 100vw, 1024px\" \/><\/a><\/figure>\n\n\n\n<p>El cantante manejaba una Audi TT, choc\u00f3 a un motociclista, escap\u00f3 y volvi\u00f3 a chocar pero contra un auto.<\/p>\n\n\n\n<p><strong>El cantante de trap Kaleb Di Masi fue detenido<\/strong> luego de chocar una motocicleta, darse a la fuga y luego colisionar nuevamente con un autom\u00f3vil en el que viajaba un hombre con su hijo menor de edad en el barrio porte\u00f1o de Saavedra, informaron hoy fuentes policiales.<\/p>\n\n\n\n<p>El hecho ocurri\u00f3 anoche cuando el m\u00fasico, cuyo nombre original es Caleb Nahuel Di Masi, de 23 a\u00f1os y que <strong>conduc\u00eda un Audi TT color negro en el que iba junto a un amigo de 20 a\u00f1os y un chico de 10 a\u00f1os, impact\u00f3 con una motocicleta <\/strong>en el cruce de las calles N\u00fa\u00f1ez y Ceretti.<\/p>\n\n\n\n<p>Seg\u00fan indicaron las fuentes, producto del choque el motociclista qued\u00f3 herido en el lugar, mientras que <strong>el artista se dio a la fuga gran velocidad<\/strong>.<\/p>\n\n\n\n<p>Finalmente, <strong>a 200 metros del primer hecho, en la esquina de N\u00fa\u00f1ez y Altolaguirre, el Audi TT impact\u00f3 con un Toyota Etios <\/strong>en el que iban a bordo un hombre junto a su hijo de 10 a\u00f1os.<\/p>\n\n\n\n<p>R\u00e1pidamente se hicieron presentes m\u00e9dicos del Sistema de Atenci\u00f3n M\u00e9dica de Emergencias (SAME), y Bomberos de la Ciudad, ya que el hombre hab\u00eda quedado atrapado en el interior de su veh\u00edculo tras el impacto.<\/p>\n\n\n\n<p>Finalmente, el hombre de 43 a\u00f1os y su hijo fueron trasladados a los hospitales Zubizarreta y Pirovano, respectivamente, con politraumatismos pero sin riesgo de vida.<\/p>\n\n\n\n<p>El conductor de la motocicleta tambi\u00e9n fue asistido por un ambulancia pero no registr\u00f3 heridas de consideraci\u00f3n, indicaron las fuentes.<\/p>\n\n\n\n<p><strong>El cantante \u201cKaleb De Mesi\u201d, tal como se presenta en sus <a href=\"https:\/\/www.instagram.com\/kalebdimasibaby\/\" target=\"_blank\" rel=\"noreferrer noopener\">redes sociales<\/a>, qued\u00f3 detenido junto a su amigo, acusados adem\u00e1s de la tenencia de estupefacientes<\/strong>, ya que en el interior del Audi TT los efectivos de la Comisar\u00eda Vecinal 12C de la Polic\u00eda de la Ciudad hallaron dos cigarrillos de una sustancia presumiblemente de marihuana, dos pastillas y un envoltorio con una sustancia similar al clorh\u00eddrico de coca\u00edna, que ser\u00e1n analizadas, indicaron los voceros.<\/p>\n\n\n\n<p>En tanto, se le realiz\u00f3 al conductor <strong>el narcotest que le dio positivo<\/strong> en consumo de marihuana y negativo el de alcoholemia, a\u00f1adieron.<\/p>\n\n\n\n<p>De Masi qued\u00f3 imputado por el delito de \u201clesiones\u201d por la Unidad Fiscal Norte \u00c1rea Flagrancia, a cargo del fiscal Alejandro Pellicori.<\/p>\n\n\n\n<p>\u201cKaleb De Masi\u201d es un cantante de trap que posee m\u00e1s de 870 mil seguidos en la red social Instagram, donde en una publicaci\u00f3n de hace 81 semanas poste\u00f3 una foto con el Audi TT involucrado en el hecho con la leyenda: \u201cLes presento a mi nuevo beb\u00e9\u201d. En junio hab\u00eda protagonizado otro choque.<\/p>\n\n\n\n<p><\/p>\n\n\n\n<figure class=\"wp-block-embed is-type-video is-provider-youtube wp-block-embed-youtube wp-embed-aspect-16-9 wp-has-aspect-ratio\"><div class=\"wp-block-embed__wrapper\">\n<iframe loading=\"lazy\" title=\"Choc\u00f3 el m\u00fasico Kaleb Di Masi en Saavedra\" width=\"700\" height=\"394\" src=\"https:\/\/www.youtube.com\/embed\/c9o3iQW9nzc?feature=oembed\" frameborder=\"0\" allow=\"accelerometer; autoplay; clipboard-write; encrypted-media; gyroscope; picture-in-picture; web-share\" allowfullscreen><\/iframe>\n<\/div><\/figure>\n","protected":false},"excerpt":{"rendered":"<p>El cantante manejaba una Audi TT, choc\u00f3 a un motociclista, escap\u00f3 y volvi\u00f3 a chocar pero contra un auto. El cantante de trap Kaleb Di Masi fue detenido luego de chocar una motocicleta, darse a la fuga y luego colisionar nuevamente con un autom\u00f3vil en el que viajaba un hombre con su hijo menor de&hellip;<\/p>\n","protected":false},"author":1,"featured_media":124505,"comment_status":"open","ping_status":"open","sticky":false,"template":"","format":"standard","meta":{"footnotes":""},"categories":[22],"tags":[13103,1050,4284,651,2450,40806,2516,24537,2605,2614,2499],"class_list":["post-124504","post","type-post","status-publish","format-standard","has-post-thumbnail","hentry","category-policiales","tag-audi-tt","tag-auto","tag-caba","tag-choque","tag-diario-el-sindical","tag-kaleb-di-masi","tag-moto","tag-policia-de-la-ciudad","tag-redes-sociales","tag-saavedra","tag-same"],"_links":{"self":[{"href":"https:\/\/www.elsindical.com.ar\/notas\/wp-json\/wp\/v2\/posts\/124504","targetHints":{"allow":["GET"]}}],"collection":[{"href":"https:\/\/www.elsindical.com.ar\/notas\/wp-json\/wp\/v2\/posts"}],"about":[{"href":"https:\/\/www.elsindical.com.ar\/notas\/wp-json\/wp\/v2\/types\/post"}],"author":[{"embeddable":true,"href":"https:\/\/www.elsindical.com.ar\/notas\/wp-json\/wp\/v2\/users\/1"}],"replies":[{"embeddable":true,"href":"https:\/\/www.elsindical.com.ar\/notas\/wp-json\/wp\/v2\/comments?post=124504"}],"version-history":[{"count":2,"href":"https:\/\/www.elsindical.com.ar\/notas\/wp-json\/wp\/v2\/posts\/124504\/revisions"}],"predecessor-version":[{"id":124507,"href":"https:\/\/www.elsindical.com.ar\/notas\/wp-json\/wp\/v2\/posts\/124504\/revisions\/124507"}],"wp:featuredmedia":[{"embeddable":true,"href":"https:\/\/www.elsindical.com.ar\/notas\/wp-json\/wp\/v2\/media\/124505"}],"wp:attachment":[{"href":"https:\/\/www.elsindical.com.ar\/notas\/wp-json\/wp\/v2\/media?parent=124504"}],"wp:term":[{"taxonomy":"category","embeddable":true,"href":"https:\/\/www.elsindical.com.ar\/notas\/wp-json\/wp\/v2\/categories?post=124504"},{"taxonomy":"post_tag","embeddable":true,"href":"https:\/\/www.elsindical.com.ar\/notas\/wp-json\/wp\/v2\/tags?post=124504"}],"curies":[{"name":"wp","href":"https:\/\/api.w.org\/{rel}","templated":true}]}}