{"id":124501,"date":"2023-08-08T00:07:32","date_gmt":"2023-08-08T03:07:32","guid":{"rendered":"https:\/\/www.elsindical.com.ar\/notas\/?p=124501"},"modified":"2023-08-08T00:07:33","modified_gmt":"2023-08-08T03:07:33","slug":"gasto-publico-en-argentina-la-cantidad-de-estatales-es-la-mas-alta-de-los-ultimos-diez-anos","status":"publish","type":"post","link":"https:\/\/www.elsindical.com.ar\/notas\/gasto-publico-en-argentina-la-cantidad-de-estatales-es-la-mas-alta-de-los-ultimos-diez-anos\/","title":{"rendered":"Gasto p\u00fablico en Argentina: la cantidad de estatales es la m\u00e1s alta de los \u00faltimos diez a\u00f1os"},"content":{"rendered":"<div class=\"wp-block-image\">\n<figure class=\"aligncenter size-large\"><a href=\"https:\/\/www.elsindical.com.ar\/notas\/var\/www\/html\/notas\/wp-content\/uploads\/2023\/08\/Administracion-Publica-Nacional-INDEC.jpeg\"><img loading=\"lazy\" decoding=\"async\" width=\"1024\" height=\"631\" src=\"https:\/\/www.elsindical.com.ar\/notas\/var\/www\/html\/notas\/wp-content\/uploads\/2023\/08\/Administracion-Publica-Nacional-INDEC-1024x631.jpeg\" alt=\"\" class=\"wp-image-124502\" srcset=\"https:\/\/www.elsindical.com.ar\/notas\/var\/www\/html\/notas\/wp-content\/uploads\/2023\/08\/Administracion-Publica-Nacional-INDEC-1024x631.jpeg 1024w, https:\/\/www.elsindical.com.ar\/notas\/var\/www\/html\/notas\/wp-content\/uploads\/2023\/08\/Administracion-Publica-Nacional-INDEC-300x185.jpeg 300w, https:\/\/www.elsindical.com.ar\/notas\/var\/www\/html\/notas\/wp-content\/uploads\/2023\/08\/Administracion-Publica-Nacional-INDEC-768x473.jpeg 768w, https:\/\/www.elsindical.com.ar\/notas\/var\/www\/html\/notas\/wp-content\/uploads\/2023\/08\/Administracion-Publica-Nacional-INDEC-487x300.jpeg 487w, https:\/\/www.elsindical.com.ar\/notas\/var\/www\/html\/notas\/wp-content\/uploads\/2023\/08\/Administracion-Publica-Nacional-INDEC.jpeg 1200w\" sizes=\"auto, (max-width: 1024px) 100vw, 1024px\" \/><\/a><\/figure>\n<\/div>\n\n\n<p>La informaci\u00f3n sobre el gasto en planta de empleados p\u00fablicos que publica el Instituto Nacional de Estad\u00edsticas y Censos (INDEC) y que fue anunciada con bombos y platillos durante la asunci\u00f3n de Sergio Massa como ministro de Econom\u00eda demuestra que ese gasto <strong>no s\u00f3lo no se congel\u00f3, sino que avanz\u00f3 en los \u00faltimos meses.<\/strong><\/p>\n\n\n\n<p>Una <strong>tendencia similar siguieron las provincias y municipios<\/strong>, tal como lo demuestran las \u00faltimas estad\u00edsticas del Ministerio de Trabajo de la Naci\u00f3n, aunque los datos relevados en el total pa\u00eds no especifican si los nuevos trabajadores se desempe\u00f1an en las administraciones centrales o si fueron contratados por empresas vinculadas a los respectivos estados provinciales.<\/p>\n\n\n\n<p>Las estad\u00edsticas oficiales confirmaron que si bien en junio hubo un <strong>achicamiento real de algunos \u00edtems del gasto primario del Estado nacional como el pago de la Asignaci\u00f3n Universal por Hijo, AUH, y jubilaciones,<\/strong> a su vez, hubo otros gastos que crecieron en relaci\u00f3n al sexto mes del a\u00f1o pasado.<\/p>\n\n\n\n<p>Entre ellos, se encuentran los recursos destinados a <strong>salarios, que aumentaron 4,64% en t\u00e9rminos reales <\/strong>algo similar a lo que ocurri\u00f3 en la mayor\u00eda de las jurisdicciones provinciales.<\/p>\n\n\n\n<p>Seg\u00fan datos publicados por el Ministerio de Trabajo de la Naci\u00f3n, en mayo de este a\u00f1o <strong>se contabilizaron 3.429.784 asalariados en el sector p\u00fablico del total pa\u00eds, un 2,3% m\u00e1s que en igual mes del 2022.<\/strong><\/p>\n\n\n\n<p>De acuerdo a los datos hist\u00f3ricos,<strong> ese fue el valor m\u00e1s alto alcanzado en el \u00faltimo decenio<\/strong>, por lo que se rompi\u00f3 incluso el r\u00e9cord de diciembre de 2022, cuando se hab\u00eda llegado a 3.424.983 asalariados p\u00fablicos.<\/p>\n\n\n\n<h2 class=\"wp-block-heading\">El informe del INDEC y las promesas de ajuste<\/h2>\n\n\n\n<p>De acuerdo al informe de Dotaci\u00f3n de personal del INDEC, en junio de este a\u00f1o<strong> la planta de trabajadores lleg\u00f3 a las 342.678 personas,<\/strong> el valor m\u00e1s alto desde que comenz\u00f3 a publicarse la medici\u00f3n, en julio de 2022. Ese n\u00famero incluye a quienes trabajan directamente en la administraci\u00f3n central, pero tambi\u00e9n a quienes se desempe\u00f1an en empresas y sociedades dependientes del Estado.<\/p>\n\n\n\n<p>Los resultados, claro est\u00e1, <strong>contrar\u00edan el objetivo propuesto por el ministro de Econom\u00eda de la Naci\u00f3n, Sergio Massa, <\/strong>cuando lanz\u00f3 la publicaci\u00f3n del informe de dotaci\u00f3n de personal, el 30 de septiembre pasado.<\/p>\n\n\n\n<p>\u201cTal como me compromet\u00ed hace 59 d\u00edas cuando asumimos en Econom\u00eda, a partir del d\u00eda de hoy a las 16 horas, en la p\u00e1gina del Indec podr\u00e1n ver la informaci\u00f3n de <strong>Empleo P\u00fablico de la administraci\u00f3n central y de las empresas<\/strong> descentralizadas\u201d, expres\u00f3 entonces en su cuenta de Twitter.<\/p>\n\n\n\n<p>\u201cEste informe de acceso p\u00fablico se actualizar\u00e1 mes a mes con las presentaciones de las declaraciones juradas <strong>y permitir\u00e1 controlar que nadie viole el compromiso de no aumentar el personal de la administraci\u00f3n p\u00fablica nacional y sus empresa<\/strong>s, salvo cuestiones operativas explicadas\u201d, subray\u00f3 el ministro y precandidato presidencial.<\/p>\n\n\n\n<p>En ese sentido, desde el Gobierno precisaron -al oficializarse la medida- que la decisi\u00f3n de congelamiento incluir\u00eda \u201clas<strong> contrataciones por tiempo indeterminado, a plazo fijo, a tiempo parcial y de trabajo eventual <\/strong>previstas en los art\u00edculos 90, 92 ter, 93 y 99, respectivamente, de la Ley de Contrato de Trabajo N\u00b0 20.744\u2033.<\/p>\n\n\n\n<p>Tambi\u00e9n estar\u00edan contempladas las \u201ccontrataciones bajo el <strong>r\u00e9gimen de locaci\u00f3n de servicios <\/strong>en forma individual\u201d; y \u201cla contrataci\u00f3n de empresas dedicadas a la prestaci\u00f3n de servicios eventuales, de acuerdo a lo establecido en la Ley de Contrato de Trabajo\u201d.<\/p>\n\n\n\n<p>Sin embargo, el Estado aclar\u00f3 que no estar\u00edan alcanzadas por dicha prohibici\u00f3n \u201clas <strong>contrataciones de personal por circunstancias de estacionalidad o requerimiento de producci\u00f3n<\/strong> debidamente acreditado, de acuerdo a las particularidades de cada empresa o sociedad\u201d.<\/p>\n\n\n\n<p>Lo que s\u00ed est\u00e1 claro es que la cantidad de asalariados totales del Estado alcanzaron un nuevo pico a nivel pa\u00eds en mayo. <strong>No ocurri\u00f3 lo mismo en las otras categor\u00edas del trabajo registrado.<\/strong><\/p>\n\n\n\n<p>De acuerdo al Ministerio de Trabajo, <strong>el empleo privado sigue creciendo en las comparaciones interanuales, pero hoy se encuentra por debajo del techo de marzo de 2023,<\/strong> cuando se lleg\u00f3 a un total de 6.371.579 asalariados privados formales.<\/p>\n","protected":false},"excerpt":{"rendered":"<p>La informaci\u00f3n sobre el gasto en planta de empleados p\u00fablicos que publica el Instituto Nacional de Estad\u00edsticas y Censos (INDEC) y que fue anunciada con bombos y platillos durante la asunci\u00f3n de Sergio Massa como ministro de Econom\u00eda demuestra que ese gasto no s\u00f3lo no se congel\u00f3, sino que avanz\u00f3 en los \u00faltimos meses. Una&hellip;<\/p>\n","protected":false},"author":1,"featured_media":124502,"comment_status":"open","ping_status":"open","sticky":false,"template":"","format":"standard","meta":{"footnotes":""},"categories":[9,13],"tags":[40805,2450,849,40804,2200,526,8190,4887,22025,3780],"class_list":["post-124501","post","type-post","status-publish","format-standard","has-post-thumbnail","hentry","category-economia","category-politica","tag-ajuste-fiscal","tag-diario-el-sindical","tag-estado","tag-gasto-publico-en-argentina","tag-indec","tag-informes","tag-municipios","tag-noquis","tag-politica","tag-provincias"],"_links":{"self":[{"href":"https:\/\/www.elsindical.com.ar\/notas\/wp-json\/wp\/v2\/posts\/124501","targetHints":{"allow":["GET"]}}],"collection":[{"href":"https:\/\/www.elsindical.com.ar\/notas\/wp-json\/wp\/v2\/posts"}],"about":[{"href":"https:\/\/www.elsindical.com.ar\/notas\/wp-json\/wp\/v2\/types\/post"}],"author":[{"embeddable":true,"href":"https:\/\/www.elsindical.com.ar\/notas\/wp-json\/wp\/v2\/users\/1"}],"replies":[{"embeddable":true,"href":"https:\/\/www.elsindical.com.ar\/notas\/wp-json\/wp\/v2\/comments?post=124501"}],"version-history":[{"count":1,"href":"https:\/\/www.elsindical.com.ar\/notas\/wp-json\/wp\/v2\/posts\/124501\/revisions"}],"predecessor-version":[{"id":124503,"href":"https:\/\/www.elsindical.com.ar\/notas\/wp-json\/wp\/v2\/posts\/124501\/revisions\/124503"}],"wp:featuredmedia":[{"embeddable":true,"href":"https:\/\/www.elsindical.com.ar\/notas\/wp-json\/wp\/v2\/media\/124502"}],"wp:attachment":[{"href":"https:\/\/www.elsindical.com.ar\/notas\/wp-json\/wp\/v2\/media?parent=124501"}],"wp:term":[{"taxonomy":"category","embeddable":true,"href":"https:\/\/www.elsindical.com.ar\/notas\/wp-json\/wp\/v2\/categories?post=124501"},{"taxonomy":"post_tag","embeddable":true,"href":"https:\/\/www.elsindical.com.ar\/notas\/wp-json\/wp\/v2\/tags?post=124501"}],"curies":[{"name":"wp","href":"https:\/\/api.w.org\/{rel}","templated":true}]}}