{"id":124432,"date":"2023-08-04T00:07:56","date_gmt":"2023-08-04T03:07:56","guid":{"rendered":"https:\/\/www.elsindical.com.ar\/notas\/?p=124432"},"modified":"2023-08-04T00:07:56","modified_gmt":"2023-08-04T03:07:56","slug":"tras-el-ciberataque-pami-aseguro-que-las-prestaciones-estan-garantizadas","status":"publish","type":"post","link":"https:\/\/www.elsindical.com.ar\/notas\/tras-el-ciberataque-pami-aseguro-que-las-prestaciones-estan-garantizadas\/","title":{"rendered":"Tras el ciberataque, PAMI asegur\u00f3 que las prestaciones est\u00e1n garantizadas"},"content":{"rendered":"<div class=\"wp-block-image\">\n<figure class=\"aligncenter size-full\"><a href=\"https:\/\/www.elsindical.com.ar\/notas\/var\/www\/html\/notas\/wp-content\/uploads\/2023\/08\/PAMI-muro.jpg\"><img loading=\"lazy\" decoding=\"async\" width=\"682\" height=\"432\" src=\"https:\/\/www.elsindical.com.ar\/notas\/var\/www\/html\/notas\/wp-content\/uploads\/2023\/08\/PAMI-muro.jpg\" alt=\"\" class=\"wp-image-124433\" srcset=\"https:\/\/www.elsindical.com.ar\/notas\/var\/www\/html\/notas\/wp-content\/uploads\/2023\/08\/PAMI-muro.jpg 682w, https:\/\/www.elsindical.com.ar\/notas\/var\/www\/html\/notas\/wp-content\/uploads\/2023\/08\/PAMI-muro-300x190.jpg 300w, https:\/\/www.elsindical.com.ar\/notas\/var\/www\/html\/notas\/wp-content\/uploads\/2023\/08\/PAMI-muro-474x300.jpg 474w\" sizes=\"auto, (max-width: 682px) 100vw, 682px\" \/><\/a><\/figure>\n<\/div>\n\n\n<p>El acceso a las prestaciones y medicamentos de los afiliados al PAMI, as\u00ed como su base de datos, <strong>\u201cse encuentran garantizados y resguardados\u201d, <\/strong>tras el ciberataque a los sistemas del organismo, seg\u00fan inform\u00f3 esta tarde la gerencia de Comunicaci\u00f3n y Relaciones Institucionales de la obra social.<\/p>\n\n\n\n<p>\u201cInformamos la situaci\u00f3n actual en relaci\u00f3n al ciberataque a los sistemas de PAMI. Reiteramos que el ataque ha sido mitigado y <strong>la base de datos con toda la informaci\u00f3n de nuestros afiliados se encuentra resguardada <\/strong>y protegida\u201d, asegur\u00f3 la entidad en un comunicado.<\/p>\n\n\n\n<p>Tras asegurar que \u201cel acceso a las prestaciones y medicamentos de los afiliados de PAMI se encuentra garantizado\u201d, desde la gerencia indicaron que <strong>un equipo t\u00e9cnico trabaja para restablecer la funcionalidad completa <\/strong>de los sistemas.<\/p>\n\n\n\n<p>Adem\u00e1s, se\u00f1al\u00f3 que \u201ctodas las <strong>recetas y \u00f3rdenes m\u00e9dicas se realizar\u00e1n en formato papel, sistema vigente en la inmensa mayor\u00eda de las obras sociales y <\/strong>prepagas del pa\u00eds\u201d.<\/p>\n\n\n\n<p>Y agreg\u00f3 que \u201clos afiliados acudir\u00e1n a la farmacia con la <strong>receta en papel, debidamente firmada y sellada, junto a la credencial en cualquiera de sus formatos, y el DNI<\/strong>\u201c.<\/p>\n\n\n\n<p>Las recetas en papel tendr\u00e1n vigencia mientras dure la contingencia, especific\u00f3 el organismo.<\/p>\n\n\n\n<p>Los pacientes que ya tienen recetas emitidas en el sistema podr\u00e1n acudir a su farmacia normalmente y como <strong>\u201chan hecho m\u00e1s de 300 mil personas en el d\u00eda de hoy\u201d, <\/strong>se explic\u00f3 en otra parte el comunicado.<\/p>\n\n\n\n<p>La dispensa en la red de farmacias PAMI se mantiene en los niveles habituales, <strong>al igual que las consultas m\u00e9dicas, pr\u00e1cticas y derivaciones, <\/strong>las cuales tambi\u00e9n se realizan con normalidad.<\/p>\n\n\n\n<p>Las \u00f3rdenes m\u00e9dicas, en tanto, <strong>se realizar\u00e1n en formato papel y ser\u00e1n entregadas al afiliado para que acceda a su derivaci\u00f3n correspondiente<\/strong>, junto con la credencial y el DNI, como es habitual.<\/p>\n\n\n\n<p>\u201cQueremos llevar tranquilidad a la comunidad, <strong>nuestros protocolos de protecci\u00f3n de la informaci\u00f3n han funcionado correctamente <\/strong>y mediante estas acciones estamos garantizando la atenci\u00f3n m\u00e9dica a nuestros afiliados\u201d, completaron.<\/p>\n\n\n\n<p>Frente alguna situaci\u00f3n que requiera atenci\u00f3n, los afiliados pueden <strong>comunicarse al 138 PAMI Escucha y Responde<\/strong><\/p>\n","protected":false},"excerpt":{"rendered":"<p>El acceso a las prestaciones y medicamentos de los afiliados al PAMI, as\u00ed como su base de datos, \u201cse encuentran garantizados y resguardados\u201d, tras el ciberataque a los sistemas del organismo, seg\u00fan inform\u00f3 esta tarde la gerencia de Comunicaci\u00f3n y Relaciones Institucionales de la obra social. \u201cInformamos la situaci\u00f3n actual en relaci\u00f3n al ciberataque a&hellip;<\/p>\n","protected":false},"author":1,"featured_media":124433,"comment_status":"open","ping_status":"open","sticky":false,"template":"","format":"standard","meta":{"footnotes":""},"categories":[25],"tags":[3360,6577,40777,2450,3582],"class_list":["post-124432","post","type-post","status-publish","format-standard","has-post-thumbnail","hentry","category-sociedad","tag-afiliados","tag-base-de-datos","tag-ciberataque","tag-diario-el-sindical","tag-pami"],"_links":{"self":[{"href":"https:\/\/www.elsindical.com.ar\/notas\/wp-json\/wp\/v2\/posts\/124432","targetHints":{"allow":["GET"]}}],"collection":[{"href":"https:\/\/www.elsindical.com.ar\/notas\/wp-json\/wp\/v2\/posts"}],"about":[{"href":"https:\/\/www.elsindical.com.ar\/notas\/wp-json\/wp\/v2\/types\/post"}],"author":[{"embeddable":true,"href":"https:\/\/www.elsindical.com.ar\/notas\/wp-json\/wp\/v2\/users\/1"}],"replies":[{"embeddable":true,"href":"https:\/\/www.elsindical.com.ar\/notas\/wp-json\/wp\/v2\/comments?post=124432"}],"version-history":[{"count":1,"href":"https:\/\/www.elsindical.com.ar\/notas\/wp-json\/wp\/v2\/posts\/124432\/revisions"}],"predecessor-version":[{"id":124434,"href":"https:\/\/www.elsindical.com.ar\/notas\/wp-json\/wp\/v2\/posts\/124432\/revisions\/124434"}],"wp:featuredmedia":[{"embeddable":true,"href":"https:\/\/www.elsindical.com.ar\/notas\/wp-json\/wp\/v2\/media\/124433"}],"wp:attachment":[{"href":"https:\/\/www.elsindical.com.ar\/notas\/wp-json\/wp\/v2\/media?parent=124432"}],"wp:term":[{"taxonomy":"category","embeddable":true,"href":"https:\/\/www.elsindical.com.ar\/notas\/wp-json\/wp\/v2\/categories?post=124432"},{"taxonomy":"post_tag","embeddable":true,"href":"https:\/\/www.elsindical.com.ar\/notas\/wp-json\/wp\/v2\/tags?post=124432"}],"curies":[{"name":"wp","href":"https:\/\/api.w.org\/{rel}","templated":true}]}}