{"id":124429,"date":"2023-08-04T00:01:51","date_gmt":"2023-08-04T03:01:51","guid":{"rendered":"https:\/\/www.elsindical.com.ar\/notas\/?p=124429"},"modified":"2023-08-04T00:01:51","modified_gmt":"2023-08-04T03:01:51","slug":"ezeiza-detienen-a-una-joven-de-20-anos-con-78-capsulas-de-cocaina-en-el-cuerpo","status":"publish","type":"post","link":"https:\/\/www.elsindical.com.ar\/notas\/ezeiza-detienen-a-una-joven-de-20-anos-con-78-capsulas-de-cocaina-en-el-cuerpo\/","title":{"rendered":"Ezeiza: Detienen a una joven de 20 a\u00f1os con 78 c\u00e1psulas de coca\u00edna en el cuerpo"},"content":{"rendered":"<div class=\"wp-block-image\">\n<figure class=\"aligncenter size-full\"><a href=\"https:\/\/www.elsindical.com.ar\/notas\/var\/www\/html\/notas\/wp-content\/uploads\/2023\/08\/Ezeiza-PSA.jpeg\"><img loading=\"lazy\" decoding=\"async\" width=\"800\" height=\"483\" src=\"https:\/\/www.elsindical.com.ar\/notas\/var\/www\/html\/notas\/wp-content\/uploads\/2023\/08\/Ezeiza-PSA.jpeg\" alt=\"\" class=\"wp-image-124430\" srcset=\"https:\/\/www.elsindical.com.ar\/notas\/var\/www\/html\/notas\/wp-content\/uploads\/2023\/08\/Ezeiza-PSA.jpeg 800w, https:\/\/www.elsindical.com.ar\/notas\/var\/www\/html\/notas\/wp-content\/uploads\/2023\/08\/Ezeiza-PSA-300x181.jpeg 300w, https:\/\/www.elsindical.com.ar\/notas\/var\/www\/html\/notas\/wp-content\/uploads\/2023\/08\/Ezeiza-PSA-768x464.jpeg 768w, https:\/\/www.elsindical.com.ar\/notas\/var\/www\/html\/notas\/wp-content\/uploads\/2023\/08\/Ezeiza-PSA-497x300.jpeg 497w\" sizes=\"auto, (max-width: 800px) 100vw, 800px\" \/><\/a><\/figure>\n<\/div>\n\n\n<p class=\"wp-block-paragraph\"><strong>Una joven de 20 a\u00f1os fue detenida en el Aeropuerto Internacional de Ezeiza cuando planeaba abordar un vuelo con destino a Barcelona, Espa\u00f1a, con 78 c\u00e1psulas de coca\u00edna dentro de su cuerpo,<\/strong> informaron a T\u00e9lam fuentes judiciales.<\/p>\n\n\n\n<p class=\"wp-block-paragraph\">La joven, cuyas iniciales son A.F. y domiciliada en la Ciudad de Buenos Aires, fue detenida el pasado s\u00e1bado y permaneci\u00f3 internada hasta ayer en el Hospital de Ezeiza,<strong> cuando fue dada de alta y trasladada a los tribunales de Comodoro Py, donde se neg\u00f3 a declarar ante el juez en lo Penal Econ\u00f3mico Marcelo Aguinsky.<\/strong><\/p>\n\n\n\n<p class=\"wp-block-paragraph\">El episodio fue descubierto el pasado s\u00e1bado cuando la joven se aprestaba a abordar en el Aeropuerto de Ezeiza cerca de las 9.30 el vuelo IB 2606 de la l\u00ednea a\u00e9rea Level con destino a Barcelona.0<\/p>\n\n\n\n<p class=\"wp-block-paragraph\">Seg\u00fan las fuentes de la investigaci\u00f3n, en cierto momento mientras la joven de hallaba en el hall p\u00fablico de la Terminal A de la aeroestaci\u00f3n se le acerc\u00f3 personal de la Polic\u00eda de Seguridad Aeroportuaria (PSA) y de la Direcci\u00f3n General de Aduanas (DGA) y le hicieron algunas preguntas porque la notaron nerviosa.<\/p>\n\n\n\n<p class=\"wp-block-paragraph\">En ese momento, la chica, que d\u00edas antes hab\u00eda cumplido 20 a\u00f1os, respondi\u00f3 de manera \u00abdubitativa e incongruente\u00bb, por lo que los investigadores decidieron que pase por el Escaner de Rayos X.<\/p>\n\n\n\n<p class=\"wp-block-paragraph\">All\u00ed se descubri\u00f3 que la joven hab\u00eda ingerido 78 c\u00e1psulas de 10 gramos de coca\u00edna cada una y las llevaba dentro de su cuerpo, por lo que de inmediato qued\u00f3 en calidad de detenida y<strong> fue trasladada al Hospital Zonal General de Agudos Doctor Alberto Antranik Eurnekian, donde qued\u00f3 internada.<\/strong><\/p>\n\n\n\n<p class=\"wp-block-paragraph\">Una fuente judicial explic\u00f3 a T\u00e9lam que en el centro asistencial, \u00ablos m\u00e9dicos detectaron la presencia de elementos extra\u00f1os introducidos en la zona vaginal y en el sistema digestivo\u00bb, por lo que fue sometida a un tratamiento para la evacuaci\u00f3n total de todas las c\u00e1psulas.<\/p>\n\n\n\n<p class=\"wp-block-paragraph\">Fuentes judiciales aseguraron a T\u00e9lam que la joven fue dada de alta ayer y hoy pudo ser indagada por el juez Aguinsky, quien le imput\u00f3 el delito de \u00abcontrabando de drogas para su comercializaci\u00f3n\u00bb, el cual prev\u00e9 penas de hasta 16 a\u00f1os de c\u00e1rcel.<\/p>\n\n\n\n<p class=\"wp-block-paragraph\">Ahora los investigadores intentar\u00e1n determinar de d\u00f3nde proven\u00eda la droga y <strong>cu\u00e1l era el destino final, dijeron las fuentes, que aseguraron que se allan\u00f3 la casa de la joven detenida pero el resultado fue negativo,<\/strong><\/p>\n","protected":false},"excerpt":{"rendered":"<p>Una joven de 20 a\u00f1os fue detenida en el Aeropuerto Internacional de Ezeiza cuando planeaba abordar un vuelo con destino a Barcelona, Espa\u00f1a, con 78 c\u00e1psulas de coca\u00edna dentro de su cuerpo, informaron a T\u00e9lam fuentes judiciales. La joven, cuyas iniciales son A.F. y domiciliada en la Ciudad de Buenos Aires, fue detenida el pasado&hellip;<\/p>\n","protected":false},"author":1,"featured_media":124430,"comment_status":"open","ping_status":"open","sticky":false,"template":"","format":"standard","meta":{"footnotes":""},"categories":[22],"tags":[1621,9557,11479,43,2450,267,661,4543],"class_list":["post-124429","post","type-post","status-publish","format-standard","has-post-thumbnail","hentry","category-policiales","tag-aeropuerto","tag-barcelona","tag-capsulas","tag-cocaina","tag-diario-el-sindical","tag-espana","tag-ezeiza","tag-mula"],"_links":{"self":[{"href":"https:\/\/www.elsindical.com.ar\/notas\/wp-json\/wp\/v2\/posts\/124429","targetHints":{"allow":["GET"]}}],"collection":[{"href":"https:\/\/www.elsindical.com.ar\/notas\/wp-json\/wp\/v2\/posts"}],"about":[{"href":"https:\/\/www.elsindical.com.ar\/notas\/wp-json\/wp\/v2\/types\/post"}],"author":[{"embeddable":true,"href":"https:\/\/www.elsindical.com.ar\/notas\/wp-json\/wp\/v2\/users\/1"}],"replies":[{"embeddable":true,"href":"https:\/\/www.elsindical.com.ar\/notas\/wp-json\/wp\/v2\/comments?post=124429"}],"version-history":[{"count":1,"href":"https:\/\/www.elsindical.com.ar\/notas\/wp-json\/wp\/v2\/posts\/124429\/revisions"}],"predecessor-version":[{"id":124431,"href":"https:\/\/www.elsindical.com.ar\/notas\/wp-json\/wp\/v2\/posts\/124429\/revisions\/124431"}],"wp:featuredmedia":[{"embeddable":true,"href":"https:\/\/www.elsindical.com.ar\/notas\/wp-json\/wp\/v2\/media\/124430"}],"wp:attachment":[{"href":"https:\/\/www.elsindical.com.ar\/notas\/wp-json\/wp\/v2\/media?parent=124429"}],"wp:term":[{"taxonomy":"category","embeddable":true,"href":"https:\/\/www.elsindical.com.ar\/notas\/wp-json\/wp\/v2\/categories?post=124429"},{"taxonomy":"post_tag","embeddable":true,"href":"https:\/\/www.elsindical.com.ar\/notas\/wp-json\/wp\/v2\/tags?post=124429"}],"curies":[{"name":"wp","href":"https:\/\/api.w.org\/{rel}","templated":true}]}}