{"id":124293,"date":"2023-07-28T10:31:15","date_gmt":"2023-07-28T13:31:15","guid":{"rendered":"https:\/\/www.elsindical.com.ar\/notas\/?p=124293"},"modified":"2023-07-28T10:31:16","modified_gmt":"2023-07-28T13:31:16","slug":"tiktok-en-que-consiste-la-nueva-funcion-que-permite-compartir-publicaciones-de-texto","status":"publish","type":"post","link":"https:\/\/www.elsindical.com.ar\/notas\/tiktok-en-que-consiste-la-nueva-funcion-que-permite-compartir-publicaciones-de-texto\/","title":{"rendered":"TikTok: en qu\u00e9 consiste la nueva funci\u00f3n que permite compartir publicaciones de texto"},"content":{"rendered":"<div class=\"wp-block-image\">\n<figure class=\"aligncenter size-full\"><a href=\"https:\/\/www.elsindical.com.ar\/notas\/var\/www\/html\/notas\/wp-content\/uploads\/2023\/07\/Tik-Tok-publicidad.jpg\"><img loading=\"lazy\" decoding=\"async\" width=\"783\" height=\"423\" src=\"https:\/\/www.elsindical.com.ar\/notas\/var\/www\/html\/notas\/wp-content\/uploads\/2023\/07\/Tik-Tok-publicidad.jpg\" alt=\"\" class=\"wp-image-124295\" srcset=\"https:\/\/www.elsindical.com.ar\/notas\/var\/www\/html\/notas\/wp-content\/uploads\/2023\/07\/Tik-Tok-publicidad.jpg 783w, https:\/\/www.elsindical.com.ar\/notas\/var\/www\/html\/notas\/wp-content\/uploads\/2023\/07\/Tik-Tok-publicidad-300x162.jpg 300w, https:\/\/www.elsindical.com.ar\/notas\/var\/www\/html\/notas\/wp-content\/uploads\/2023\/07\/Tik-Tok-publicidad-768x415.jpg 768w, https:\/\/www.elsindical.com.ar\/notas\/var\/www\/html\/notas\/wp-content\/uploads\/2023\/07\/Tik-Tok-publicidad-500x270.jpg 500w\" sizes=\"auto, (max-width: 783px) 100vw, 783px\" \/><\/a><\/figure>\n<\/div>\n\n\n<p>La famosa aplicaci\u00f3n de videos agreg\u00f3 un formato muy similar al de las historias de Instagram o los estados de WhatsApp.<\/p>\n\n\n\n<p><strong>TikTok<\/strong> a\u00f1adi\u00f3 una nueva funci\u00f3n, que presenta un formato muy similar al de las historias de Instagram o los estados de <strong>WhatsApp.<\/strong>\u00a0Ahora, los usuarios de la famosa aplicaci\u00f3n de videos tienen la posibilidad de <strong>compartir publicaciones de texto con m\u00fasica y stickers.<\/strong><\/p>\n\n\n\n<p>Esta caracter\u00edstica por parte de la empresa china llega en un momento en el que plataformas como Threads, Mastodon, o Bluesky, por ejemplo, se encuentran <strong>intentando posicionarse como un sustituto viable de Twitter.<\/strong><\/p>\n\n\n\n<p>Las novedosas publicaciones de texto tienen un aspecto visual parecido al de las Stories de Instagram. En ellas, los usuarios pueden a\u00f1adir un color de fondo, editar c\u00f3mo aparece el texto y hasta a\u00f1adir m\u00fasica y stickers al clip, siempre dentro del l\u00edmite de los <strong>1.000 caracteres.<\/strong><\/p>\n\n\n\n<h2 class=\"wp-block-heading\">Qu\u00e9 son y c\u00f3mo funcionan los tiktoks de texto&nbsp;<\/h2>\n\n\n\n<p>Seg\u00fan explic\u00f3 la compa\u00f1\u00eda en su blog oficial, las nuevas publicaciones de texto ofrecen una <strong>experiencia sencilla <\/strong>que facilita compartir contenidos de texto. Dentro de la aplicaci\u00f3n, al acceder a la pantalla de c\u00e1mara el usuario podr\u00e1 elegir tres opciones: <strong>foto, video y texto<\/strong>. Al seleccionar esta \u00faltima, se redirigir\u00e1 a la p\u00e1gina de creaci\u00f3n, donde se podr\u00e1 escribir el contenido de la publicaci\u00f3n.<\/p>\n\n\n\n<p>La nueva pantalla de publicaci\u00f3n posee opciones conocidas para personalizar el contenido, entre las cuales se incluyen: a\u00f1adir sonido, etiquetar una ubicaci\u00f3n, habilitar comentarios y permitir Duetos, entre otras funciones que le agregar\u00e1n <strong>dinamismo<\/strong> a las publicaciones de texto.<\/p>\n\n\n\n<figure class=\"wp-block-image size-large\"><a href=\"https:\/\/www.elsindical.com.ar\/notas\/var\/www\/html\/notas\/wp-content\/uploads\/2023\/07\/Tik-Tok-texto.jpg\"><img loading=\"lazy\" decoding=\"async\" width=\"1024\" height=\"859\" src=\"https:\/\/www.elsindical.com.ar\/notas\/var\/www\/html\/notas\/wp-content\/uploads\/2023\/07\/Tik-Tok-texto-1024x859.jpg\" alt=\"\" class=\"wp-image-124294\" srcset=\"https:\/\/www.elsindical.com.ar\/notas\/var\/www\/html\/notas\/wp-content\/uploads\/2023\/07\/Tik-Tok-texto-1024x859.jpg 1024w, https:\/\/www.elsindical.com.ar\/notas\/var\/www\/html\/notas\/wp-content\/uploads\/2023\/07\/Tik-Tok-texto-300x252.jpg 300w, https:\/\/www.elsindical.com.ar\/notas\/var\/www\/html\/notas\/wp-content\/uploads\/2023\/07\/Tik-Tok-texto-768x644.jpg 768w, https:\/\/www.elsindical.com.ar\/notas\/var\/www\/html\/notas\/wp-content\/uploads\/2023\/07\/Tik-Tok-texto-358x300.jpg 358w, https:\/\/www.elsindical.com.ar\/notas\/var\/www\/html\/notas\/wp-content\/uploads\/2023\/07\/Tik-Tok-texto.jpg 1170w\" sizes=\"auto, (max-width: 1024px) 100vw, 1024px\" \/><\/a><\/figure>\n\n\n\n<h2 class=\"wp-block-heading\">Publicaciones de texto en TikTok: las nuevas opciones<\/h2>\n\n\n\n<ul class=\"wp-block-list\">\n<li><strong>Colores de fondo<\/strong>: ideal para combinar con el color de letra y que los textos sean legibles.<\/li>\n\n\n\n<li><strong>Sonido<\/strong>: melod\u00edas para que los seguidores escuchen mientras leen los textos.<\/li>\n\n\n\n<li><strong>Stickers, tags y hashtags<\/strong>: los nuevos tiktoks de texto aceptar\u00e1n stickers, menciones a otras cuentas y hashtags.<\/li>\n\n\n\n<li><strong>Borradores<\/strong>: opci\u00f3n para guardar y almacenar bocetos o apuntes para editarlos y\/o publicarlos en otro momento.<\/li>\n<\/ul>\n","protected":false},"excerpt":{"rendered":"<p>La famosa aplicaci\u00f3n de videos agreg\u00f3 un formato muy similar al de las historias de Instagram o los estados de WhatsApp. TikTok a\u00f1adi\u00f3 una nueva funci\u00f3n, que presenta un formato muy similar al de las historias de Instagram o los estados de WhatsApp.\u00a0Ahora, los usuarios de la famosa aplicaci\u00f3n de videos tienen la posibilidad de&hellip;<\/p>\n","protected":false},"author":1,"featured_media":124295,"comment_status":"open","ping_status":"open","sticky":false,"template":"","format":"standard","meta":{"footnotes":""},"categories":[29],"tags":[2450,28640,40736,33441],"class_list":["post-124293","post","type-post","status-publish","format-standard","has-post-thumbnail","hentry","category-informatica","tag-diario-el-sindical","tag-publicaciones","tag-textom-funciones","tag-tik-tok"],"_links":{"self":[{"href":"https:\/\/www.elsindical.com.ar\/notas\/wp-json\/wp\/v2\/posts\/124293","targetHints":{"allow":["GET"]}}],"collection":[{"href":"https:\/\/www.elsindical.com.ar\/notas\/wp-json\/wp\/v2\/posts"}],"about":[{"href":"https:\/\/www.elsindical.com.ar\/notas\/wp-json\/wp\/v2\/types\/post"}],"author":[{"embeddable":true,"href":"https:\/\/www.elsindical.com.ar\/notas\/wp-json\/wp\/v2\/users\/1"}],"replies":[{"embeddable":true,"href":"https:\/\/www.elsindical.com.ar\/notas\/wp-json\/wp\/v2\/comments?post=124293"}],"version-history":[{"count":1,"href":"https:\/\/www.elsindical.com.ar\/notas\/wp-json\/wp\/v2\/posts\/124293\/revisions"}],"predecessor-version":[{"id":124296,"href":"https:\/\/www.elsindical.com.ar\/notas\/wp-json\/wp\/v2\/posts\/124293\/revisions\/124296"}],"wp:featuredmedia":[{"embeddable":true,"href":"https:\/\/www.elsindical.com.ar\/notas\/wp-json\/wp\/v2\/media\/124295"}],"wp:attachment":[{"href":"https:\/\/www.elsindical.com.ar\/notas\/wp-json\/wp\/v2\/media?parent=124293"}],"wp:term":[{"taxonomy":"category","embeddable":true,"href":"https:\/\/www.elsindical.com.ar\/notas\/wp-json\/wp\/v2\/categories?post=124293"},{"taxonomy":"post_tag","embeddable":true,"href":"https:\/\/www.elsindical.com.ar\/notas\/wp-json\/wp\/v2\/tags?post=124293"}],"curies":[{"name":"wp","href":"https:\/\/api.w.org\/{rel}","templated":true}]}}