{"id":12426,"date":"2011-02-11T20:33:49","date_gmt":"2011-02-11T23:33:49","guid":{"rendered":"http:\/\/www.elsindical.com.ar\/notas\/?p=12426"},"modified":"2011-02-11T20:33:49","modified_gmt":"2011-02-11T23:33:49","slug":"geronimo-venegas-fue-excarcelado-con-una-caucion-real","status":"publish","type":"post","link":"https:\/\/www.elsindical.com.ar\/notas\/geronimo-venegas-fue-excarcelado-con-una-caucion-real\/","title":{"rendered":"Ger\u00f3nimo Venegas fue excarcelado con una cauci\u00f3n real"},"content":{"rendered":"<p style=\"text-align: justify;\"><em><a href=\"http:\/\/www.elsindical.com.ar\/notas\/var\/www\/html\/notas\/wp-content\/uploads\/2011\/02\/Venegas-detenido.jpg\"><img loading=\"lazy\" decoding=\"async\" class=\"alignleft size-medium wp-image-12391\" title=\"Venegas-detenido\" src=\"http:\/\/www.elsindical.com.ar\/notas\/var\/www\/html\/notas\/wp-content\/uploads\/2011\/02\/Venegas-detenido-300x179.jpg\" alt=\"\" width=\"300\" height=\"179\" srcset=\"https:\/\/www.elsindical.com.ar\/notas\/var\/www\/html\/notas\/wp-content\/uploads\/2011\/02\/Venegas-detenido-300x179.jpg 300w, https:\/\/www.elsindical.com.ar\/notas\/var\/www\/html\/notas\/wp-content\/uploads\/2011\/02\/Venegas-detenido.jpg 413w\" sizes=\"auto, (max-width: 300px) 100vw, 300px\" \/><\/a>\u00a0A s\u00f3lo 24 horas de su detenci\u00f3n y luego de tomarle declaraci\u00f3n indagatoria, el magistrado federal Norberto Oyarbide decidi\u00f3 dejar en libertad al secretario general de UATRE, que deber\u00e1 pagar <strong>una cauci\u00f3n de $500 mil.<\/strong> Seguidores del l\u00edder sindical se movilizaron durante todo el d\u00eda y <strong>hab\u00edan amenazado con llevar los piquetes a la puerta de la casa del propio juez.<\/strong><\/em><\/p>\n<p style=\"text-align: justify;\">En 24 horas y luego de un importante procedimiento policial, el juez federal Norberto Oyarbide decidi\u00f3 liberar al secretario general de la UATRE, Ger\u00f3nimo Venegas.<\/p>\n<p style=\"text-align: justify;\">La informaci\u00f3n fue confirmada por el dirigente gremial <strong>Jorge Pirotta<\/strong>, que se contact\u00f3 telef\u00f3nicamente con los abogados de Venegas, que se encontraban dentro de los tribunales de Comodoro Py.<\/p>\n<p style=\"text-align: justify;\">Fuentes judiciales explicaron<strong> <\/strong>que el gremialista deber\u00e1 pagar una cauci\u00f3n de <strong>500 mil pesos,<\/strong> tal como lo hab\u00eda solicitado el Fiscal Federal \u00a0Luis Comparatore al recomendar su liberaci\u00f3n.<\/p>\n<p style=\"text-align: justify;\">Durante la indagatoria, Venegas y sus abogados tomaron conocimiento de los delitos que se le imputaban al l\u00edder sindical.<\/p>\n<p style=\"text-align: justify;\">El interrogatorio se dividi\u00f3 en tres partes y finaliz\u00f3 casi a las 20:00 hs., cuando el juez le comunic\u00f3 la decisi\u00f3n de liberarlo.<\/p>\n<p style=\"text-align: justify;\">Ahora el magistrado tendr\u00e1 10 d\u00edas para definir la situaci\u00f3n procesal de Venegas. Oyarbide puede procesar con o sin prisi\u00f3n preventiva al gremialista, dictar su sobreseimiento o la falta de m\u00e9rito.<\/p>\n<p style=\"text-align: justify;\">Venegas ser\u00e1 trasladado en los pr\u00f3ximos minutos a la alcaid\u00eda de Villa Lugano, en donde realizar\u00e1 los \u00faltimos tr\u00e1mites administrativos antes de recuperar la libertad.<\/p>\n<p><strong>Las acusaciones contra Venegas<\/strong><\/p>\n<p style=\"text-align: justify;\">Las tres imputaciones que pesan sobre el l\u00edder sindical son: asociaci\u00f3n il\u00edcita, irregularidades en el manejo de subsidios e infracci\u00f3n a la ley de marcas.<\/p>\n<p>Seg\u00fan detallaron fuentes judiciales, la primera imputaci\u00f3n apunta a la participaci\u00f3n que hubiera tenido Venegas como integrante de una organizaci\u00f3n il\u00edcita.<\/p>\n<p>La segunda est\u00e1 relacionada con la compra de veh\u00edculos con fondos provenientes de la APE para tratamientos oncol\u00f3gicos (alrededor de $2 millones).\u00a0<\/p>\n<p>La \u00faltima acusaci\u00f3n est\u00e1 relacionada con la falsificaci\u00f3n de troqueles de medicamentos.\u00a0<\/p>\n<p>Las razones por las cuales Venegas hab\u00eda sido detenido y posteriormente citado a indagatoria eran hasta hoy un misterio, ya que el magistrado ni siquiera se lo hab\u00eda notificado al propio acusado.\u00a0<\/p>\n<p style=\"text-align: justify;\">El primer contacto que tuvo la defensa de Venegas con el expediente fue en el mediod\u00eda de hoy, cuando los abogados arribaron a los tribunales de Comodoro Py para la indagatoria.<\/p>\n","protected":false},"excerpt":{"rendered":"<p>\u00a0A s\u00f3lo 24 horas de su detenci\u00f3n y luego de tomarle declaraci\u00f3n indagatoria, el magistrado federal Norberto Oyarbide decidi\u00f3 dejar en libertad al secretario general de UATRE, que deber\u00e1 pagar una cauci\u00f3n de $500 mil. Seguidores del l\u00edder sindical se movilizaron durante todo el d\u00eda y hab\u00edan amenazado con llevar los piquetes a la puerta&hellip;<\/p>\n","protected":false},"author":1,"featured_media":0,"comment_status":"open","ping_status":"open","sticky":false,"template":"","format":"standard","meta":{"footnotes":""},"categories":[20],"tags":[5958,3238,426,5056,1684,5642],"class_list":["post-12426","post","type-post","status-publish","format-standard","hentry","category-judiciales","tag-caucion","tag-fiscal-federal-luis-comparatore","tag-geronimo-venegas","tag-juez-federal-norbero-oyarbide","tag-libertad","tag-uatre"],"_links":{"self":[{"href":"https:\/\/www.elsindical.com.ar\/notas\/wp-json\/wp\/v2\/posts\/12426","targetHints":{"allow":["GET"]}}],"collection":[{"href":"https:\/\/www.elsindical.com.ar\/notas\/wp-json\/wp\/v2\/posts"}],"about":[{"href":"https:\/\/www.elsindical.com.ar\/notas\/wp-json\/wp\/v2\/types\/post"}],"author":[{"embeddable":true,"href":"https:\/\/www.elsindical.com.ar\/notas\/wp-json\/wp\/v2\/users\/1"}],"replies":[{"embeddable":true,"href":"https:\/\/www.elsindical.com.ar\/notas\/wp-json\/wp\/v2\/comments?post=12426"}],"version-history":[{"count":1,"href":"https:\/\/www.elsindical.com.ar\/notas\/wp-json\/wp\/v2\/posts\/12426\/revisions"}],"predecessor-version":[{"id":12427,"href":"https:\/\/www.elsindical.com.ar\/notas\/wp-json\/wp\/v2\/posts\/12426\/revisions\/12427"}],"wp:attachment":[{"href":"https:\/\/www.elsindical.com.ar\/notas\/wp-json\/wp\/v2\/media?parent=12426"}],"wp:term":[{"taxonomy":"category","embeddable":true,"href":"https:\/\/www.elsindical.com.ar\/notas\/wp-json\/wp\/v2\/categories?post=12426"},{"taxonomy":"post_tag","embeddable":true,"href":"https:\/\/www.elsindical.com.ar\/notas\/wp-json\/wp\/v2\/tags?post=12426"}],"curies":[{"name":"wp","href":"https:\/\/api.w.org\/{rel}","templated":true}]}}