{"id":124245,"date":"2023-07-26T00:55:25","date_gmt":"2023-07-26T03:55:25","guid":{"rendered":"https:\/\/www.elsindical.com.ar\/notas\/?p=124245"},"modified":"2023-07-26T00:55:26","modified_gmt":"2023-07-26T03:55:26","slug":"lomas-de-zamora-identificaron-el-cuerpo-descuartizado-y-era-el-empresario-fernando-perez-algaba","status":"publish","type":"post","link":"https:\/\/www.elsindical.com.ar\/notas\/lomas-de-zamora-identificaron-el-cuerpo-descuartizado-y-era-el-empresario-fernando-perez-algaba\/","title":{"rendered":"Lomas de Zamora: Identificaron el cuerpo descuartizado y era el empresario Fernando P\u00e9rez Algaba"},"content":{"rendered":"\n<figure class=\"wp-block-image size-full\"><a href=\"https:\/\/www.elsindical.com.ar\/notas\/var\/www\/html\/notas\/wp-content\/uploads\/2023\/07\/Fernando-Perez-Algaba.jpg\"><img loading=\"lazy\" decoding=\"async\" width=\"825\" height=\"566\" src=\"https:\/\/www.elsindical.com.ar\/notas\/var\/www\/html\/notas\/wp-content\/uploads\/2023\/07\/Fernando-Perez-Algaba.jpg\" alt=\"\" class=\"wp-image-124246\" srcset=\"https:\/\/www.elsindical.com.ar\/notas\/var\/www\/html\/notas\/wp-content\/uploads\/2023\/07\/Fernando-Perez-Algaba.jpg 825w, https:\/\/www.elsindical.com.ar\/notas\/var\/www\/html\/notas\/wp-content\/uploads\/2023\/07\/Fernando-Perez-Algaba-300x206.jpg 300w, https:\/\/www.elsindical.com.ar\/notas\/var\/www\/html\/notas\/wp-content\/uploads\/2023\/07\/Fernando-Perez-Algaba-768x527.jpg 768w, https:\/\/www.elsindical.com.ar\/notas\/var\/www\/html\/notas\/wp-content\/uploads\/2023\/07\/Fernando-Perez-Algaba-437x300.jpg 437w\" sizes=\"auto, (max-width: 825px) 100vw, 825px\" \/><\/a><\/figure>\n\n\n\n<p class=\"wp-block-paragraph\">   La Polic\u00eda logr\u00f3 identificar este martes los restos hallados en una valija el domingo \u00faltimo en un arroyo, en Ingeniero Budge. Se trata de<strong> Fernando P\u00e9rez Algaba<\/strong>, un multifac\u00e9tico empresario de 39 a\u00f1os, que se dedicaba al alquiler de autos y jet ski, pero que antes hab\u00eda sido operador de bolsa y piloto de TC.<\/p>\n\n\n\n<p class=\"wp-block-paragraph\">Fuentes de la investigaci\u00f3n informaron que las huellas que pudo recolectar la Polic\u00eda Cient\u00edfica de los restos humanos hallados \u2013 dos brazos y dos piernas \u2013 fueron claves para identificar a la v\u00edctima. Los tatuajes ten\u00edan terminaron de confirma que era P\u00e9rez Algaba.<\/p>\n\n\n\n<p class=\"wp-block-paragraph\">Tambi\u00e9n trascendi\u00f3 que se encuentra detenida una mujer trans, aunque no estar\u00eda, por el momento, directamente involucrada en el crimen. En la valija donde aparecieron los restos hab\u00eda documentaci\u00f3n de una familia. El fiscal de la causa, Marcelo Dom\u00ednguez, de la UFI 5 de Lomas de Zamora dispuso el allanamiento de la vivienda de esas personas. As\u00ed reconocieron la valija como propia pero aseguraron que les hab\u00eda sido robado una familiar, una mujer trans. As\u00ed, esta persona termin\u00f3 detenida aunque no est\u00e1 clara el grado de participaci\u00f3n en lo ocurrido.<\/p>\n\n\n\n<p class=\"wp-block-paragraph\"><strong>Seg\u00fan pudieron reconstruir la Polic\u00eda y el fiscal, Fernando P\u00e9rez Algaba lleg\u00f3 al pa\u00eds proveniente de Espa\u00f1a y alquil\u00f3 el 13 de julio \u00faltimo, por redes sociales, un departamento en la calle Olazabal, en Ituzaing\u00f3.<\/strong><\/p>\n\n\n\n<p class=\"wp-block-paragraph\">El empresario o \u201ctrader\u201d, como se hac\u00eda llamar \u00e9l, seg\u00fan las notas period\u00edsticas en las que aparece su perfil, deb\u00eda volver el mi\u00e9rcoles 19 \u00faltimo a Espa\u00f1a, seg\u00fan su pasaporte. Eso nunca ocurri\u00f3 ni tampoco se comunic\u00f3 con la propietaria.<\/p>\n\n\n\n<p class=\"wp-block-paragraph\">Cuando el fiscal Tabolaro, de Ituzaing\u00f3, dispuso allanar la vivienda no encontraron ni el tel\u00e9fono ni la billetera P\u00e9rez Algaba. Tampoco estaba su perro de raza con el que se hab\u00eda hospedado.<\/p>\n\n\n\n<p class=\"wp-block-paragraph\">Cabe recordar que los restos humanos fueron hallados en el arroyo del Rey, a la altura de Ingeniero Budge, en Lomas de Zamora, el pasado domingo, por dos chicos que jugaban a la pelota. Aparecieron en una valija.<\/p>\n\n\n\n<p class=\"wp-block-paragraph\"><strong>A los investigadores les llam\u00f3 la atenci\u00f3n la \u201cprofesionalidad\u201d de los cortos y ten\u00edan confianza en poder identificarlo por los tatuajes. Si bien la identificaci\u00f3n de la v\u00edctima finalmente lleg\u00f3 por las huellas, los tatuajes fueron claves para confirmar qui\u00e9n era, al igual que la denuncia por paradero en Ituzaing\u00f3.<\/strong><\/p>\n\n\n\n<p class=\"wp-block-paragraph\"><strong>\u00bfQui\u00e9n era P\u00e9rez Algaba?<\/strong><\/p>\n\n\n\n<p class=\"wp-block-paragraph\">Apodado \u201cLechuga\u201d Fernando P\u00e9rez Algaba era un empresario muy reconocido en el mundo de la venta y alquilar de autos de alta gama.<\/p>\n\n\n\n<p class=\"wp-block-paragraph\">Hasta principios de este a\u00f1o resid\u00eda en Miami, Estados Unidos, y luego se hab\u00eda trasladado desde donde lleg\u00f3 este mes. A\u00fan es una inc\u00f3gnita el motivo de esa visita que preve\u00eda que ser\u00eda corta.<\/p>\n\n\n\n<p class=\"wp-block-paragraph\">\u00abComenc\u00e9 a trabajar a los 14 a\u00f1os, me inici\u00e9 con una bicicleta y una caja y empec\u00e9 a vender sanguches en las remiseras, dos a\u00f1os despu\u00e9s de eso fui repartidor de pizzas con una motito, luego trabaj\u00e9 en los comercios de la zona del barrio donde viv\u00eda, ya sea de heladero, en todo tipo de restaurantes y pizzer\u00edas. Despu\u00e9s de ah\u00ed pas\u00e9 a un taller de motos, hac\u00eda encendidos electr\u00f3nicos \u00ab, dijo Algaba, en una entrevista en \u00c1mbito Fiannciero, publicada el 10 de marzo de este a\u00f1o. \u00abA los 17 a\u00f1os me emancip\u00e9 y me fui a Bariloche a vender viajes de egresados para los colegios ya que en ese momento me consideraron buen vendedor. Fui a Bariloche pr\u00e1cticamente sin conocer la ciudad y me qued\u00e9 unos a\u00f1os. Volv\u00ed con plata y compr\u00e9 una moto, una CBR 200 en ese momento para revenderla. Hice esto un par de veces y ah\u00ed me inici\u00e9 en el negocio de la compra-venta de autom\u00f3viles\u00bb, agreg\u00f3.<\/p>\n\n\n\n<p class=\"wp-block-paragraph\">A sus 24 a\u00f1os ya ten\u00eda un galp\u00f3n con varios autos, motos de agua y en ese momento comenz\u00f3 a financiar autos para comprarlos y venderlos de la misma manera, sacando una rentabilidad en el medio.<\/p>\n\n\n\n<p class=\"wp-block-paragraph\"><strong>\u00abViajaba mucho a Paraguay para comprar ruedas, era mucho m\u00e1s barato que en Argentina. Esto me permit\u00eda remodelar los autos y revenderlos a un mejor precio\u00bb, dijo Algaba. \u00abHe tenido negocios de todo tipo en mi carrera como emprendedor: Boliches, pancher\u00edas, financieras\u00bb, detall\u00f3.<\/strong><\/p>\n\n\n\n<p class=\"wp-block-paragraph\">\u201cLechuga\u201d supo hacer negocios, tambi\u00e9n con las criptomonedas y hasta tuvo un breve paso como piloto del TC Regional.<\/p>\n\n\n\n<p class=\"wp-block-paragraph\">En enero de 2022 protagoniz\u00f3 en Mar del Plata un incidente con un inspector de tr\u00e1nsito al que golpe\u00f3 en medio de discusi\u00f3n. El empresario se negaba a hacerse el test de alcoholemia.<\/p>\n\n\n\n<p class=\"wp-block-paragraph\"><strong>El perfil de P\u00e9rez Algaba estaba lejos de ser bajo. S\u00f3lo en Instagram ten\u00eda 916 mil seguidores y en sus fotos aparece, muchas veces, conduciendo autos de alta gama.<\/strong><\/p>\n\n\n\n<p class=\"wp-block-paragraph\">Iron\u00edas del destino cuando le preguntaban por sus negocios en EEUU y no en la Argentina respond\u00eda: el pa\u00eds est\u00e1 roto, se perdi\u00f3 la cadena de pagos, la gente solo busca salvarse sea cual sea la consecuencia, hay mucha inseguridad, el gobierno es un desastre, y lamentablemente se perdieron el respeto y los valores. En cambio en EE.UU. es un pa\u00eds que te da la posibilidad de salir adelante, obviamente con disciplina, siendo prolijo. Y hay otros valores y respetos, te da mucha seguridad para todo, el pa\u00eds es muy estable.<\/p>\n\n\n\n<p class=\"wp-block-paragraph\">Tambi\u00e9n recomendaba a los j\u00f3venes a irse a cualquier pa\u00eds fuera de la Argentina, donde tuvieran oportunidades y seguridad.<\/p>\n\n\n\n<figure class=\"wp-block-image size-large\"><a href=\"https:\/\/www.elsindical.com.ar\/notas\/var\/www\/html\/notas\/wp-content\/uploads\/2023\/07\/Fernando-Perez-Algaba-autos.jpg\"><img loading=\"lazy\" decoding=\"async\" width=\"1024\" height=\"575\" src=\"https:\/\/www.elsindical.com.ar\/notas\/var\/www\/html\/notas\/wp-content\/uploads\/2023\/07\/Fernando-Perez-Algaba-autos-1024x575.jpg\" alt=\"\" class=\"wp-image-124247\" srcset=\"https:\/\/www.elsindical.com.ar\/notas\/var\/www\/html\/notas\/wp-content\/uploads\/2023\/07\/Fernando-Perez-Algaba-autos-1024x575.jpg 1024w, https:\/\/www.elsindical.com.ar\/notas\/var\/www\/html\/notas\/wp-content\/uploads\/2023\/07\/Fernando-Perez-Algaba-autos-300x168.jpg 300w, https:\/\/www.elsindical.com.ar\/notas\/var\/www\/html\/notas\/wp-content\/uploads\/2023\/07\/Fernando-Perez-Algaba-autos-768x431.jpg 768w, https:\/\/www.elsindical.com.ar\/notas\/var\/www\/html\/notas\/wp-content\/uploads\/2023\/07\/Fernando-Perez-Algaba-autos-500x281.jpg 500w, https:\/\/www.elsindical.com.ar\/notas\/var\/www\/html\/notas\/wp-content\/uploads\/2023\/07\/Fernando-Perez-Algaba-autos.jpg 1300w\" sizes=\"auto, (max-width: 1024px) 100vw, 1024px\" \/><\/a><\/figure>\n","protected":false},"excerpt":{"rendered":"<p>La Polic\u00eda logr\u00f3 identificar este martes los restos hallados en una valija el domingo \u00faltimo en un arroyo, en Ingeniero Budge. Se trata de Fernando P\u00e9rez Algaba, un multifac\u00e9tico empresario de 39 a\u00f1os, que se dedicaba al alquiler de autos y jet ski, pero que antes hab\u00eda sido operador de bolsa y piloto de TC.&hellip;<\/p>\n","protected":false},"author":1,"featured_media":124246,"comment_status":"open","ping_status":"open","sticky":false,"template":"","format":"standard","meta":{"footnotes":""},"categories":[22],"tags":[40720,2450,944,40717,40718,746,938,40721,40719],"class_list":["post-124245","post","type-post","status-publish","format-standard","has-post-thumbnail","hentry","category-policiales","tag-cuerpos-descuartizado","tag-diario-el-sindical","tag-empresario","tag-fernando-perez-algaba","tag-fiscal-marcelo-dominguez","tag-ingeniero-budge","tag-ituzaingo","tag-trader","tag-ufi-5-lomas-de-zamora"],"_links":{"self":[{"href":"https:\/\/www.elsindical.com.ar\/notas\/wp-json\/wp\/v2\/posts\/124245","targetHints":{"allow":["GET"]}}],"collection":[{"href":"https:\/\/www.elsindical.com.ar\/notas\/wp-json\/wp\/v2\/posts"}],"about":[{"href":"https:\/\/www.elsindical.com.ar\/notas\/wp-json\/wp\/v2\/types\/post"}],"author":[{"embeddable":true,"href":"https:\/\/www.elsindical.com.ar\/notas\/wp-json\/wp\/v2\/users\/1"}],"replies":[{"embeddable":true,"href":"https:\/\/www.elsindical.com.ar\/notas\/wp-json\/wp\/v2\/comments?post=124245"}],"version-history":[{"count":1,"href":"https:\/\/www.elsindical.com.ar\/notas\/wp-json\/wp\/v2\/posts\/124245\/revisions"}],"predecessor-version":[{"id":124248,"href":"https:\/\/www.elsindical.com.ar\/notas\/wp-json\/wp\/v2\/posts\/124245\/revisions\/124248"}],"wp:featuredmedia":[{"embeddable":true,"href":"https:\/\/www.elsindical.com.ar\/notas\/wp-json\/wp\/v2\/media\/124246"}],"wp:attachment":[{"href":"https:\/\/www.elsindical.com.ar\/notas\/wp-json\/wp\/v2\/media?parent=124245"}],"wp:term":[{"taxonomy":"category","embeddable":true,"href":"https:\/\/www.elsindical.com.ar\/notas\/wp-json\/wp\/v2\/categories?post=124245"},{"taxonomy":"post_tag","embeddable":true,"href":"https:\/\/www.elsindical.com.ar\/notas\/wp-json\/wp\/v2\/tags?post=124245"}],"curies":[{"name":"wp","href":"https:\/\/api.w.org\/{rel}","templated":true}]}}