{"id":124163,"date":"2023-07-23T00:32:17","date_gmt":"2023-07-23T03:32:17","guid":{"rendered":"https:\/\/www.elsindical.com.ar\/notas\/?p=124163"},"modified":"2023-07-23T01:01:54","modified_gmt":"2023-07-23T04:01:54","slug":"maximiliano-gallucci-malas-companias-mentiras-y-campana-del-miedo","status":"publish","type":"post","link":"https:\/\/www.elsindical.com.ar\/notas\/maximiliano-gallucci-malas-companias-mentiras-y-campana-del-miedo\/","title":{"rendered":"Maximiliano Gallucci, malas compa\u00f1\u00edas, mentiras y campa\u00f1a del miedo"},"content":{"rendered":"<div class=\"wp-block-image\">\n<figure class=\"aligncenter size-full is-resized\"><a href=\"https:\/\/www.elsindical.com.ar\/notas\/var\/www\/html\/notas\/wp-content\/uploads\/2023\/07\/Gallucci-inseguridad.jpg\"><img loading=\"lazy\" decoding=\"async\" src=\"https:\/\/www.elsindical.com.ar\/notas\/var\/www\/html\/notas\/wp-content\/uploads\/2023\/07\/Gallucci-inseguridad.jpg\" alt=\"\" class=\"wp-image-124164\" width=\"722\" height=\"595\" srcset=\"https:\/\/www.elsindical.com.ar\/notas\/var\/www\/html\/notas\/wp-content\/uploads\/2023\/07\/Gallucci-inseguridad.jpg 504w, https:\/\/www.elsindical.com.ar\/notas\/var\/www\/html\/notas\/wp-content\/uploads\/2023\/07\/Gallucci-inseguridad-300x247.jpg 300w, https:\/\/www.elsindical.com.ar\/notas\/var\/www\/html\/notas\/wp-content\/uploads\/2023\/07\/Gallucci-inseguridad-364x300.jpg 364w\" sizes=\"auto, (max-width: 722px) 100vw, 722px\" \/><\/a><\/figure>\n<\/div>\n\n\n<p class=\"wp-block-paragraph\">   Maximiliano Gallucci, el candidato a intendente de Avellaneda, por JxC en el espacio de Rodr\u00edguez Larreta, parece resistirse a realizar una campa\u00f1a seria para los vecinos y prefiere mentirle a los vecinos y por si fuera poco traer m\u00e1s mentirosos para confundir a los vecinos.<\/p>\n\n\n\n<p class=\"wp-block-paragraph\">Si es malo mentir, peor es subestimar la inteligencia de los vecinos al decirles cualquier disparate sin importar que alguno de los vecinos ante la duda investigue y descubra las mentiras. Mentiras que no aportan nada y complican la propia campa\u00f1a, porque es cierto que Avellaneda y varios partidos tienen problemas de inseguridad, pero los vecinos no son est\u00fapidos.<\/p>\n\n\n\n<p class=\"wp-block-paragraph\">Hoy el acceso a la informaci\u00f3n permite que por lo menos los hechos m\u00e1s relevantes se puedan chequear y voy a fundar el t\u00edtulo de la nota desmintiendo lo que van a ver y escuchar en el nuevo spot de campa\u00f1a, personalmente cre\u00eda que Gallucci estaba mal asesorado, pero es m\u00e1s grave el resto de los candidatos dicen mentiras sin dudar, por cosas como estas yo no votar\u00eda a gente que conociendo la verdad te toman de boludo y te cuentan algo que no es real.<\/p>\n\n\n\n<p class=\"wp-block-paragraph\"><strong>Miguel \u00c1ngel Pichetto<\/strong>, sin dudas est\u00e1 en la pendiente de su carrera pol\u00edtica, pas\u00f3 de ser un hombre con una gran oratoria, coherente y con mucha cultura a ser un hombre que sale a mendigar un voto y que adem\u00e1s miente, en el video dice que en la provincia de Buenos Aires, el gobierno nacional <strong>liber\u00f3 5000 presos y a nadie le import\u00f3, violadores, asesinos y delincuentes<\/strong>.<\/p>\n\n\n\n<p class=\"wp-block-paragraph\">Miente descaradamente, porque a ra\u00edz de la pol\u00e9mica por las liberaciones en pandemia, el sitio Chequeado, establece el n\u00famero de liberados en <strong>1.120 presos<\/strong>, contando el SPF y el SPB, con lo cual, la cifra en la provincia de Buenos Aires es menor, muy lejos de los <strong>5000<\/strong> que dice Pichetto.<\/p>\n\n\n\n<p class=\"wp-block-paragraph\">La informaci\u00f3n adem\u00e1s de falaz es tendenciosa, distintos pa\u00edses en el mundo liberaron presos por la pandemia y si tomamos de ejemplo a los EEUU, lugar que tanto les gusta a los de derecha y difusores de la mano dura, en un solo estado California, se liberaron 18.000 presos siguiendo las recomendaciones de la OMS y la CIDH, nadie protesto y los pol\u00edticos opositores no usaron esta medida para hacer campa\u00f1a, lo que deja en evidencia que en la Argentina tenemos pol\u00edticos oportunistas, mentirosos y que te toman de boludo.<\/p>\n\n\n\n<p class=\"wp-block-paragraph\">Pero lo m\u00e1s grave es que le adjudica al gobierno nacional la liberaci\u00f3n de los detenidos, cuando jur\u00eddicamente eso es imposible, porque los presos de la provincia dependen de la justicia y el gobierno provincial y son solo los jueces los que pueden disponer libertades, lo que no dicen y ellos lo saben muy bien, es que la orden de solicitar excarcelaciones de presos que pertenec\u00edan a sectores de riesgo parti\u00f3 de<strong>l Procurador General Julio Conte Grand<\/strong>, s\u00ed, es amigo de <strong>Mauricio Macri<\/strong> y <strong>Mar\u00eda Eugenia Vidal<\/strong>, adem\u00e1s de ser el cu\u00f1ado del periodista<strong> Luis Majul<\/strong>, es decir, un funcionario y militante del PRO, es quien firmo la medida como jefe de los defensores oficiales y de los fiscales.<\/p>\n\n\n\n<p class=\"wp-block-paragraph\">Luego <strong>Gallucci <\/strong>dice que el problema es que se prioriza el Museo del F\u00fatbol antes que la seguridad, lo cual no es as\u00ed porque son dos temas bien distintos y la inseguridad no pasa por una cuesti\u00f3n de inversi\u00f3n, sino de delinear un plan de trabajo y ejecutarlo. M\u00e1s dinero en seguridad no es sin\u00f3nimo de m\u00e1s seguridad, como tampoco la soluci\u00f3n recae solo en la polic\u00eda, sino que el problema es judicial, los fiscales liberan r\u00e1pido y los delincuentes reinciden porque saben que no pasa nada. Pero de eso los pol\u00edticos no hablan porque todos prefieren llevarse bien con la justicia. Como por ejemplo Gallucci que como abogado debe saber esto mejor que cualquier ciudadano.<\/p>\n\n\n\n<p class=\"wp-block-paragraph\">Sigui\u00f3 con el verso Diego Santilli, un gran vende humo, que en su paso como Ministro de Seguridad y Justicia de la Ciudad de Buenos Aires tuvo una gesti\u00f3n de regular a mala, por m\u00e1s que el siempre diga que fue un \u00e9xito, esas cosas las dicen porque los suyos no lo van a cuestionar y muchos prefieren creer a cuestionar.<\/p>\n\n\n\n<p class=\"wp-block-paragraph\">Dice que Kicillof le rob\u00f3 la identidad a los bonaerenses? suena lindo pero no lo explica porque en realidad ni \u00e9l sabe que dijo. Dice que hay que enfrentar el delito y los delincuentes, dice que con ellos van a ir a buscar a los delincuentes, que van a perseguir al narcotr\u00e1fico, cosas que no hizo en CABA, de hecho, los narcos m\u00e1s pesados est\u00e1n en las villas de CABA. Menciona a Florencia Arietto al decir que como dice ella los van a perseguir hasta abajo de la cama a los delincuentes. Bueno, los que tenemos memoria recordamos a Florencia del lado de los pibes \u00abchorros\u00bb hablando de sus derechos e incluso haciendo apolog\u00eda de la marihuana, tambi\u00e9n le gustaba mostrarse con una escopeta y no de juguete como las armas secuestradas a L-Gante.<\/p>\n\n\n\n<p class=\"wp-block-paragraph\">Con juventud y ganas no alcanza para conducir un municipio, hace falta formaci\u00f3n y valor, dos cosas que al momento Gallucci no ha demostrado.<\/p>\n\n\n\n<p class=\"wp-block-paragraph\">Por estas cosas uno se pregunta si realmente quieren ganar en las elecciones, tienen material de sobra para criticar la gesti\u00f3n, pero no, van por la mentira.<\/p>\n\n\n\n<p class=\"wp-block-paragraph\">Mientras le\u00eda las declaraciones de estos pol\u00edticos, escuchaba de fondo al Indio cantando \u00absi su nariz crec\u00eda de tama\u00f1o promet\u00eda m\u00e1s\u00bb&#8230;<\/p>\n\n\n\n<figure class=\"wp-block-embed is-type-video is-provider-youtube wp-block-embed-youtube wp-embed-aspect-16-9 wp-has-aspect-ratio\"><div class=\"wp-block-embed__wrapper\">\n<iframe loading=\"lazy\" title=\"Gallucci malas compa\u00f1\u00edas, mentiras y campa\u00f1a de miedo\" width=\"700\" height=\"394\" src=\"https:\/\/www.youtube.com\/embed\/qG2iw8GRTMI?feature=oembed\" frameborder=\"0\" allow=\"accelerometer; autoplay; clipboard-write; encrypted-media; gyroscope; picture-in-picture; web-share\" allowfullscreen><\/iframe>\n<\/div><\/figure>\n\n\n\n<p class=\"wp-block-paragraph\">Por Marcelo Ricardo Hawrylciw<\/p>\n","protected":false},"excerpt":{"rendered":"<p>Maximiliano Gallucci, el candidato a intendente de Avellaneda, por JxC en el espacio de Rodr\u00edguez Larreta, parece resistirse a realizar una campa\u00f1a seria para los vecinos y prefiere mentirle a los vecinos y por si fuera poco traer m\u00e1s mentirosos para confundir a los vecinos. Si es malo mentir, peor es subestimar la inteligencia de&hellip;<\/p>\n","protected":false},"author":1,"featured_media":124164,"comment_status":"open","ping_status":"open","sticky":false,"template":"","format":"standard","meta":{"footnotes":""},"categories":[10,13],"tags":[2450,756,34260,12584,29304,24455,17982,986,2372,882],"class_list":["post-124163","post","type-post","status-publish","format-standard","has-post-thumbnail","hentry","category-editorial","category-politica","tag-diario-el-sindical","tag-diego-santilli","tag-elecciones-2023","tag-florencia-arietto","tag-maximiliano-gallucci","tag-miguel-angel-pichetto","tag-pineiro","tag-vecinos","tag-villa-dominico","tag-wilde"],"_links":{"self":[{"href":"https:\/\/www.elsindical.com.ar\/notas\/wp-json\/wp\/v2\/posts\/124163","targetHints":{"allow":["GET"]}}],"collection":[{"href":"https:\/\/www.elsindical.com.ar\/notas\/wp-json\/wp\/v2\/posts"}],"about":[{"href":"https:\/\/www.elsindical.com.ar\/notas\/wp-json\/wp\/v2\/types\/post"}],"author":[{"embeddable":true,"href":"https:\/\/www.elsindical.com.ar\/notas\/wp-json\/wp\/v2\/users\/1"}],"replies":[{"embeddable":true,"href":"https:\/\/www.elsindical.com.ar\/notas\/wp-json\/wp\/v2\/comments?post=124163"}],"version-history":[{"count":3,"href":"https:\/\/www.elsindical.com.ar\/notas\/wp-json\/wp\/v2\/posts\/124163\/revisions"}],"predecessor-version":[{"id":124168,"href":"https:\/\/www.elsindical.com.ar\/notas\/wp-json\/wp\/v2\/posts\/124163\/revisions\/124168"}],"wp:featuredmedia":[{"embeddable":true,"href":"https:\/\/www.elsindical.com.ar\/notas\/wp-json\/wp\/v2\/media\/124164"}],"wp:attachment":[{"href":"https:\/\/www.elsindical.com.ar\/notas\/wp-json\/wp\/v2\/media?parent=124163"}],"wp:term":[{"taxonomy":"category","embeddable":true,"href":"https:\/\/www.elsindical.com.ar\/notas\/wp-json\/wp\/v2\/categories?post=124163"},{"taxonomy":"post_tag","embeddable":true,"href":"https:\/\/www.elsindical.com.ar\/notas\/wp-json\/wp\/v2\/tags?post=124163"}],"curies":[{"name":"wp","href":"https:\/\/api.w.org\/{rel}","templated":true}]}}