{"id":124130,"date":"2023-07-21T02:33:07","date_gmt":"2023-07-21T05:33:07","guid":{"rendered":"https:\/\/www.elsindical.com.ar\/notas\/?p=124130"},"modified":"2023-07-21T02:48:21","modified_gmt":"2023-07-21T05:48:21","slug":"ezeiza-rescataron-a-siete-personas-sometidas-a-trabajo-esclavo","status":"publish","type":"post","link":"https:\/\/www.elsindical.com.ar\/notas\/ezeiza-rescataron-a-siete-personas-sometidas-a-trabajo-esclavo\/","title":{"rendered":"Ezeiza: Rescataron a siete personas sometidas a trabajo esclavo"},"content":{"rendered":"<div class=\"wp-block-image\">\n<figure class=\"aligncenter size-large\"><a href=\"https:\/\/www.elsindical.com.ar\/notas\/var\/www\/html\/notas\/wp-content\/uploads\/2023\/07\/allanamiento-PFA-en-Ezeiza.jpg\"><img loading=\"lazy\" decoding=\"async\" width=\"1024\" height=\"587\" src=\"https:\/\/www.elsindical.com.ar\/notas\/var\/www\/html\/notas\/wp-content\/uploads\/2023\/07\/allanamiento-PFA-en-Ezeiza-1024x587.jpg\" alt=\"\" class=\"wp-image-124131\" srcset=\"https:\/\/www.elsindical.com.ar\/notas\/var\/www\/html\/notas\/wp-content\/uploads\/2023\/07\/allanamiento-PFA-en-Ezeiza-1024x587.jpg 1024w, https:\/\/www.elsindical.com.ar\/notas\/var\/www\/html\/notas\/wp-content\/uploads\/2023\/07\/allanamiento-PFA-en-Ezeiza-300x172.jpg 300w, https:\/\/www.elsindical.com.ar\/notas\/var\/www\/html\/notas\/wp-content\/uploads\/2023\/07\/allanamiento-PFA-en-Ezeiza-768x440.jpg 768w, https:\/\/www.elsindical.com.ar\/notas\/var\/www\/html\/notas\/wp-content\/uploads\/2023\/07\/allanamiento-PFA-en-Ezeiza-500x286.jpg 500w, https:\/\/www.elsindical.com.ar\/notas\/var\/www\/html\/notas\/wp-content\/uploads\/2023\/07\/allanamiento-PFA-en-Ezeiza-1536x880.jpg 1536w, https:\/\/www.elsindical.com.ar\/notas\/var\/www\/html\/notas\/wp-content\/uploads\/2023\/07\/allanamiento-PFA-en-Ezeiza-220x126.jpg 220w, https:\/\/www.elsindical.com.ar\/notas\/var\/www\/html\/notas\/wp-content\/uploads\/2023\/07\/allanamiento-PFA-en-Ezeiza.jpg 1599w\" sizes=\"auto, (max-width: 1024px) 100vw, 1024px\" \/><\/a><\/figure>\n<\/div>\n\n\n<p>Siete personas fueron rescatadas de tres campos frutihort\u00edcolas de las localidades bonaerenses de Ezeiza y Ca\u00f1uelas tras comprobarse que eran <strong>sometidas a realizar jornadas laborales de casi 14 horas diarias <\/strong>bajo condiciones \u201cabusivas\u201d y \u201cprecarias\u201d, inform\u00f3 Polic\u00eda Federal (PFA).<\/p>\n\n\n\n<p>Los establecimientos fueron allanados por <strong>personal del \u00e1rea de Trata de Personas de la PFA <\/strong>y la Justicia imput\u00f3 a sus due\u00f1os, cuatro varones y una mujer, por trata y explotaci\u00f3n laboral.<\/p>\n\n\n\n<p>La orden del procedimiento estuvo a cargo del <strong>Juzgado Federal en lo Criminal y Correccional 2 de Lomas de Zamora, a cargo del interino Ernesto Kreplak<\/strong>, seg\u00fan se inform\u00f3 en un comunicado.<\/p>\n\n\n\n<p>El allanamiento se efectu\u00f3 tras realizar una investigaci\u00f3n de un mes y medio sobre esos tres campos de cultivos de verduras donde se confirm\u00f3 que al menos siete personas \u201ceran explotadas y se les exig\u00eda una excesiva cantidad de horas laborales diarias, las cuales llegaban a casi <strong>14 horas, de lunes a s\u00e1bado, con un pago mensual abusivo, que no llegaba a los 70.000 pesos, <\/strong>debiendo pedir permiso para poder salir los d\u00edas domingos\u201d.<\/p>\n\n\n\n<p>Al no poseer medios de locomoci\u00f3n y por la distancia entre el campo y la zona poblada, <strong>las personas \u201cviv\u00edan todo el d\u00eda en su lugar de trabajo\u201d.<\/strong><\/p>\n\n\n\n<p>Con ayuda de drones, los agentes verificaron que en los predios hab\u00eda <strong>\u201ccasillas precarias donde viv\u00edan los empleados, con piso de tierra, sin energ\u00eda el\u00e9ctrica <\/strong>o bien con un solo foco para todo el lugar, sin agua potable, dado que concurr\u00edan a una canilla com\u00fan que sal\u00eda de un pozo a varios metros de all\u00ed\u201d.<\/p>\n\n\n\n<p>\u201cCon respecto a la cocina, <strong>solo hab\u00eda un brasero fabricado en forma casera<\/strong>, en el patio de las viviendas, donde calentaban en una olla la comida, y no contaban tampoco con heladera para preservar los alimentos, y un pozo como ba\u00f1o\u201d, detall\u00f3 el documento.<\/p>\n\n\n\n<p>A su vez, se comprob\u00f3 la <strong>entrada y salida de los campos a trav\u00e9s de camionetas de alta gama <\/strong>que pertenec\u00edan a los propietarios de los lugares.<\/p>\n\n\n\n<p>Algunas de las v\u00edctimas llevaban varios a\u00f1os trabajando en esos campos. <strong>Varias personas eran casi analfabetas o no comprend\u00edan las preguntas de las profesionales, <\/strong>\u201cpor lo que se denotaba la total sumisi\u00f3n hacia sus tratantes y una extrema vulnerabilidad\u201d.<\/p>\n\n\n\n<p>Estas personas \u201cno quisieron acogerse a los beneficios de un programa que se les ofreci\u00f3, dado que <strong>hace a\u00f1os que se dedican a esa labor y no poseen familiares o se encuentran distanciados en las provincias <\/strong>originarias hace una veintena de a\u00f1os\u201d.<\/p>\n\n\n\n<p>El juzgado dispuso que los imputados fueran trasladados a la sede del departamento <strong>Trata de Personas en la ciudad de Buenos Aires<\/strong>, para ser notificados de la causa, constatar su identificaci\u00f3n y otras medidas procesales, adem\u00e1s de prohibirles la salida del pa\u00eds<\/p>\n\n\n\n<figure class=\"wp-block-embed is-type-video is-provider-youtube wp-block-embed-youtube wp-embed-aspect-16-9 wp-has-aspect-ratio\"><div class=\"wp-block-embed__wrapper\">\n<iframe loading=\"lazy\" title=\"Ezeiza allanamiento PFA por trabajo esclavo\" width=\"700\" height=\"394\" src=\"https:\/\/www.youtube.com\/embed\/rjbVfBKOii4?feature=oembed\" frameborder=\"0\" allow=\"accelerometer; autoplay; clipboard-write; encrypted-media; gyroscope; picture-in-picture; web-share\" allowfullscreen><\/iframe>\n<\/div><\/figure>\n","protected":false},"excerpt":{"rendered":"<p>Siete personas fueron rescatadas de tres campos frutihort\u00edcolas de las localidades bonaerenses de Ezeiza y Ca\u00f1uelas tras comprobarse que eran sometidas a realizar jornadas laborales de casi 14 horas diarias bajo condiciones \u201cabusivas\u201d y \u201cprecarias\u201d, inform\u00f3 Polic\u00eda Federal (PFA). Los establecimientos fueron allanados por personal del \u00e1rea de Trata de Personas de la PFA y&hellip;<\/p>\n","protected":false},"author":1,"featured_media":124131,"comment_status":"open","ping_status":"open","sticky":false,"template":"","format":"standard","meta":{"footnotes":""},"categories":[22],"tags":[1782,2450,661,698,187,315],"class_list":["post-124130","post","type-post","status-publish","format-standard","has-post-thumbnail","hentry","category-policiales","tag-canuelas","tag-diario-el-sindical","tag-ezeiza","tag-pfa","tag-trabajo-esclavo","tag-trata-de-personas"],"_links":{"self":[{"href":"https:\/\/www.elsindical.com.ar\/notas\/wp-json\/wp\/v2\/posts\/124130","targetHints":{"allow":["GET"]}}],"collection":[{"href":"https:\/\/www.elsindical.com.ar\/notas\/wp-json\/wp\/v2\/posts"}],"about":[{"href":"https:\/\/www.elsindical.com.ar\/notas\/wp-json\/wp\/v2\/types\/post"}],"author":[{"embeddable":true,"href":"https:\/\/www.elsindical.com.ar\/notas\/wp-json\/wp\/v2\/users\/1"}],"replies":[{"embeddable":true,"href":"https:\/\/www.elsindical.com.ar\/notas\/wp-json\/wp\/v2\/comments?post=124130"}],"version-history":[{"count":2,"href":"https:\/\/www.elsindical.com.ar\/notas\/wp-json\/wp\/v2\/posts\/124130\/revisions"}],"predecessor-version":[{"id":124133,"href":"https:\/\/www.elsindical.com.ar\/notas\/wp-json\/wp\/v2\/posts\/124130\/revisions\/124133"}],"wp:featuredmedia":[{"embeddable":true,"href":"https:\/\/www.elsindical.com.ar\/notas\/wp-json\/wp\/v2\/media\/124131"}],"wp:attachment":[{"href":"https:\/\/www.elsindical.com.ar\/notas\/wp-json\/wp\/v2\/media?parent=124130"}],"wp:term":[{"taxonomy":"category","embeddable":true,"href":"https:\/\/www.elsindical.com.ar\/notas\/wp-json\/wp\/v2\/categories?post=124130"},{"taxonomy":"post_tag","embeddable":true,"href":"https:\/\/www.elsindical.com.ar\/notas\/wp-json\/wp\/v2\/tags?post=124130"}],"curies":[{"name":"wp","href":"https:\/\/api.w.org\/{rel}","templated":true}]}}