{"id":124123,"date":"2023-07-21T02:19:41","date_gmt":"2023-07-21T05:19:41","guid":{"rendered":"https:\/\/www.elsindical.com.ar\/notas\/?p=124123"},"modified":"2023-07-21T02:25:19","modified_gmt":"2023-07-21T05:25:19","slug":"almirante-brown-asi-salvaron-a-negrita-la-perra-baleada-por-su-dueno-en-glew-porque-le-comio-el-matambre","status":"publish","type":"post","link":"https:\/\/www.elsindical.com.ar\/notas\/almirante-brown-asi-salvaron-a-negrita-la-perra-baleada-por-su-dueno-en-glew-porque-le-comio-el-matambre\/","title":{"rendered":"Almirante Brown: As\u00ed salvaron a \u201cNegrita\u201d, la perra baleada por su due\u00f1o en Glew porque le comi\u00f3 el matambre"},"content":{"rendered":"\n<figure class=\"wp-block-image size-large\"><a href=\"https:\/\/www.elsindical.com.ar\/notas\/var\/www\/html\/notas\/wp-content\/uploads\/2023\/07\/Negrita-perra-baleada-por-el-dueno.jpeg\"><img loading=\"lazy\" decoding=\"async\" width=\"1024\" height=\"683\" src=\"https:\/\/www.elsindical.com.ar\/notas\/var\/www\/html\/notas\/wp-content\/uploads\/2023\/07\/Negrita-perra-baleada-por-el-dueno-1024x683.jpeg\" alt=\"\" class=\"wp-image-124124\" srcset=\"https:\/\/www.elsindical.com.ar\/notas\/var\/www\/html\/notas\/wp-content\/uploads\/2023\/07\/Negrita-perra-baleada-por-el-dueno-1024x683.jpeg 1024w, https:\/\/www.elsindical.com.ar\/notas\/var\/www\/html\/notas\/wp-content\/uploads\/2023\/07\/Negrita-perra-baleada-por-el-dueno-300x200.jpeg 300w, https:\/\/www.elsindical.com.ar\/notas\/var\/www\/html\/notas\/wp-content\/uploads\/2023\/07\/Negrita-perra-baleada-por-el-dueno-768x512.jpeg 768w, https:\/\/www.elsindical.com.ar\/notas\/var\/www\/html\/notas\/wp-content\/uploads\/2023\/07\/Negrita-perra-baleada-por-el-dueno-450x300.jpeg 450w, https:\/\/www.elsindical.com.ar\/notas\/var\/www\/html\/notas\/wp-content\/uploads\/2023\/07\/Negrita-perra-baleada-por-el-dueno.jpeg 1366w\" sizes=\"auto, (max-width: 1024px) 100vw, 1024px\" \/><\/a><\/figure>\n\n\n\n<p>El Municipio de Almirante Brown inform\u00f3 que, gracias al r\u00e1pido accionar del Centro Municipal de Sanidad Animal y Zoonosis, se logr\u00f3 salvar y poner a resguardo a \u00abNegrita\u00bb, una perrita de la localidad de Glew que fue intervenida de urgencia tras ser gravemente herida.<\/p>\n\n\n\n<p>Se trata de una perra de raza Rottweiler que fue atacada en su casa presuntamente por su due\u00f1o, quien luego fue detenido por efectivos policiales tras un llamado al 911.<\/p>\n\n\n\n<p>Al lugar arrib\u00f3 tambi\u00e9n personal de Zoonosis Brown, que hall\u00f3 al animal acostado junto a la reja del garaje con heridas de bala, y lo traslad\u00f3 r\u00e1pidamente hasta la sede ubicada en Mart\u00edn Fierro N\u00b0 33, Burzaco.<\/p>\n\n\n\n<p><strong>All\u00ed \u201cNegrita\u201d, de dos a\u00f1os, fue asistida, cuidada y operada exitosamente por los veterinarios de Zoonosis Brown, donde actualmente se recupera favorablemente.<\/strong><\/p>\n\n\n\n<p>\u201cEstamos orgullosos de nuestro Centro Municipal de Sanidad Animal y Zoonosis que en este caso puso a resguardo a la perra \u2018Negrita\u2019, de dos a\u00f1os\u201d, sostuvo Mariano Cascallares que destac\u00f3 el trabajo del equipo del Municipio.<\/p>\n\n\n\n<p>En esa l\u00ednea, aclar\u00f3 que la perrita \u201cse recupera satisfactoriamente con los cuidados de los profesionales\u201d, al tiempo que elogi\u00f3 el trabajo de Zoonosis Brown, al que consider\u00f3 \u201cun verdadero ejemplo de sanidad animal para todo nuestro pa\u00eds\u201d.<\/p>\n\n\n\n<p>Cabe recordar que el Centro de Sanidad Animal y Zoonosis de Burzaco recibe todas las semanas a funcionarios y representantes de todos los municipios del pa\u00eds, e incluso de Latinoam\u00e9rica, para conocer de primera mano y replicar el modelo sanitario que se implementa en Almirante Brown.<\/p>\n\n\n\n<figure class=\"wp-block-gallery has-nested-images columns-1 is-cropped wp-block-gallery-1 is-layout-flex wp-block-gallery-is-layout-flex\">\n<figure class=\"wp-block-image size-large\"><a href=\"https:\/\/www.elsindical.com.ar\/notas\/var\/www\/html\/notas\/wp-content\/uploads\/2023\/07\/Negrita-perra-baleada-por-el-dueno-2.jpeg\"><img loading=\"lazy\" decoding=\"async\" width=\"694\" height=\"927\" data-id=\"124127\" src=\"https:\/\/www.elsindical.com.ar\/notas\/var\/www\/html\/notas\/wp-content\/uploads\/2023\/07\/Negrita-perra-baleada-por-el-dueno-2.jpeg\" alt=\"\" class=\"wp-image-124127\" srcset=\"https:\/\/www.elsindical.com.ar\/notas\/var\/www\/html\/notas\/wp-content\/uploads\/2023\/07\/Negrita-perra-baleada-por-el-dueno-2.jpeg 694w, https:\/\/www.elsindical.com.ar\/notas\/var\/www\/html\/notas\/wp-content\/uploads\/2023\/07\/Negrita-perra-baleada-por-el-dueno-2-225x300.jpeg 225w\" sizes=\"auto, (max-width: 694px) 100vw, 694px\" \/><\/a><\/figure>\n\n\n\n<figure class=\"wp-block-image size-large\"><a href=\"https:\/\/www.elsindical.com.ar\/notas\/var\/www\/html\/notas\/wp-content\/uploads\/2023\/07\/Negrita-perra-baleada-por-el-dueno-3-1.jpg\"><img loading=\"lazy\" decoding=\"async\" width=\"1024\" height=\"684\" data-id=\"124126\" src=\"https:\/\/www.elsindical.com.ar\/notas\/var\/www\/html\/notas\/wp-content\/uploads\/2023\/07\/Negrita-perra-baleada-por-el-dueno-3-1-1024x684.jpg\" alt=\"\" class=\"wp-image-124126\" srcset=\"https:\/\/www.elsindical.com.ar\/notas\/var\/www\/html\/notas\/wp-content\/uploads\/2023\/07\/Negrita-perra-baleada-por-el-dueno-3-1-1024x684.jpg 1024w, https:\/\/www.elsindical.com.ar\/notas\/var\/www\/html\/notas\/wp-content\/uploads\/2023\/07\/Negrita-perra-baleada-por-el-dueno-3-1-300x200.jpg 300w, https:\/\/www.elsindical.com.ar\/notas\/var\/www\/html\/notas\/wp-content\/uploads\/2023\/07\/Negrita-perra-baleada-por-el-dueno-3-1-768x513.jpg 768w, https:\/\/www.elsindical.com.ar\/notas\/var\/www\/html\/notas\/wp-content\/uploads\/2023\/07\/Negrita-perra-baleada-por-el-dueno-3-1-449x300.jpg 449w, https:\/\/www.elsindical.com.ar\/notas\/var\/www\/html\/notas\/wp-content\/uploads\/2023\/07\/Negrita-perra-baleada-por-el-dueno-3-1.jpg 1200w\" sizes=\"auto, (max-width: 1024px) 100vw, 1024px\" \/><\/a><\/figure>\n\n\n\n<figure class=\"wp-block-image size-large\"><a href=\"https:\/\/www.elsindical.com.ar\/notas\/var\/www\/html\/notas\/wp-content\/uploads\/2023\/07\/Negrita-perra-baleada-por-el-dueno-3-2.jpg\"><img loading=\"lazy\" decoding=\"async\" width=\"850\" height=\"639\" data-id=\"124128\" src=\"https:\/\/www.elsindical.com.ar\/notas\/var\/www\/html\/notas\/wp-content\/uploads\/2023\/07\/Negrita-perra-baleada-por-el-dueno-3-2.jpg\" alt=\"\" class=\"wp-image-124128\" srcset=\"https:\/\/www.elsindical.com.ar\/notas\/var\/www\/html\/notas\/wp-content\/uploads\/2023\/07\/Negrita-perra-baleada-por-el-dueno-3-2.jpg 850w, https:\/\/www.elsindical.com.ar\/notas\/var\/www\/html\/notas\/wp-content\/uploads\/2023\/07\/Negrita-perra-baleada-por-el-dueno-3-2-300x226.jpg 300w, https:\/\/www.elsindical.com.ar\/notas\/var\/www\/html\/notas\/wp-content\/uploads\/2023\/07\/Negrita-perra-baleada-por-el-dueno-3-2-768x577.jpg 768w, https:\/\/www.elsindical.com.ar\/notas\/var\/www\/html\/notas\/wp-content\/uploads\/2023\/07\/Negrita-perra-baleada-por-el-dueno-3-2-399x300.jpg 399w\" sizes=\"auto, (max-width: 850px) 100vw, 850px\" \/><\/a><\/figure>\n<\/figure>\n","protected":false},"excerpt":{"rendered":"<p>El Municipio de Almirante Brown inform\u00f3 que, gracias al r\u00e1pido accionar del Centro Municipal de Sanidad Animal y Zoonosis, se logr\u00f3 salvar y poner a resguardo a \u00abNegrita\u00bb, una perrita de la localidad de Glew que fue intervenida de urgencia tras ser gravemente herida. Se trata de una perra de raza Rottweiler que fue atacada&hellip;<\/p>\n","protected":false},"author":1,"featured_media":124124,"comment_status":"open","ping_status":"open","sticky":false,"template":"","format":"standard","meta":{"footnotes":""},"categories":[25],"tags":[2670,1366,2450,1065,40691,680,38856],"class_list":["post-124123","post","type-post","status-publish","format-standard","has-post-thumbnail","hentry","category-sociedad","tag-almirante-brown","tag-baleada","tag-diario-el-sindical","tag-glew","tag-negrita","tag-rottweiler","tag-zoonosis-2"],"_links":{"self":[{"href":"https:\/\/www.elsindical.com.ar\/notas\/wp-json\/wp\/v2\/posts\/124123","targetHints":{"allow":["GET"]}}],"collection":[{"href":"https:\/\/www.elsindical.com.ar\/notas\/wp-json\/wp\/v2\/posts"}],"about":[{"href":"https:\/\/www.elsindical.com.ar\/notas\/wp-json\/wp\/v2\/types\/post"}],"author":[{"embeddable":true,"href":"https:\/\/www.elsindical.com.ar\/notas\/wp-json\/wp\/v2\/users\/1"}],"replies":[{"embeddable":true,"href":"https:\/\/www.elsindical.com.ar\/notas\/wp-json\/wp\/v2\/comments?post=124123"}],"version-history":[{"count":2,"href":"https:\/\/www.elsindical.com.ar\/notas\/wp-json\/wp\/v2\/posts\/124123\/revisions"}],"predecessor-version":[{"id":124129,"href":"https:\/\/www.elsindical.com.ar\/notas\/wp-json\/wp\/v2\/posts\/124123\/revisions\/124129"}],"wp:featuredmedia":[{"embeddable":true,"href":"https:\/\/www.elsindical.com.ar\/notas\/wp-json\/wp\/v2\/media\/124124"}],"wp:attachment":[{"href":"https:\/\/www.elsindical.com.ar\/notas\/wp-json\/wp\/v2\/media?parent=124123"}],"wp:term":[{"taxonomy":"category","embeddable":true,"href":"https:\/\/www.elsindical.com.ar\/notas\/wp-json\/wp\/v2\/categories?post=124123"},{"taxonomy":"post_tag","embeddable":true,"href":"https:\/\/www.elsindical.com.ar\/notas\/wp-json\/wp\/v2\/tags?post=124123"}],"curies":[{"name":"wp","href":"https:\/\/api.w.org\/{rel}","templated":true}]}}