{"id":124105,"date":"2023-07-20T00:47:29","date_gmt":"2023-07-20T03:47:29","guid":{"rendered":"https:\/\/www.elsindical.com.ar\/notas\/?p=124105"},"modified":"2023-07-20T00:47:30","modified_gmt":"2023-07-20T03:47:30","slug":"daniel-garcia-segun-dos-medios-locales-fue-demorado-por-la-policia-al-circular-con-un-auto-con-las-chapas-patentes-cambiadas","status":"publish","type":"post","link":"https:\/\/www.elsindical.com.ar\/notas\/daniel-garcia-segun-dos-medios-locales-fue-demorado-por-la-policia-al-circular-con-un-auto-con-las-chapas-patentes-cambiadas\/","title":{"rendered":"Daniel Garc\u00eda seg\u00fan dos medios locales fue demorado por la polic\u00eda al circular con un auto con las chapas patentes cambiadas"},"content":{"rendered":"\n<figure class=\"wp-block-image size-large\"><a href=\"https:\/\/www.elsindical.com.ar\/notas\/var\/www\/html\/notas\/wp-content\/uploads\/2019\/12\/DANIEL-GARCIA-NESTOR-GRINDETTI-JORGE-MACRI.jpg\"><img loading=\"lazy\" decoding=\"async\" width=\"1024\" height=\"768\" src=\"https:\/\/www.elsindical.com.ar\/notas\/var\/www\/html\/notas\/wp-content\/uploads\/2019\/12\/DANIEL-GARCIA-NESTOR-GRINDETTI-JORGE-MACRI-1024x768.jpg\" alt=\"\" class=\"wp-image-91775\" srcset=\"https:\/\/www.elsindical.com.ar\/notas\/var\/www\/html\/notas\/wp-content\/uploads\/2019\/12\/DANIEL-GARCIA-NESTOR-GRINDETTI-JORGE-MACRI-1024x768.jpg 1024w, https:\/\/www.elsindical.com.ar\/notas\/var\/www\/html\/notas\/wp-content\/uploads\/2019\/12\/DANIEL-GARCIA-NESTOR-GRINDETTI-JORGE-MACRI-300x225.jpg 300w, https:\/\/www.elsindical.com.ar\/notas\/var\/www\/html\/notas\/wp-content\/uploads\/2019\/12\/DANIEL-GARCIA-NESTOR-GRINDETTI-JORGE-MACRI-768x576.jpg 768w, https:\/\/www.elsindical.com.ar\/notas\/var\/www\/html\/notas\/wp-content\/uploads\/2019\/12\/DANIEL-GARCIA-NESTOR-GRINDETTI-JORGE-MACRI-400x300.jpg 400w, https:\/\/www.elsindical.com.ar\/notas\/var\/www\/html\/notas\/wp-content\/uploads\/2019\/12\/DANIEL-GARCIA-NESTOR-GRINDETTI-JORGE-MACRI-1536x1152.jpg 1536w, https:\/\/www.elsindical.com.ar\/notas\/var\/www\/html\/notas\/wp-content\/uploads\/2019\/12\/DANIEL-GARCIA-NESTOR-GRINDETTI-JORGE-MACRI.jpg 1600w\" sizes=\"auto, (max-width: 1024px) 100vw, 1024px\" \/><\/a><\/figure>\n\n\n\n<p>   Daniel \u00abel loco\u00bb Garc\u00eda, actual Defensor del Pueblo de Avellaneda, seg\u00fan los seudo medios Foro Vecinal Avellaneda Segura de Marcelo Mario Frecha y En La Mira de Marcelo Brunwald, quienes compiten entre s\u00ed por las supuestas primicias vecinales, informaron que la polic\u00eda hab\u00eda demorado a un alto funcionario local por circular en un auto importado con patentes cambiadas.<\/p>\n\n\n\n<figure class=\"wp-block-image size-full\"><a href=\"https:\/\/www.elsindical.com.ar\/notas\/var\/www\/html\/notas\/wp-content\/uploads\/2023\/07\/publicacion-de-Marcelo-Frecha2.jpg\"><img loading=\"lazy\" decoding=\"async\" width=\"750\" height=\"400\" src=\"https:\/\/www.elsindical.com.ar\/notas\/var\/www\/html\/notas\/wp-content\/uploads\/2023\/07\/publicacion-de-Marcelo-Frecha2.jpg\" alt=\"\" class=\"wp-image-124107\" srcset=\"https:\/\/www.elsindical.com.ar\/notas\/var\/www\/html\/notas\/wp-content\/uploads\/2023\/07\/publicacion-de-Marcelo-Frecha2.jpg 750w, https:\/\/www.elsindical.com.ar\/notas\/var\/www\/html\/notas\/wp-content\/uploads\/2023\/07\/publicacion-de-Marcelo-Frecha2-300x160.jpg 300w, https:\/\/www.elsindical.com.ar\/notas\/var\/www\/html\/notas\/wp-content\/uploads\/2023\/07\/publicacion-de-Marcelo-Frecha2-500x267.jpg 500w\" sizes=\"auto, (max-width: 750px) 100vw, 750px\" \/><\/a><\/figure>\n\n\n\n<p>El primero en informar el hecho fue Marcelo Frecha que desde hace a\u00f1os funciona como una especie de \u00abbuche\u00bb policial y a cambio de informaci\u00f3n encubre a ciertos funcionarios que tienen poco de polic\u00edas y encuentran un buen c\u00f3mplice en este impresentable que suele luego excusarse que a \u00e9l le pasaron la informaci\u00f3n as\u00ed, esto lo he se\u00f1alado varias veces porque no se trata solo de mentirle a los vecinos, sino de por conveniencias econ\u00f3micas encubrir a incluso delincuentes.<\/p>\n\n\n\n<p>Sin nombrarlo directamente como es su costumbre de cobarde que tira la piedra y esconde la mano, Frecha no dio \u00e9l el nombre pero por privado se lo pasaba a quien se lo ped\u00eda para generar un esc\u00e1ndalo medi\u00e1tico.<\/p>\n\n\n<div class=\"wp-block-image\">\n<figure class=\"aligncenter size-large\"><a href=\"https:\/\/www.elsindical.com.ar\/notas\/var\/www\/html\/notas\/wp-content\/uploads\/2023\/07\/F1cWlxNWwAAlCfs.jpeg\"><img loading=\"lazy\" decoding=\"async\" width=\"634\" height=\"1024\" src=\"https:\/\/www.elsindical.com.ar\/notas\/var\/www\/html\/notas\/wp-content\/uploads\/2023\/07\/F1cWlxNWwAAlCfs-634x1024.jpeg\" alt=\"\" class=\"wp-image-124108\" srcset=\"https:\/\/www.elsindical.com.ar\/notas\/var\/www\/html\/notas\/wp-content\/uploads\/2023\/07\/F1cWlxNWwAAlCfs-634x1024.jpeg 634w, https:\/\/www.elsindical.com.ar\/notas\/var\/www\/html\/notas\/wp-content\/uploads\/2023\/07\/F1cWlxNWwAAlCfs-186x300.jpeg 186w, https:\/\/www.elsindical.com.ar\/notas\/var\/www\/html\/notas\/wp-content\/uploads\/2023\/07\/F1cWlxNWwAAlCfs-768x1240.jpeg 768w, https:\/\/www.elsindical.com.ar\/notas\/var\/www\/html\/notas\/wp-content\/uploads\/2023\/07\/F1cWlxNWwAAlCfs-952x1536.jpeg 952w, https:\/\/www.elsindical.com.ar\/notas\/var\/www\/html\/notas\/wp-content\/uploads\/2023\/07\/F1cWlxNWwAAlCfs.jpeg 1125w\" sizes=\"auto, (max-width: 634px) 100vw, 634px\" \/><\/a><\/figure>\n<\/div>\n\n\n<p>Horas m\u00e1s tarde, Marcelo Brunwald otro cobarde pero temerario, aprovech\u00f3 para quedar bien con sus jefes pol\u00edticos de Cambiemos y public\u00f3 el nombre y apellido pero lo acus\u00f3 de un delito que no es por el cual fue demorado, raro en alguien que suele invitar abogados a su programa que acuse a alguien de un delito que no cometi\u00f3, veremos si Garc\u00eda lo demanda o con el esc\u00e1ndalo el loco arruga y se queda tranquilo.<\/p>\n\n\n\n<p>Todo este circo confirma lo que desde hace a\u00f1os sostengo, que todo es una joda, hay personajes que juegan a los periodistas para manotear lo que venga, pol\u00edticos haciendo cualquier cosa, polic\u00edas que en lugar de cumplir con su trabajo pasan informaci\u00f3n a los que generan esc\u00e1ndalos y as\u00ed todo es comentarios en redes sociales sin que nada cambie.<\/p>\n\n\n\n<p>Hace tiempo sostengo que el intendente Jorge Ferraresi debe hacer cambios inmediatos en el \u00e1rea de seguridad, no solo son ineficientes sino que est\u00e1 rodeado de traidores m\u00e1s los in\u00fatiles que no saben conducir, tener un jefe policial que permite que sus efectivos pasen cualquier informaci\u00f3n a dos conocidos irresponsables tiene como premio un esc\u00e1ndalo que le va a restar votos y sumar malestar en los vecinos que ya est\u00e1n podridos de todo lo malo que se publica, seguir subestimando estas cosas no es inteligente y deja puertas abiertas a futuros esc\u00e1ndalos, por el lado de la secretar\u00eda de seguridad las cosas son similares, los empleados est\u00e1n m\u00e1s preocupados en ver en las redes su informaci\u00f3n publicada y generando comentarios que en trabajar, eso es un grave problema de conducci\u00f3n.<\/p>\n\n\n\n<p>Incluso el propio Sergio Berni con formaci\u00f3n militar no deber\u00eda dejar pasar estas cosas porque \u00e9l mejor que nadie sabe que no es bueno lo que ocurre, que estos polic\u00edas no desprestigian solo la gesti\u00f3n municipal sino la policial, las fuerzas de seguridad tienen v\u00ednculos con la prensa desde siempre, pero no con irresponsables que no son periodistas y que ya han demostrado mentir sin problemas.<\/p>\n\n\n\n<p>Ya conocido el esc\u00e1ndalo lo sano ser\u00eda un comunicado del Intendente Jorge Ferraresi y una sesi\u00f3n extraordinaria del HCD para definir la situaci\u00f3n de Garc\u00eda, pero si creen que la defensor\u00eda en manos de Rodrigo Galetovich es una soluci\u00f3n, les comento que es cuesti\u00f3n de d\u00edas para que quede al descubierto por algunos nombramientos dudosos donde en la interna de la propia defensor\u00eda se habla de varios \u00ab\u00f1oquis\u00bb.<\/p>\n\n\n\n<p>Hoy todos estos hechos confirman que el \u00fanico medio que siempre se mantuvo en una misma posici\u00f3n y se\u00f1al\u00f3 irregularidades no solo fueron con fundamento, sino que hoy se muestran por los propios personajes que en medio de la campa\u00f1a pol\u00edtica se tiran mierda de un lado y del otro.<\/p>\n\n\n\n<p>As\u00ed como hay que pensar y saber votar, hay que informarse con seriedad.<\/p>\n\n\n\n<p><\/p>\n\n\n\n<p>Por Marcelo Ricardo Hawrylciw<\/p>\n\n\n\n<p><\/p>\n","protected":false},"excerpt":{"rendered":"<p>Daniel \u00abel loco\u00bb Garc\u00eda, actual Defensor del Pueblo de Avellaneda, seg\u00fan los seudo medios Foro Vecinal Avellaneda Segura de Marcelo Mario Frecha y En La Mira de Marcelo Brunwald, quienes compiten entre s\u00ed por las supuestas primicias vecinales, informaron que la polic\u00eda hab\u00eda demorado a un alto funcionario local por circular en un auto importado&hellip;<\/p>\n","protected":false},"author":1,"featured_media":91775,"comment_status":"open","ping_status":"open","sticky":false,"template":"","format":"standard","meta":{"footnotes":""},"categories":[10],"tags":[23834,34470,3516,2450,19428,1062,33545,19574,17822,17609,11727],"class_list":["post-124105","post","type-post","status-publish","format-standard","has-post-thumbnail","hentry","category-editorial","tag-comisaria-4ta-avellaneda","tag-comisario-mayor-gregorio-martinez","tag-daniel-garcia","tag-diario-el-sindical","tag-hcd-avellaneda","tag-jorge-ferraresi","tag-jxc","tag-marcelo-brunwald","tag-marcelo-frecha","tag-rodrigo-galetovich","tag-sergio-berni"],"_links":{"self":[{"href":"https:\/\/www.elsindical.com.ar\/notas\/wp-json\/wp\/v2\/posts\/124105","targetHints":{"allow":["GET"]}}],"collection":[{"href":"https:\/\/www.elsindical.com.ar\/notas\/wp-json\/wp\/v2\/posts"}],"about":[{"href":"https:\/\/www.elsindical.com.ar\/notas\/wp-json\/wp\/v2\/types\/post"}],"author":[{"embeddable":true,"href":"https:\/\/www.elsindical.com.ar\/notas\/wp-json\/wp\/v2\/users\/1"}],"replies":[{"embeddable":true,"href":"https:\/\/www.elsindical.com.ar\/notas\/wp-json\/wp\/v2\/comments?post=124105"}],"version-history":[{"count":1,"href":"https:\/\/www.elsindical.com.ar\/notas\/wp-json\/wp\/v2\/posts\/124105\/revisions"}],"predecessor-version":[{"id":124109,"href":"https:\/\/www.elsindical.com.ar\/notas\/wp-json\/wp\/v2\/posts\/124105\/revisions\/124109"}],"wp:featuredmedia":[{"embeddable":true,"href":"https:\/\/www.elsindical.com.ar\/notas\/wp-json\/wp\/v2\/media\/91775"}],"wp:attachment":[{"href":"https:\/\/www.elsindical.com.ar\/notas\/wp-json\/wp\/v2\/media?parent=124105"}],"wp:term":[{"taxonomy":"category","embeddable":true,"href":"https:\/\/www.elsindical.com.ar\/notas\/wp-json\/wp\/v2\/categories?post=124105"},{"taxonomy":"post_tag","embeddable":true,"href":"https:\/\/www.elsindical.com.ar\/notas\/wp-json\/wp\/v2\/tags?post=124105"}],"curies":[{"name":"wp","href":"https:\/\/api.w.org\/{rel}","templated":true}]}}