{"id":124073,"date":"2023-07-17T20:24:44","date_gmt":"2023-07-17T23:24:44","guid":{"rendered":"https:\/\/www.elsindical.com.ar\/notas\/?p=124073"},"modified":"2023-07-17T20:24:45","modified_gmt":"2023-07-17T23:24:45","slug":"protesta-en-el-desmonte-ilegal-mas-grande-del-pais","status":"publish","type":"post","link":"https:\/\/www.elsindical.com.ar\/notas\/protesta-en-el-desmonte-ilegal-mas-grande-del-pais\/","title":{"rendered":"Protesta en el desmonte ilegal m\u00e1s grande del pa\u00eds"},"content":{"rendered":"\n<figure class=\"wp-block-image size-large\"><a href=\"https:\/\/www.elsindical.com.ar\/notas\/var\/www\/html\/notas\/wp-content\/uploads\/2023\/07\/desmonte-en-Salta-protesta-1-scaled.jpg\"><img loading=\"lazy\" decoding=\"async\" width=\"1024\" height=\"683\" src=\"https:\/\/www.elsindical.com.ar\/notas\/var\/www\/html\/notas\/wp-content\/uploads\/2023\/07\/desmonte-en-Salta-protesta-1-1024x683.jpg\" alt=\"\" class=\"wp-image-124074\" srcset=\"https:\/\/www.elsindical.com.ar\/notas\/var\/www\/html\/notas\/wp-content\/uploads\/2023\/07\/desmonte-en-Salta-protesta-1-1024x683.jpg 1024w, https:\/\/www.elsindical.com.ar\/notas\/var\/www\/html\/notas\/wp-content\/uploads\/2023\/07\/desmonte-en-Salta-protesta-1-300x200.jpg 300w, https:\/\/www.elsindical.com.ar\/notas\/var\/www\/html\/notas\/wp-content\/uploads\/2023\/07\/desmonte-en-Salta-protesta-1-768x512.jpg 768w, https:\/\/www.elsindical.com.ar\/notas\/var\/www\/html\/notas\/wp-content\/uploads\/2023\/07\/desmonte-en-Salta-protesta-1-450x300.jpg 450w, https:\/\/www.elsindical.com.ar\/notas\/var\/www\/html\/notas\/wp-content\/uploads\/2023\/07\/desmonte-en-Salta-protesta-1-1536x1024.jpg 1536w, https:\/\/www.elsindical.com.ar\/notas\/var\/www\/html\/notas\/wp-content\/uploads\/2023\/07\/desmonte-en-Salta-protesta-1-2048x1365.jpg 2048w\" sizes=\"auto, (max-width: 1024px) 100vw, 1024px\" \/><\/a><figcaption class=\"wp-element-caption\">Activistas de Greenpeace desplegaron un cartel gigante en una finca de casi 12.000 hect\u00e1reas, el tama\u00f1o de media ciudad  de Buenos Aires, que fue ilegalmente deforestada. La organizaci\u00f3n ecologista denuncia que su due\u00f1o lleva, impunemente, 10 a\u00f1os sin restaurar el bosque y con producci\u00f3n agropecuaria. Invitan a la ciudadan\u00eda a votar una Consulta Popular sobre si hay que penalizar desmontes ilegales e incendios forestales.<\/figcaption><\/figure>\n\n\n\n<p><strong>Salta, 17 de julio de 2023.- Activistas de Greenpeace desplegaron un cartel gigante en una finca de casi 12.000 hect\u00e1reas, el tama\u00f1o de media ciudad de Buenos Aires, que fue ilegalmente deforestada. La organizaci\u00f3n ecologista denuncia que su due\u00f1o lleva, impunemente, 10 a\u00f1os sin restaurar el bosque y con producci\u00f3n agropecuaria. Invitan a la ciudadan\u00eda a votar una Consulta Popular sobre si hay que penalizar desmontes ilegales e incendios forestales.<\/strong><\/p>\n\n\n\n<p><em>\u00abSe trata del desmonte ilegal m\u00e1s grande del pa\u00eds de las \u00faltimas d\u00e9cadas. Un ecocidio que realizaron durante varios meses con 18 topadoras y la AFIP los denunci\u00f3 por trabajo esclavo. Les aplicaron una multa por el desmonte, pero terminaron acordando un plan de remediaci\u00f3n del bosque que nunca se concret\u00f3, y siguen con su negocio agropecuario como si nada. Este es un claro ejemplo de la impunidad con la que se viola la Ley de Bosques. El desmonte ilegal debe ser un delito penal\u00bb<\/em>, afirm\u00f3 Noem\u00ed Cruz, coordinadora de la campa\u00f1a de Bosques de Greenpeace.<\/p>\n\n\n\n<p>De la protesta participaron 33 activistas de varias provincias, quienes desplegaron dentro de la finca un cartel con un signo de pregunta gigante y la frase \u00ab\u00bfY el bosque?\u00bb y otros dos carteles en forma de cinta m\u00e9trica para delimitar la superficie de una hect\u00e1rea (100 metros x 100 metros), como una peque\u00f1a muestra de las 11.875 que all\u00ed se deforestaron ilegalmente.&nbsp;<\/p>\n\n\n\n<p>La estancia est\u00e1 ubicada a unos 20 kil\u00f3metros de la localidad de Dragones, en el norte de Salta, y es propiedad del empresario agropecuario Juan Jos\u00e9 Karlen. El caso fue denunciado por Greenpeace en 2013 y 2016. (1)<\/p>\n\n\n\n<p><em>\u00abLos bosques son fundamentales para la regulaci\u00f3n clim\u00e1tica e h\u00eddrica, y contienen la mayor cantidad de especies del planeta. Nos brindan recursos claves como alimentos, medicinas y maderas, y son el sustento y territorio de comunidades ind\u00edgenas y campesinas. Es evidente que las multas no son suficientes para desalentar la deforestaci\u00f3n ilegal y los empresarios suelen incluirlas como un costo m\u00e1s de producci\u00f3n. Invitamos a la gente a votar si considera que se debe penalizar su destrucci\u00f3n\u00bb<\/em>, se\u00f1al\u00f3 Cruz.<\/p>\n\n\n\n<p><strong>En www.votaporlosbosques.org se puede participar de la Consulta Popular que lanz\u00f3 Greenpeace. Los resultados ser\u00e1n entregados al Congreso de la Naci\u00f3n.&nbsp;<\/strong><\/p>\n\n\n\n<p><strong>Nota:<\/strong> 1. Informe&nbsp; \u00abSalta: El festival de los desmontes no se detiene\u00bb (2013). P\u00e1ginas 19 y 20<\/p>\n\n\n\n<figure class=\"wp-block-embed\"><div class=\"wp-block-embed__wrapper\">\nhttps:\/\/wayback.archive-it.org\/9650\/20200217152947\/http:\/\/p3-raw.greenpeace.org\/argentina\/Global\/argentina\/report\/2013\/bosques\/Informe-Salta-2013-FINAL.pdf\n<\/div><\/figure>\n\n\n\n<p>&nbsp; &nbsp; Informe&nbsp; \u00abDesmontes S.A. Parte 3. El mapa del delito forestal en Argentina\u00bb (2016). P\u00e1ginas 5 y 6.&nbsp;<\/p>\n\n\n\n<p><a href=\"https:\/\/et.datacrush.la\/track\/click?portalID=315&amp;l=W3eTwMTxCqq4gRvRzc1C5uqsl&amp;key=MzE1LTU0ODM3Mjc4NC0zMDE4OS0zMjc5MC00NDU1Njg2LQ&amp;contact_key=3154iNa749pTZ2ONHWZ2YB66dyy6SxFljtpChAKmK9gJc4wU\" target=\"_blank\" rel=\"noreferrer noopener\">http:\/\/greenpeace.co\/pdf\/INFORME_DESMONTES_SA_3_FINAL.pdf<\/a>&nbsp;<\/p>\n\n\n\n<figure class=\"wp-block-gallery has-nested-images columns-1 is-cropped wp-block-gallery-1 is-layout-flex wp-block-gallery-is-layout-flex\">\n<figure class=\"wp-block-image size-large\"><a href=\"https:\/\/www.elsindical.com.ar\/notas\/var\/www\/html\/notas\/wp-content\/uploads\/2023\/07\/desmonte-en-Salta-protesta-2-scaled.jpg\"><img loading=\"lazy\" decoding=\"async\" width=\"1024\" height=\"683\" data-id=\"124076\" src=\"https:\/\/www.elsindical.com.ar\/notas\/var\/www\/html\/notas\/wp-content\/uploads\/2023\/07\/desmonte-en-Salta-protesta-2-1024x683.jpg\" alt=\"\" class=\"wp-image-124076\" srcset=\"https:\/\/www.elsindical.com.ar\/notas\/var\/www\/html\/notas\/wp-content\/uploads\/2023\/07\/desmonte-en-Salta-protesta-2-1024x683.jpg 1024w, https:\/\/www.elsindical.com.ar\/notas\/var\/www\/html\/notas\/wp-content\/uploads\/2023\/07\/desmonte-en-Salta-protesta-2-300x200.jpg 300w, https:\/\/www.elsindical.com.ar\/notas\/var\/www\/html\/notas\/wp-content\/uploads\/2023\/07\/desmonte-en-Salta-protesta-2-768x512.jpg 768w, https:\/\/www.elsindical.com.ar\/notas\/var\/www\/html\/notas\/wp-content\/uploads\/2023\/07\/desmonte-en-Salta-protesta-2-450x300.jpg 450w, https:\/\/www.elsindical.com.ar\/notas\/var\/www\/html\/notas\/wp-content\/uploads\/2023\/07\/desmonte-en-Salta-protesta-2-1536x1024.jpg 1536w, https:\/\/www.elsindical.com.ar\/notas\/var\/www\/html\/notas\/wp-content\/uploads\/2023\/07\/desmonte-en-Salta-protesta-2-2048x1365.jpg 2048w\" sizes=\"auto, (max-width: 1024px) 100vw, 1024px\" \/><\/a><figcaption class=\"wp-element-caption\">Activistas de Greenpeace desplegaron un cartel gigante en una finca de casi 12.000 hect\u00e1reas, el tama\u00f1o de media ciudad  de Buenos Aires, que fue ilegalmente deforestada. La organizaci\u00f3n ecologista denuncia que su due\u00f1o lleva, impunemente, 10 a\u00f1os sin restaurar el bosque y con producci\u00f3n agropecuaria. Invitan a la ciudadan\u00eda a votar una Consulta Popular sobre si hay que penalizar desmontes ilegales e incendios forestales.<\/figcaption><\/figure>\n\n\n\n<figure class=\"wp-block-image size-large\"><a href=\"https:\/\/www.elsindical.com.ar\/notas\/var\/www\/html\/notas\/wp-content\/uploads\/2023\/07\/desmonte-en-Salta-protesta-3-scaled.jpg\"><img loading=\"lazy\" decoding=\"async\" width=\"1024\" height=\"683\" data-id=\"124075\" src=\"https:\/\/www.elsindical.com.ar\/notas\/var\/www\/html\/notas\/wp-content\/uploads\/2023\/07\/desmonte-en-Salta-protesta-3-1024x683.jpg\" alt=\"\" class=\"wp-image-124075\" srcset=\"https:\/\/www.elsindical.com.ar\/notas\/var\/www\/html\/notas\/wp-content\/uploads\/2023\/07\/desmonte-en-Salta-protesta-3-1024x683.jpg 1024w, https:\/\/www.elsindical.com.ar\/notas\/var\/www\/html\/notas\/wp-content\/uploads\/2023\/07\/desmonte-en-Salta-protesta-3-300x200.jpg 300w, https:\/\/www.elsindical.com.ar\/notas\/var\/www\/html\/notas\/wp-content\/uploads\/2023\/07\/desmonte-en-Salta-protesta-3-768x512.jpg 768w, https:\/\/www.elsindical.com.ar\/notas\/var\/www\/html\/notas\/wp-content\/uploads\/2023\/07\/desmonte-en-Salta-protesta-3-450x300.jpg 450w, https:\/\/www.elsindical.com.ar\/notas\/var\/www\/html\/notas\/wp-content\/uploads\/2023\/07\/desmonte-en-Salta-protesta-3-1536x1024.jpg 1536w, https:\/\/www.elsindical.com.ar\/notas\/var\/www\/html\/notas\/wp-content\/uploads\/2023\/07\/desmonte-en-Salta-protesta-3-2048x1365.jpg 2048w\" sizes=\"auto, (max-width: 1024px) 100vw, 1024px\" \/><\/a><figcaption class=\"wp-element-caption\">Activistas de Greenpeace desplegaron un cartel gigante en una finca de casi 12.000 hect\u00e1reas, el tama\u00f1o de media ciudad  de Buenos Aires, que fue ilegalmente deforestada. La organizaci\u00f3n ecologista denuncia que su due\u00f1o lleva, impunemente, 10 a\u00f1os sin restaurar el bosque y con producci\u00f3n agropecuaria. Invitan a la ciudadan\u00eda a votar una Consulta Popular sobre si hay que penalizar desmontes ilegales e incendios forestales.<\/figcaption><\/figure>\n\n\n\n<figure class=\"wp-block-image size-large\"><a href=\"https:\/\/www.elsindical.com.ar\/notas\/var\/www\/html\/notas\/wp-content\/uploads\/2023\/07\/desmonte-en-Salta-protesta-4-scaled.jpg\"><img loading=\"lazy\" decoding=\"async\" width=\"1024\" height=\"683\" data-id=\"124077\" src=\"https:\/\/www.elsindical.com.ar\/notas\/var\/www\/html\/notas\/wp-content\/uploads\/2023\/07\/desmonte-en-Salta-protesta-4-1024x683.jpg\" alt=\"\" class=\"wp-image-124077\" srcset=\"https:\/\/www.elsindical.com.ar\/notas\/var\/www\/html\/notas\/wp-content\/uploads\/2023\/07\/desmonte-en-Salta-protesta-4-1024x683.jpg 1024w, https:\/\/www.elsindical.com.ar\/notas\/var\/www\/html\/notas\/wp-content\/uploads\/2023\/07\/desmonte-en-Salta-protesta-4-300x200.jpg 300w, https:\/\/www.elsindical.com.ar\/notas\/var\/www\/html\/notas\/wp-content\/uploads\/2023\/07\/desmonte-en-Salta-protesta-4-768x512.jpg 768w, https:\/\/www.elsindical.com.ar\/notas\/var\/www\/html\/notas\/wp-content\/uploads\/2023\/07\/desmonte-en-Salta-protesta-4-450x300.jpg 450w, https:\/\/www.elsindical.com.ar\/notas\/var\/www\/html\/notas\/wp-content\/uploads\/2023\/07\/desmonte-en-Salta-protesta-4-1536x1024.jpg 1536w, https:\/\/www.elsindical.com.ar\/notas\/var\/www\/html\/notas\/wp-content\/uploads\/2023\/07\/desmonte-en-Salta-protesta-4-2048x1365.jpg 2048w\" sizes=\"auto, (max-width: 1024px) 100vw, 1024px\" \/><\/a><figcaption class=\"wp-element-caption\">Activistas de Greenpeace desplegaron un cartel gigante en una finca de casi 12.000 hect\u00e1reas, el tama\u00f1o de media ciudad  de Buenos Aires, que fue ilegalmente deforestada. La organizaci\u00f3n ecologista denuncia que su due\u00f1o lleva, impunemente, 10 a\u00f1os sin restaurar el bosque y con producci\u00f3n agropecuaria. Invitan a la ciudadan\u00eda a votar una Consulta Popular sobre si hay que penalizar desmontes ilegales e incendios forestales.<\/figcaption><\/figure>\n<\/figure>\n","protected":false},"excerpt":{"rendered":"<p>Salta, 17 de julio de 2023.- Activistas de Greenpeace desplegaron un cartel gigante en una finca de casi 12.000 hect\u00e1reas, el tama\u00f1o de media ciudad de Buenos Aires, que fue ilegalmente deforestada. La organizaci\u00f3n ecologista denuncia que su due\u00f1o lleva, impunemente, 10 a\u00f1os sin restaurar el bosque y con producci\u00f3n agropecuaria. Invitan a la ciudadan\u00eda&hellip;<\/p>\n","protected":false},"author":1,"featured_media":124074,"comment_status":"open","ping_status":"open","sticky":false,"template":"","format":"standard","meta":{"footnotes":""},"categories":[25],"tags":[40675,40676,2450,2562],"class_list":["post-124073","post","type-post","status-publish","format-standard","has-post-thumbnail","hentry","category-sociedad","tag-activistas-de-greenpeace","tag-desmonte-sa","tag-diario-el-sindical","tag-salta"],"_links":{"self":[{"href":"https:\/\/www.elsindical.com.ar\/notas\/wp-json\/wp\/v2\/posts\/124073","targetHints":{"allow":["GET"]}}],"collection":[{"href":"https:\/\/www.elsindical.com.ar\/notas\/wp-json\/wp\/v2\/posts"}],"about":[{"href":"https:\/\/www.elsindical.com.ar\/notas\/wp-json\/wp\/v2\/types\/post"}],"author":[{"embeddable":true,"href":"https:\/\/www.elsindical.com.ar\/notas\/wp-json\/wp\/v2\/users\/1"}],"replies":[{"embeddable":true,"href":"https:\/\/www.elsindical.com.ar\/notas\/wp-json\/wp\/v2\/comments?post=124073"}],"version-history":[{"count":1,"href":"https:\/\/www.elsindical.com.ar\/notas\/wp-json\/wp\/v2\/posts\/124073\/revisions"}],"predecessor-version":[{"id":124078,"href":"https:\/\/www.elsindical.com.ar\/notas\/wp-json\/wp\/v2\/posts\/124073\/revisions\/124078"}],"wp:featuredmedia":[{"embeddable":true,"href":"https:\/\/www.elsindical.com.ar\/notas\/wp-json\/wp\/v2\/media\/124074"}],"wp:attachment":[{"href":"https:\/\/www.elsindical.com.ar\/notas\/wp-json\/wp\/v2\/media?parent=124073"}],"wp:term":[{"taxonomy":"category","embeddable":true,"href":"https:\/\/www.elsindical.com.ar\/notas\/wp-json\/wp\/v2\/categories?post=124073"},{"taxonomy":"post_tag","embeddable":true,"href":"https:\/\/www.elsindical.com.ar\/notas\/wp-json\/wp\/v2\/tags?post=124073"}],"curies":[{"name":"wp","href":"https:\/\/api.w.org\/{rel}","templated":true}]}}