{"id":124024,"date":"2023-07-14T12:12:09","date_gmt":"2023-07-14T15:12:09","guid":{"rendered":"https:\/\/www.elsindical.com.ar\/notas\/?p=124024"},"modified":"2023-07-14T12:12:10","modified_gmt":"2023-07-14T15:12:10","slug":"crisis-migratoria-en-europa-unicef-informo-que-casi-300-ninos-murieron-ahogados-en-el-mar-mediterraneo-en-2023","status":"publish","type":"post","link":"https:\/\/www.elsindical.com.ar\/notas\/crisis-migratoria-en-europa-unicef-informo-que-casi-300-ninos-murieron-ahogados-en-el-mar-mediterraneo-en-2023\/","title":{"rendered":"Crisis migratoria en Europa: Unicef inform\u00f3 que casi 300 ni\u00f1os murieron ahogados en el Mar Mediterr\u00e1neo en 2023"},"content":{"rendered":"\n<figure class=\"wp-block-image size-large\"><a href=\"https:\/\/www.elsindical.com.ar\/notas\/var\/www\/html\/notas\/wp-content\/uploads\/2023\/07\/migrantes-Mar-Mediterraneo-1.jpg\"><img loading=\"lazy\" decoding=\"async\" width=\"1024\" height=\"553\" src=\"https:\/\/www.elsindical.com.ar\/notas\/var\/www\/html\/notas\/wp-content\/uploads\/2023\/07\/migrantes-Mar-Mediterraneo-1-1024x553.jpg\" alt=\"\" class=\"wp-image-124025\" srcset=\"https:\/\/www.elsindical.com.ar\/notas\/var\/www\/html\/notas\/wp-content\/uploads\/2023\/07\/migrantes-Mar-Mediterraneo-1-1024x553.jpg 1024w, https:\/\/www.elsindical.com.ar\/notas\/var\/www\/html\/notas\/wp-content\/uploads\/2023\/07\/migrantes-Mar-Mediterraneo-1-300x162.jpg 300w, https:\/\/www.elsindical.com.ar\/notas\/var\/www\/html\/notas\/wp-content\/uploads\/2023\/07\/migrantes-Mar-Mediterraneo-1-768x415.jpg 768w, https:\/\/www.elsindical.com.ar\/notas\/var\/www\/html\/notas\/wp-content\/uploads\/2023\/07\/migrantes-Mar-Mediterraneo-1-500x270.jpg 500w, https:\/\/www.elsindical.com.ar\/notas\/var\/www\/html\/notas\/wp-content\/uploads\/2023\/07\/migrantes-Mar-Mediterraneo-1.jpg 1167w\" sizes=\"auto, (max-width: 1024px) 100vw, 1024px\" \/><\/a><\/figure>\n\n\n\n<p class=\"wp-block-paragraph\">El Fondo de Naciones Unidad para la Infancia public\u00f3 un dram\u00e1tico informe que revela que se duplic\u00f3 el n\u00famero con respecto a 2022.<\/p>\n\n\n\n<p class=\"wp-block-paragraph\">El <strong>Fondo de Naciones Unidad para la Infancia<\/strong> (Unicef) entreg\u00f3 datos escalofriantes sobre lo que ocurre con los menores de edad migrantes que buscan llegar a Europa. Seg\u00fan el informe publicado este viernes,<strong> en la primera mitad del a\u00f1o, casi 300 ni\u00f1os murieron ahogados en el mar Mediterr\u00e1neo<\/strong> mientras intentaban llegar al viejo continente.<\/p>\n\n\n\n<p class=\"wp-block-paragraph\">Adem\u00e1s, seg\u00fan lo que mencion\u00f3 Unicef, <strong>la cifra exacta es de 289 fallecidos y representa el doble de lo que registro en el mismo periodo de tiempo, pero de 2022<\/strong>. Por otro lado, hicieron un llamado para que Europa tenga v\u00edas que representen una mayor seguridad, adem\u00e1s de que sean legales y accesibles en busca de que los ni\u00f1os puedan llegar a destino.<\/p>\n\n\n\n<p class=\"wp-block-paragraph\">El promedio que arroja el n\u00famero publicado indica que <strong>murieron once menores de edad por semana mientras intentaban cruzar el Mediterr\u00e1neo<\/strong> para llegar a las costas de Italia. Adem\u00e1s, la agencia de Naciones Unidas estima que, desde 2018, fallecieron o desaparecieron unos 1.500 ni\u00f1os en la ruta migratoria para llegar al viejo continente.\u00a0<\/p>\n\n\n\n<p class=\"wp-block-paragraph\">La directora mundial del organismo sobre migraci\u00f3n y desplazamiento, <strong>Verena Knaus,<\/strong> mencion\u00f3 que <strong>hay una probabilidad de que los n\u00fameros reales sean m\u00e1s altos<\/strong>, ya que se registran un gran n\u00famero de naufragios en el centro del Mediterr\u00e1neo que no dejan supervivientes ni rastro alguno.&nbsp;<\/p>\n\n\n\n<p class=\"wp-block-paragraph\">Knaus indic\u00f3 en sus declaraciones a AFP que \u00aben los primeros seis meses de este a\u00f1o, <strong>estimamos que 11.600 lograron cruzar<\/strong>\u00ab. De todos modos, la cifra publicada por Unicef tambi\u00e9n representa al doble que lo que se registr\u00f3 en los primeros seis meses de 2022.\u00a0<\/p>\n\n\n\n<p class=\"wp-block-paragraph\">Otra informaci\u00f3n que se desprende de es que, en los primeros tres meses de 2023, <strong>cerca de 3.300 ni\u00f1os fueron registrados como no acompa\u00f1ados<\/strong>, aunque no hay detalle de la proporci\u00f3n que representa cada motivo.\u00a0Esa cifra significa el 71% de todos los menores que llegaron a Europa por la ruta del Mediterr\u00e1neo, que triplica al mismo periodo de tiempo en 2022.<\/p>\n\n\n\n<p class=\"wp-block-paragraph\"><\/p>\n\n\n\n<figure class=\"wp-block-gallery has-nested-images columns-1 is-cropped wp-block-gallery-1 is-layout-flex wp-block-gallery-is-layout-flex\">\n<figure class=\"wp-block-image size-large\"><a href=\"https:\/\/www.elsindical.com.ar\/notas\/var\/www\/html\/notas\/wp-content\/uploads\/2023\/07\/migrantes-Mar-Mediterraneo-2.jpg\"><img loading=\"lazy\" decoding=\"async\" width=\"1024\" height=\"683\" data-id=\"124027\" src=\"https:\/\/www.elsindical.com.ar\/notas\/var\/www\/html\/notas\/wp-content\/uploads\/2023\/07\/migrantes-Mar-Mediterraneo-2-1024x683.jpg\" alt=\"\" class=\"wp-image-124027\" srcset=\"https:\/\/www.elsindical.com.ar\/notas\/var\/www\/html\/notas\/wp-content\/uploads\/2023\/07\/migrantes-Mar-Mediterraneo-2-1024x683.jpg 1024w, https:\/\/www.elsindical.com.ar\/notas\/var\/www\/html\/notas\/wp-content\/uploads\/2023\/07\/migrantes-Mar-Mediterraneo-2-300x200.jpg 300w, https:\/\/www.elsindical.com.ar\/notas\/var\/www\/html\/notas\/wp-content\/uploads\/2023\/07\/migrantes-Mar-Mediterraneo-2-768x512.jpg 768w, https:\/\/www.elsindical.com.ar\/notas\/var\/www\/html\/notas\/wp-content\/uploads\/2023\/07\/migrantes-Mar-Mediterraneo-2-450x300.jpg 450w, https:\/\/www.elsindical.com.ar\/notas\/var\/www\/html\/notas\/wp-content\/uploads\/2023\/07\/migrantes-Mar-Mediterraneo-2.jpg 1170w\" sizes=\"auto, (max-width: 1024px) 100vw, 1024px\" \/><\/a><\/figure>\n\n\n\n<figure class=\"wp-block-image size-large\"><a href=\"https:\/\/www.elsindical.com.ar\/notas\/var\/www\/html\/notas\/wp-content\/uploads\/2023\/07\/migrantes-Mar-Mediterraneo-3.jpg\"><img loading=\"lazy\" decoding=\"async\" width=\"1024\" height=\"647\" data-id=\"124026\" src=\"https:\/\/www.elsindical.com.ar\/notas\/var\/www\/html\/notas\/wp-content\/uploads\/2023\/07\/migrantes-Mar-Mediterraneo-3-1024x647.jpg\" alt=\"\" class=\"wp-image-124026\" srcset=\"https:\/\/www.elsindical.com.ar\/notas\/var\/www\/html\/notas\/wp-content\/uploads\/2023\/07\/migrantes-Mar-Mediterraneo-3-1024x647.jpg 1024w, https:\/\/www.elsindical.com.ar\/notas\/var\/www\/html\/notas\/wp-content\/uploads\/2023\/07\/migrantes-Mar-Mediterraneo-3-300x189.jpg 300w, https:\/\/www.elsindical.com.ar\/notas\/var\/www\/html\/notas\/wp-content\/uploads\/2023\/07\/migrantes-Mar-Mediterraneo-3-768x485.jpg 768w, https:\/\/www.elsindical.com.ar\/notas\/var\/www\/html\/notas\/wp-content\/uploads\/2023\/07\/migrantes-Mar-Mediterraneo-3-475x300.jpg 475w, https:\/\/www.elsindical.com.ar\/notas\/var\/www\/html\/notas\/wp-content\/uploads\/2023\/07\/migrantes-Mar-Mediterraneo-3.jpg 1170w\" sizes=\"auto, (max-width: 1024px) 100vw, 1024px\" \/><\/a><\/figure>\n<\/figure>\n","protected":false},"excerpt":{"rendered":"<p>El Fondo de Naciones Unidad para la Infancia public\u00f3 un dram\u00e1tico informe que revela que se duplic\u00f3 el n\u00famero con respecto a 2022. El Fondo de Naciones Unidad para la Infancia (Unicef) entreg\u00f3 datos escalofriantes sobre lo que ocurre con los menores de edad migrantes que buscan llegar a Europa. Seg\u00fan el informe publicado este&hellip;<\/p>\n","protected":false},"author":1,"featured_media":124025,"comment_status":"open","ping_status":"open","sticky":false,"template":"","format":"standard","meta":{"footnotes":""},"categories":[18],"tags":[13661,2450,5898,40664,35591,1788,2336],"class_list":["post-124024","post","type-post","status-publish","format-standard","has-post-thumbnail","hentry","category-internacionales","tag-ahogados","tag-diario-el-sindical","tag-europa","tag-mar-mediterraneo","tag-migrantes","tag-ninos","tag-unicef"],"_links":{"self":[{"href":"https:\/\/www.elsindical.com.ar\/notas\/wp-json\/wp\/v2\/posts\/124024","targetHints":{"allow":["GET"]}}],"collection":[{"href":"https:\/\/www.elsindical.com.ar\/notas\/wp-json\/wp\/v2\/posts"}],"about":[{"href":"https:\/\/www.elsindical.com.ar\/notas\/wp-json\/wp\/v2\/types\/post"}],"author":[{"embeddable":true,"href":"https:\/\/www.elsindical.com.ar\/notas\/wp-json\/wp\/v2\/users\/1"}],"replies":[{"embeddable":true,"href":"https:\/\/www.elsindical.com.ar\/notas\/wp-json\/wp\/v2\/comments?post=124024"}],"version-history":[{"count":1,"href":"https:\/\/www.elsindical.com.ar\/notas\/wp-json\/wp\/v2\/posts\/124024\/revisions"}],"predecessor-version":[{"id":124028,"href":"https:\/\/www.elsindical.com.ar\/notas\/wp-json\/wp\/v2\/posts\/124024\/revisions\/124028"}],"wp:featuredmedia":[{"embeddable":true,"href":"https:\/\/www.elsindical.com.ar\/notas\/wp-json\/wp\/v2\/media\/124025"}],"wp:attachment":[{"href":"https:\/\/www.elsindical.com.ar\/notas\/wp-json\/wp\/v2\/media?parent=124024"}],"wp:term":[{"taxonomy":"category","embeddable":true,"href":"https:\/\/www.elsindical.com.ar\/notas\/wp-json\/wp\/v2\/categories?post=124024"},{"taxonomy":"post_tag","embeddable":true,"href":"https:\/\/www.elsindical.com.ar\/notas\/wp-json\/wp\/v2\/tags?post=124024"}],"curies":[{"name":"wp","href":"https:\/\/api.w.org\/{rel}","templated":true}]}}