{"id":124020,"date":"2023-07-14T12:04:08","date_gmt":"2023-07-14T15:04:08","guid":{"rendered":"https:\/\/www.elsindical.com.ar\/notas\/?p=124020"},"modified":"2023-07-14T12:04:09","modified_gmt":"2023-07-14T15:04:09","slug":"avellaneda-otro-violento-robo-a-un-vecino-muestra-la-inaccion-policial-y-municipal","status":"publish","type":"post","link":"https:\/\/www.elsindical.com.ar\/notas\/avellaneda-otro-violento-robo-a-un-vecino-muestra-la-inaccion-policial-y-municipal\/","title":{"rendered":"Avellaneda: Otro violento robo a un vecino muestra la inacci\u00f3n policial y municipal"},"content":{"rendered":"<div class=\"wp-block-image\">\n<figure class=\"aligncenter size-full\"><a href=\"https:\/\/www.elsindical.com.ar\/notas\/var\/www\/html\/notas\/wp-content\/uploads\/2023\/07\/robo-violento-en-Pineiro.jpg\"><img loading=\"lazy\" decoding=\"async\" width=\"750\" height=\"479\" src=\"https:\/\/www.elsindical.com.ar\/notas\/var\/www\/html\/notas\/wp-content\/uploads\/2023\/07\/robo-violento-en-Pineiro.jpg\" alt=\"\" class=\"wp-image-124021\" srcset=\"https:\/\/www.elsindical.com.ar\/notas\/var\/www\/html\/notas\/wp-content\/uploads\/2023\/07\/robo-violento-en-Pineiro.jpg 750w, https:\/\/www.elsindical.com.ar\/notas\/var\/www\/html\/notas\/wp-content\/uploads\/2023\/07\/robo-violento-en-Pineiro-300x192.jpg 300w, https:\/\/www.elsindical.com.ar\/notas\/var\/www\/html\/notas\/wp-content\/uploads\/2023\/07\/robo-violento-en-Pineiro-470x300.jpg 470w\" sizes=\"auto, (max-width: 750px) 100vw, 750px\" \/><\/a><\/figure>\n<\/div>\n\n\n<p>   Un violento robo de auto qued\u00f3 registrado por las c\u00e1maras de seguridad de Pi\u00f1eiro, en el partido de Avellaneda cuando <strong>un vecino intent\u00f3 resistirse al ser robado por dos j\u00f3venes<\/strong>, uno de ellos armado, quienes le sustrajeron la billetera, dos celulares y la camioneta, luego de golpearlo y tirarlo contra el asfalto.<\/p>\n\n\n\n<p>Ya es algo habitual que se denuncien violentos robos en Avellaneda, donde curiosamente el Jefe de la Estaci\u00f3n de Polic\u00eda <strong>Gregorio Mart\u00ednez<\/strong>, viene siendo ineficiente como servidor de la sociedad, pero premiado con ascensos hasta llegar a ser hoy Comisario Mayor, si como polic\u00eda es un fracaso frente a la delincuencia habr\u00e1 que pensar en que tiene otras habilidades que lo hacen seguir a cargo cuando todo est\u00e1 peor y los vecinos ya no soportan m\u00e1s la inseguridad.<\/p>\n\n\n\n<p>Por el lado del municipio es m\u00e1s que evidente que el intendente Jorge Ferraresi ha elegido y mantenido a funcionarios ineficientes y sospechados de corrupci\u00f3n, el \u00faltimo y actual secretario de seguridad Alejo Chornobroff no sabe ni d\u00f3nde empezar con la seguridad.<\/p>\n\n\n\n<p>\u201cEs la segunda vez que me roban la camioneta, <strong>esto es una zona liberada<\/strong>\u201d, denunci\u00f3 Daniel, la v\u00edctima en di\u00e1logo con una se\u00f1al de noticias.<\/p>\n\n\n\n<p>\u201cEran dos pibes de no tanta edad. Si ves, yo lo quiero agarrar a uno y me dice \u2018te tiro\u2019, y le digo \u00b4Dejame la camioneta\u00b4\u201d, repas\u00f3 el hombre al relatar lo sucedido el martes. En las im\u00e1genes <strong>se lo ve enfrentar a los delincuentes, quienes lo amenazan, lo golpean y lo empujan <\/strong>a medida que entran al veh\u00edculo, que estaba estacionado en Uruguay al 300, casi La Rioja.<\/p>\n\n\n\n<p>\u201cVi que uno se meti\u00f3 del lado del acompa\u00f1ante y me tir\u00e9 para lado del chofer para abrir la puerta y que no se lleve la camioneta, pero me tir\u00f3 en el asfalto\u201d, explic\u00f3 Daniel, y <strong>admiti\u00f3 que su reacci\u00f3n <\/strong>no fue la debida ya que corri\u00f3 peligro.<\/p>\n\n\n\n<p>\u201cUno de ellos ten\u00eda un arma, pero <strong>es la segunda vez en el a\u00f1o que me roban la camioneta y me molest\u00f3, es lo que tengo, toda mi vida trabajando. <\/strong>Me siento indefenso y me dieron ganas de agarrarlo a este que ten\u00eda el arma y cagarlo a trompadas, pero ten\u00eda un arma\u2026 no pod\u00e9s nada\u201d, subray\u00f3.<\/p>\n\n\n\n<p>\u201cLa inseguridad es terrible, no entro la camioneta a la noche porque me da miedo. No pasa ni un patrullero. El martes [cuando ocurri\u00f3 el asalto] <strong>tard\u00f3 15 minutos en venir el m\u00f3vil de la polic\u00eda y 20 minutos en venir el SAME, yo con la cabeza rota<\/strong>\u201d, se lament\u00f3.<\/p>\n\n\n\n<p>Y destac\u00f3: \u201cMe ayudaron mucho los vecinos, ellos llamaron al 911, al SAME, yo ten\u00eda la cabeza chorreando sangre y de la calentura que ten\u00eda no me hab\u00eda dado cuenta.<strong> No hay coherencia, no hay seguridad, esto es un lugar liberado<\/strong>\u201d.<\/p>\n\n\n\n<p>Al respecto, coment\u00f3 que hace unas semanas, en Avellaneda, <strong>su hija y su nieta tambi\u00e9n sufrieron un violento asalto. <\/strong>\u201cA mi hija la agarraron en la calle con la nena y la enca\u00f1onaron para robarle. Qu\u00e9 tenemos que hacer \u00bfirnos? Yo ya estoy grande, estoy por jubilarme, pero si s\u00e9 de un trabajo en C\u00f3rdoba me voy\u201d, protest\u00f3.<\/p>\n\n\n\n<p>Daniel tambi\u00e9n coment\u00f3 que la primera vez que le robaron logr\u00f3 recuperar la camioneta gracias al trabajo de dos polic\u00edas.<\/p>\n\n\n\n<p>\u201cLa primera vez<strong> apareci\u00f3 cerca del r\u00edo Colorado, en el l\u00edmite con la provincia de la Buenos Aires<\/strong>. A dos agentes les llam\u00f3 la atenci\u00f3n y la pararon. El n\u00famero de motor y chasis no hab\u00eda cambiado, porque el resto lo hab\u00edan cambiado todo, vidrios, papeles, todo\u201d, describi\u00f3. Adem\u00e1s, cont\u00f3 que esta semana estaba trabajando para <strong>terminar de arreglar su camioneta para hacer la Verificaci\u00f3n T\u00e9cnica Vehicular <\/strong>(VTV).<\/p>\n\n\n\n<p>\u201cAyer volv\u00ed del taller mec\u00e1nico de un amigo, porque le hab\u00eda llevado herramientas para terminar de arreglar el tren delantero de la camioneta para la semana que viene cumplir con la VTV, porque si no la ten\u00e9s te secuestran el auto\u201d, dijo, y cerr\u00f3: \u201cEstoy muy podrido. <strong>Solo pido seguridad, porque uno hace lo que hay que hacer, paga impuestos, trabaja y esto es tierra de nadie\u201d<\/strong><\/p>\n\n\n\n<figure class=\"wp-block-video\"><video height=\"480\" style=\"aspect-ratio: 848 \/ 480;\" width=\"848\" controls src=\"https:\/\/www.elsindical.com.ar\/notas\/var\/www\/html\/notas\/wp-content\/uploads\/2023\/07\/robo-camioneta-en-Avellaneda.mp4\"><\/video><\/figure>\n","protected":false},"excerpt":{"rendered":"<p>Un violento robo de auto qued\u00f3 registrado por las c\u00e1maras de seguridad de Pi\u00f1eiro, en el partido de Avellaneda cuando un vecino intent\u00f3 resistirse al ser robado por dos j\u00f3venes, uno de ellos armado, quienes le sustrajeron la billetera, dos celulares y la camioneta, luego de golpearlo y tirarlo contra el asfalto. Ya es algo&hellip;<\/p>\n","protected":false},"author":1,"featured_media":124021,"comment_status":"open","ping_status":"open","sticky":false,"template":"","format":"standard","meta":{"footnotes":""},"categories":[22],"tags":[30014,461,154,34470,1451,984,1062,16396,17982,11727,986],"class_list":["post-124020","post","type-post","status-publish","format-standard","has-post-thumbnail","hentry","category-policiales","tag-alejo-chornobroff","tag-avellaneda","tag-buenos-aires","tag-comisario-mayor-gregorio-martinez","tag-corrupcion","tag-inseguridad","tag-jorge-ferraresi","tag-pba","tag-pineiro","tag-sergio-berni","tag-vecinos"],"_links":{"self":[{"href":"https:\/\/www.elsindical.com.ar\/notas\/wp-json\/wp\/v2\/posts\/124020","targetHints":{"allow":["GET"]}}],"collection":[{"href":"https:\/\/www.elsindical.com.ar\/notas\/wp-json\/wp\/v2\/posts"}],"about":[{"href":"https:\/\/www.elsindical.com.ar\/notas\/wp-json\/wp\/v2\/types\/post"}],"author":[{"embeddable":true,"href":"https:\/\/www.elsindical.com.ar\/notas\/wp-json\/wp\/v2\/users\/1"}],"replies":[{"embeddable":true,"href":"https:\/\/www.elsindical.com.ar\/notas\/wp-json\/wp\/v2\/comments?post=124020"}],"version-history":[{"count":1,"href":"https:\/\/www.elsindical.com.ar\/notas\/wp-json\/wp\/v2\/posts\/124020\/revisions"}],"predecessor-version":[{"id":124023,"href":"https:\/\/www.elsindical.com.ar\/notas\/wp-json\/wp\/v2\/posts\/124020\/revisions\/124023"}],"wp:featuredmedia":[{"embeddable":true,"href":"https:\/\/www.elsindical.com.ar\/notas\/wp-json\/wp\/v2\/media\/124021"}],"wp:attachment":[{"href":"https:\/\/www.elsindical.com.ar\/notas\/wp-json\/wp\/v2\/media?parent=124020"}],"wp:term":[{"taxonomy":"category","embeddable":true,"href":"https:\/\/www.elsindical.com.ar\/notas\/wp-json\/wp\/v2\/categories?post=124020"},{"taxonomy":"post_tag","embeddable":true,"href":"https:\/\/www.elsindical.com.ar\/notas\/wp-json\/wp\/v2\/tags?post=124020"}],"curies":[{"name":"wp","href":"https:\/\/api.w.org\/{rel}","templated":true}]}}