{"id":124017,"date":"2023-07-14T11:47:10","date_gmt":"2023-07-14T14:47:10","guid":{"rendered":"https:\/\/www.elsindical.com.ar\/notas\/?p=124017"},"modified":"2023-07-14T11:47:11","modified_gmt":"2023-07-14T14:47:11","slug":"elecciones-ya-se-puede-consultar-el-padron-para-las-paso","status":"publish","type":"post","link":"https:\/\/www.elsindical.com.ar\/notas\/elecciones-ya-se-puede-consultar-el-padron-para-las-paso\/","title":{"rendered":"Elecciones: ya se puede consultar el padr\u00f3n para las PASO"},"content":{"rendered":"\n<figure class=\"wp-block-image size-full\"><a href=\"https:\/\/www.elsindical.com.ar\/notas\/var\/www\/html\/notas\/wp-content\/uploads\/2023\/07\/consulta-padron-electoral.jpg\"><img loading=\"lazy\" decoding=\"async\" width=\"1024\" height=\"576\" src=\"https:\/\/www.elsindical.com.ar\/notas\/var\/www\/html\/notas\/wp-content\/uploads\/2023\/07\/consulta-padron-electoral.jpg\" alt=\"\" class=\"wp-image-124018\" srcset=\"https:\/\/www.elsindical.com.ar\/notas\/var\/www\/html\/notas\/wp-content\/uploads\/2023\/07\/consulta-padron-electoral.jpg 1024w, https:\/\/www.elsindical.com.ar\/notas\/var\/www\/html\/notas\/wp-content\/uploads\/2023\/07\/consulta-padron-electoral-300x169.jpg 300w, https:\/\/www.elsindical.com.ar\/notas\/var\/www\/html\/notas\/wp-content\/uploads\/2023\/07\/consulta-padron-electoral-768x432.jpg 768w, https:\/\/www.elsindical.com.ar\/notas\/var\/www\/html\/notas\/wp-content\/uploads\/2023\/07\/consulta-padron-electoral-500x281.jpg 500w, https:\/\/www.elsindical.com.ar\/notas\/var\/www\/html\/notas\/wp-content\/uploads\/2023\/07\/consulta-padron-electoral-460x260.jpg 460w\" sizes=\"auto, (max-width: 1024px) 100vw, 1024px\" \/><\/a><\/figure>\n\n\n\n<p>Ya se encuentra disponle el padr\u00f3n para saber d\u00f3nde vot\u00e1s en las PASO.<\/p>\n\n\n\n<p><strong>El padr\u00f3n definitivo con vistas al pr\u00f3ximo proceso electoral, que tiene como primera instancia a las primarias abiertas, simult\u00e1neas y obligatorias (<a href=\"https:\/\/www.inforegion.com.ar\/2023\/06\/15\/seis-alianzas-competiran-en-las-paso-bonaerenses\/\">PASO<\/a>) el pr\u00f3ximo 13 de agosto, ya se encuentra disponible <\/strong>para que los ciudadanos y ciudadanas puedan consultar de manera online los datos de lugar de votaci\u00f3n.<\/p>\n\n\n\n<p>\u201cLa ciudadan\u00eda en condiciones de votar puede consultar los datos de lugar y mesa de votaci\u00f3n previstos para las PASO del 13 de agosto de este a\u00f1o\u201d, afirm\u00f3 la C\u00e1mara Nacional Electoral en un comunicado.<\/p>\n\n\n\n<p><strong>Para hacerlo, hay que ingresar al sitio <a href=\"https:\/\/www.padron.gob.ar\/\" target=\"_blank\" rel=\"noreferrer noopener\">https:\/\/www.padron.gob.ar\/<\/a> y all\u00ed ingresar el n\u00famero de Documento Nacional de Identidad, distrito, g\u00e9nero y un c\u00f3digo verificador que indica la propia web.<\/strong><\/p>\n\n\n\n<p>Tras esos pasos, se pueden consultar los datos de lugar y mesa de votaci\u00f3n previstos para las primarias del domingo 13 de agosto.<\/p>\n\n\n\n<p>En tanto, la CNE record\u00f3 que <strong>los documentos v\u00e1lidos para votar son la libreta de enrolamiento\/libreta c\u00edvica, el DNI libreta verde o celeste, la tarjeta del DNI libreta celeste que contiene la leyenda \u201cNo v\u00e1lido para votar\u201d y el nuevo DNI tarjeta.<\/strong><\/p>\n\n\n\n<p>Adem\u00e1s se precis\u00f3 que el ejemplar del documento debe ser igual o posterior al que figura en el padr\u00f3n, y no se permitir\u00e1 el voto de ciudadanos cuyo documento corresponde a un ejemplar anterior al que figura en el padr\u00f3n electoral ni tampoco de aquellos que presenten el DNI en su celular.<\/p>\n","protected":false},"excerpt":{"rendered":"<p>Ya se encuentra disponle el padr\u00f3n para saber d\u00f3nde vot\u00e1s en las PASO. El padr\u00f3n definitivo con vistas al pr\u00f3ximo proceso electoral, que tiene como primera instancia a las primarias abiertas, simult\u00e1neas y obligatorias (PASO) el pr\u00f3ximo 13 de agosto, ya se encuentra disponible para que los ciudadanos y ciudadanas puedan consultar de manera online&hellip;<\/p>\n","protected":false},"author":1,"featured_media":124018,"comment_status":"open","ping_status":"open","sticky":false,"template":"","format":"standard","meta":{"footnotes":""},"categories":[25],"tags":[6178,40663,2450,34260,16752],"class_list":["post-124017","post","type-post","status-publish","format-standard","has-post-thumbnail","hentry","category-sociedad","tag-camara-nacional-electoral","tag-consulta-padron-electoral","tag-diario-el-sindical","tag-elecciones-2023","tag-paso"],"_links":{"self":[{"href":"https:\/\/www.elsindical.com.ar\/notas\/wp-json\/wp\/v2\/posts\/124017","targetHints":{"allow":["GET"]}}],"collection":[{"href":"https:\/\/www.elsindical.com.ar\/notas\/wp-json\/wp\/v2\/posts"}],"about":[{"href":"https:\/\/www.elsindical.com.ar\/notas\/wp-json\/wp\/v2\/types\/post"}],"author":[{"embeddable":true,"href":"https:\/\/www.elsindical.com.ar\/notas\/wp-json\/wp\/v2\/users\/1"}],"replies":[{"embeddable":true,"href":"https:\/\/www.elsindical.com.ar\/notas\/wp-json\/wp\/v2\/comments?post=124017"}],"version-history":[{"count":1,"href":"https:\/\/www.elsindical.com.ar\/notas\/wp-json\/wp\/v2\/posts\/124017\/revisions"}],"predecessor-version":[{"id":124019,"href":"https:\/\/www.elsindical.com.ar\/notas\/wp-json\/wp\/v2\/posts\/124017\/revisions\/124019"}],"wp:featuredmedia":[{"embeddable":true,"href":"https:\/\/www.elsindical.com.ar\/notas\/wp-json\/wp\/v2\/media\/124018"}],"wp:attachment":[{"href":"https:\/\/www.elsindical.com.ar\/notas\/wp-json\/wp\/v2\/media?parent=124017"}],"wp:term":[{"taxonomy":"category","embeddable":true,"href":"https:\/\/www.elsindical.com.ar\/notas\/wp-json\/wp\/v2\/categories?post=124017"},{"taxonomy":"post_tag","embeddable":true,"href":"https:\/\/www.elsindical.com.ar\/notas\/wp-json\/wp\/v2\/tags?post=124017"}],"curies":[{"name":"wp","href":"https:\/\/api.w.org\/{rel}","templated":true}]}}