{"id":123991,"date":"2023-07-13T03:43:27","date_gmt":"2023-07-13T06:43:27","guid":{"rendered":"https:\/\/www.elsindical.com.ar\/notas\/?p=123991"},"modified":"2023-07-13T03:59:41","modified_gmt":"2023-07-13T06:59:41","slug":"caba-desbarataron-una-banda-que-usaba-mano-de-obra-esclava-para-falsificar-ropa-de-marca","status":"publish","type":"post","link":"https:\/\/www.elsindical.com.ar\/notas\/caba-desbarataron-una-banda-que-usaba-mano-de-obra-esclava-para-falsificar-ropa-de-marca\/","title":{"rendered":"CABA: Desbarataron una banda que usaba mano de obra esclava para falsificar ropa de marca"},"content":{"rendered":"<div class=\"wp-block-image\">\n<figure class=\"aligncenter size-full\"><a href=\"https:\/\/www.elsindical.com.ar\/notas\/var\/www\/html\/notas\/wp-content\/uploads\/2023\/07\/marcas-truchas-1.png\"><img loading=\"lazy\" decoding=\"async\" width=\"730\" height=\"487\" src=\"https:\/\/www.elsindical.com.ar\/notas\/var\/www\/html\/notas\/wp-content\/uploads\/2023\/07\/marcas-truchas-1.png\" alt=\"\" class=\"wp-image-123992\" srcset=\"https:\/\/www.elsindical.com.ar\/notas\/var\/www\/html\/notas\/wp-content\/uploads\/2023\/07\/marcas-truchas-1.png 730w, https:\/\/www.elsindical.com.ar\/notas\/var\/www\/html\/notas\/wp-content\/uploads\/2023\/07\/marcas-truchas-1-300x200.png 300w, https:\/\/www.elsindical.com.ar\/notas\/var\/www\/html\/notas\/wp-content\/uploads\/2023\/07\/marcas-truchas-1-450x300.png 450w\" sizes=\"auto, (max-width: 730px) 100vw, 730px\" \/><\/a><\/figure>\n<\/div>\n\n\n<p class=\"wp-block-paragraph\">Como resultado de una investigaci\u00f3n que llev\u00f3 alrededor de un a\u00f1o, la Divisi\u00f3n Delitos Tecnol\u00f3gicos Inform\u00e1ticos Complejos de la Polic\u00eda de la Ciudad, desbarat\u00f3 <strong>una organizaci\u00f3n que confeccionaba prendas de vestir en un taller clandestino<\/strong>, las identificaban con <strong>falsos logos de reconocidas marcas <\/strong>y las comercializaban en locales ubicados en el barrio porte\u00f1o de Flores.<\/p>\n\n\n\n<p class=\"wp-block-paragraph\">\u201cLos productos eran tan bien hechos que <strong>los peritos contratados por las empresas involucradas reconocieron el trabajo<\/strong>, adem\u00e1s indicaron que fue la primera vez que encontraron una banda que copiaba los logos y dise\u00f1os\u201d, indicaron fuentes policiales.<\/p>\n\n\n\n<p class=\"wp-block-paragraph\">Durante los allanamientos a los domicilios que integraban el circuito del fraude, <strong>se incautaron m\u00e1s de 1.300 prendas falsificadas, las m\u00e1quinas del taller donde las produc\u00edan y se detuvo a cuatro personas<\/strong>.<\/p>\n\n\n\n<p class=\"wp-block-paragraph\">La investigaci\u00f3n <strong>se inici\u00f3 por la denuncia a una p\u00e1gina web donde se ofrec\u00edan diferentes art\u00edculos de importantes marcas<\/strong>, aunque a un precio muy bajo con respecto a su valor de mercado.<\/p>\n\n\n\n<p class=\"wp-block-paragraph\">A partir de all\u00ed, personal de Delitos Tecnol\u00f3gicos se concentr\u00f3 en un matrimonio que resid\u00eda en la localidad de <strong>Gonz\u00e1lez Cat\u00e1n, partido de La Matanza, <\/strong>al considerarlos responsables de la comercializaci\u00f3n de la producci\u00f3n ilegal en dos locales de Flores.<\/p>\n\n\n\n<p class=\"wp-block-paragraph\">Tambi\u00e9n en una pareja de nacionalidad peruana, que vend\u00eda la <strong>indumentaria con las insignias falsificadas de Adidas, Nike, Lacoste y Tommy Hilfiger.<\/strong><\/p>\n\n\n\n<p class=\"wp-block-paragraph\">Con diferentes actuaciones y seguimientos, los investigadores llegaron a un domicilio en <strong>avenida C\u00f3rdoba y Uruguay, en el barrio porte\u00f1o de Retiro<\/strong>, donde detectaron que varias personas ingresaban con diferentes materiales utilizados en la industria textil y sal\u00edan con grandes bultos, que se presumi\u00f3 conten\u00edan las prendas terminadas.<\/p>\n\n\n\n<p class=\"wp-block-paragraph\">En consecuencia y con el aval del titular del Juzgado Nacional en lo Criminal y Correccional Federal 11, Juli\u00e1n Ercolini, se puso en marcha un <strong>sistema de vigilancia especial para monitorear los movimientos de la propiedad<\/strong>.<\/p>\n\n\n\n<figure class=\"wp-block-image size-full\"><a href=\"https:\/\/www.elsindical.com.ar\/notas\/var\/www\/html\/notas\/wp-content\/uploads\/2023\/07\/marcas-truchas.png\"><img loading=\"lazy\" decoding=\"async\" width=\"1024\" height=\"585\" src=\"https:\/\/www.elsindical.com.ar\/notas\/var\/www\/html\/notas\/wp-content\/uploads\/2023\/07\/marcas-truchas.png\" alt=\"\" class=\"wp-image-123993\" srcset=\"https:\/\/www.elsindical.com.ar\/notas\/var\/www\/html\/notas\/wp-content\/uploads\/2023\/07\/marcas-truchas.png 1024w, https:\/\/www.elsindical.com.ar\/notas\/var\/www\/html\/notas\/wp-content\/uploads\/2023\/07\/marcas-truchas-300x171.png 300w, https:\/\/www.elsindical.com.ar\/notas\/var\/www\/html\/notas\/wp-content\/uploads\/2023\/07\/marcas-truchas-768x439.png 768w, https:\/\/www.elsindical.com.ar\/notas\/var\/www\/html\/notas\/wp-content\/uploads\/2023\/07\/marcas-truchas-500x286.png 500w, https:\/\/www.elsindical.com.ar\/notas\/var\/www\/html\/notas\/wp-content\/uploads\/2023\/07\/marcas-truchas-220x126.png 220w\" sizes=\"auto, (max-width: 1024px) 100vw, 1024px\" \/><\/a><\/figure>\n\n\n\n<h2 class=\"wp-block-heading\">Esclavitud laboral y riesgo de vida<\/h2>\n\n\n\n<p class=\"wp-block-paragraph\">\u201cLas <strong>m\u00e1s de sesenta horas de filmaci\u00f3n con las c\u00e1maras <\/strong>colocadas por el personal de la Divisi\u00f3n Delitos Tecnol\u00f3gicos Inform\u00e1ticos Complejos otorgaron la evidencia necesaria para comprobar la actividad il\u00edcita\u201d, afirm\u00f3 el ministro de Seguridad y Justicia de la Ciudad de Buenos Aires, Eugenio Burzaco.<\/p>\n\n\n\n<p class=\"wp-block-paragraph\">\u201cEn las im\u00e1genes se ve como ingresaban bultos de telas y sacaban prendas terminadas, tambi\u00e9n se comprob\u00f3 que <strong>la gente viv\u00eda en el mismo lugar y en condiciones infrahumanas. Los ni\u00f1os, hijos de los costureros, a la noche jugaban en la vereda<\/strong>\u201d, agreg\u00f3 el ministro.<\/p>\n\n\n\n<p class=\"wp-block-paragraph\">Fuentes de la investigaci\u00f3n indicaron que en el s\u00f3tano y en p\u00e9simas condiciones, <strong>viv\u00edan unas 30 personas mayores de edad encargadas de fabricar la ropa y 15 menores.<\/strong><\/p>\n\n\n\n<p class=\"wp-block-paragraph\">\u201cA partir de la inspecci\u00f3n que realizaron personal de Defensa Civil y la Agencia Gubernamental de Control (AGC), se corrobor\u00f3 que <strong>el edificio no contaba con las medidas de seguridad necesarias y que los habitantes corr\u00edan serios <\/strong>riesgos\u201d, detallaron fuentes gubernamentales. \u201cAhora las personas se encuentran a resguardo de organismos y programas del gobierno porte\u00f1o\u201d, agregaron.<\/p>\n\n\n\n<p class=\"wp-block-paragraph\">Con toda la informaci\u00f3n y el material probatorio recabado, <strong>Ercolini autoriz\u00f3 el allanamiento en la propiedad ubicada a pocas cuadras del Palacio de Tribunales<\/strong>, donde funcionaba el taller de confecci\u00f3n de las prendas que luego se comercializaban en los locales de Flores.<\/p>\n\n\n\n<p class=\"wp-block-paragraph\">Los investigadores establecieron que en los comercios <strong>no solo se vend\u00edan las prendas, tambi\u00e9n se realizaban los estampados falsos <\/strong>de las reconocidas marcas.<\/p>\n\n\n\n<p class=\"wp-block-paragraph\">En simult\u00e1neo se realizaron <strong>otros seis procedimientos<\/strong>: en un domicilio en Gonz\u00e1lez Cat\u00e1n y en locales situados en la Ciudad de Buenos Aires, ubicados en la calle Bacacay al 3400, en la avenida Nazca y en calle Campana al 600.<\/p>\n\n\n\n<p class=\"wp-block-paragraph\">Durante los operativos se incautaron 710 pantalones Nike, 12 pares de ojotas, 340 remeras Adidas, 103 buzos, 37 pares de zapatillas Nike, 6 ri\u00f1oneras, 6 mochilas Adidas, 77 camperas, 1 bolso y 8 gorras Adidas. Adem\u00e1s, <strong>400 mil pesos, una m\u00e1quina etiquetadora, agendas, remitos y otros documentos de facturaci\u00f3n.<\/strong><\/p>\n\n\n\n<p class=\"wp-block-paragraph\">\u201cTodo <strong>el material secuestrado tiene un valor de 48 millones de pesos en una tienda oficial<\/strong>, mientras que en el mercado negro y con las marcas falsificadas, la valoraci\u00f3n es de 12 millones\u201d, indicaron fuentes judiciales.<\/p>\n\n\n\n<p class=\"wp-block-paragraph\">Durante los allanamientos <strong>fueron detenidos un hombre de 36 a\u00f1os y tres mujeres, dos de ellas peruanas de 36 y 57 a\u00f1os, y una argentina de 35. <\/strong>Los cuatro quedaron a disposici\u00f3n de la Justicia. Adem\u00e1s, un quinto integrante de la organizaci\u00f3n que no se encontraba en el pa\u00eds, un hombre de nacionalidad peruana, qued\u00f3 imputado en la causa por infringir la ley de marcas, Ley 22.362, en su arribo a la Ciudad de Buenos Aires<\/p>\n\n\n\n<figure class=\"wp-block-embed is-type-video is-provider-youtube wp-block-embed-youtube wp-embed-aspect-16-9 wp-has-aspect-ratio\"><div class=\"wp-block-embed__wrapper\">\n<iframe loading=\"lazy\" title=\"CABA allanamientos por trabajo esclavo y falsificaci\u00f3n de marcas\" width=\"700\" height=\"394\" src=\"https:\/\/www.youtube.com\/embed\/Yd8tnvSjCcg?feature=oembed\" frameborder=\"0\" allow=\"accelerometer; autoplay; clipboard-write; encrypted-media; gyroscope; picture-in-picture; web-share\" allowfullscreen><\/iframe>\n<\/div><\/figure>\n","protected":false},"excerpt":{"rendered":"<p>Como resultado de una investigaci\u00f3n que llev\u00f3 alrededor de un a\u00f1o, la Divisi\u00f3n Delitos Tecnol\u00f3gicos Inform\u00e1ticos Complejos de la Polic\u00eda de la Ciudad, desbarat\u00f3 una organizaci\u00f3n que confeccionaba prendas de vestir en un taller clandestino, las identificaban con falsos logos de reconocidas marcas y las comercializaban en locales ubicados en el barrio porte\u00f1o de Flores.&hellip;<\/p>\n","protected":false},"author":1,"featured_media":123992,"comment_status":"open","ping_status":"open","sticky":false,"template":"","format":"standard","meta":{"footnotes":""},"categories":[22],"tags":[4284,2450,1401,24537,6220,187],"class_list":["post-123991","post","type-post","status-publish","format-standard","has-post-thumbnail","hentry","category-policiales","tag-caba","tag-diario-el-sindical","tag-la-matanza","tag-policia-de-la-ciudad","tag-taller-clandestino","tag-trabajo-esclavo"],"_links":{"self":[{"href":"https:\/\/www.elsindical.com.ar\/notas\/wp-json\/wp\/v2\/posts\/123991","targetHints":{"allow":["GET"]}}],"collection":[{"href":"https:\/\/www.elsindical.com.ar\/notas\/wp-json\/wp\/v2\/posts"}],"about":[{"href":"https:\/\/www.elsindical.com.ar\/notas\/wp-json\/wp\/v2\/types\/post"}],"author":[{"embeddable":true,"href":"https:\/\/www.elsindical.com.ar\/notas\/wp-json\/wp\/v2\/users\/1"}],"replies":[{"embeddable":true,"href":"https:\/\/www.elsindical.com.ar\/notas\/wp-json\/wp\/v2\/comments?post=123991"}],"version-history":[{"count":2,"href":"https:\/\/www.elsindical.com.ar\/notas\/wp-json\/wp\/v2\/posts\/123991\/revisions"}],"predecessor-version":[{"id":123995,"href":"https:\/\/www.elsindical.com.ar\/notas\/wp-json\/wp\/v2\/posts\/123991\/revisions\/123995"}],"wp:featuredmedia":[{"embeddable":true,"href":"https:\/\/www.elsindical.com.ar\/notas\/wp-json\/wp\/v2\/media\/123992"}],"wp:attachment":[{"href":"https:\/\/www.elsindical.com.ar\/notas\/wp-json\/wp\/v2\/media?parent=123991"}],"wp:term":[{"taxonomy":"category","embeddable":true,"href":"https:\/\/www.elsindical.com.ar\/notas\/wp-json\/wp\/v2\/categories?post=123991"},{"taxonomy":"post_tag","embeddable":true,"href":"https:\/\/www.elsindical.com.ar\/notas\/wp-json\/wp\/v2\/tags?post=123991"}],"curies":[{"name":"wp","href":"https:\/\/api.w.org\/{rel}","templated":true}]}}