{"id":123962,"date":"2023-07-13T00:21:39","date_gmt":"2023-07-13T03:21:39","guid":{"rendered":"https:\/\/www.elsindical.com.ar\/notas\/?p=123962"},"modified":"2023-07-13T00:21:40","modified_gmt":"2023-07-13T03:21:40","slug":"lanus-por-unanimidad-se-declaro-la-emergencia-en-seguridad","status":"publish","type":"post","link":"https:\/\/www.elsindical.com.ar\/notas\/lanus-por-unanimidad-se-declaro-la-emergencia-en-seguridad\/","title":{"rendered":"Lan\u00fas: Por unanimidad, se declar\u00f3 la emergencia en seguridad"},"content":{"rendered":"\n<figure class=\"wp-block-image size-full\"><a href=\"https:\/\/www.elsindical.com.ar\/notas\/var\/www\/html\/notas\/wp-content\/uploads\/2023\/07\/HCD-Lanus-sesion.jpeg\"><img loading=\"lazy\" decoding=\"async\" width=\"1024\" height=\"597\" src=\"https:\/\/www.elsindical.com.ar\/notas\/var\/www\/html\/notas\/wp-content\/uploads\/2023\/07\/HCD-Lanus-sesion.jpeg\" alt=\"\" class=\"wp-image-123963\" srcset=\"https:\/\/www.elsindical.com.ar\/notas\/var\/www\/html\/notas\/wp-content\/uploads\/2023\/07\/HCD-Lanus-sesion.jpeg 1024w, https:\/\/www.elsindical.com.ar\/notas\/var\/www\/html\/notas\/wp-content\/uploads\/2023\/07\/HCD-Lanus-sesion-300x175.jpeg 300w, https:\/\/www.elsindical.com.ar\/notas\/var\/www\/html\/notas\/wp-content\/uploads\/2023\/07\/HCD-Lanus-sesion-768x448.jpeg 768w, https:\/\/www.elsindical.com.ar\/notas\/var\/www\/html\/notas\/wp-content\/uploads\/2023\/07\/HCD-Lanus-sesion-500x292.jpeg 500w\" sizes=\"auto, (max-width: 1024px) 100vw, 1024px\" \/><\/a><\/figure>\n\n\n\n<p>Tras un mes sin actividad, el Concejo Deliberante llev\u00f3 a cabo una sesi\u00f3n especial y <strong>se aprob\u00f3 con apoyo de los bloques del Frente de Todos la declaraci\u00f3n de emergencia en seguridad,<\/strong> aunque con cr\u00edticas por la gesti\u00f3n que lleva adelante el jefe de Gabinete y precandidato a intendente, <strong>Diego Kravetz.<\/strong><\/p>\n\n\n\n<p>Sin tanto debate de por medio, el decreto fue acompa\u00f1ado por todo el Cuerpo.<strong> La emergencia se extender\u00e1 por 12 meses.&nbsp;<\/strong>La emergencia se puede extender por dos a\u00f1os y se autoriza al Ejecutivo local a \u00abimplementar las acciones que resulten necesarias y conducentes que conlleven a un mejor cumplimiento de la ordenanza\u00bb.<\/p>\n\n\n\n<p>Desde la oposici\u00f3n, el concejal Hugo De Gregorio aclar\u00f3: \u201cAcompa\u00f1amos porque coincidimos que hay una emergencia en materia de seguridad en el distrito, vivimos una situaci\u00f3n cr\u00edtica en Lan\u00fas\u201d; pero dispar\u00f3<strong>: \u201cEs parad\u00f3jico que el responsable del \u00e1rea (Diego Kravetz) ustedes lo premien como candidato de su fuerza pol\u00edtica, es un dato preocupante y parad\u00f3jico\u201d.<\/strong><\/p>\n\n\n\n<p><strong>\u201cVamos a atravesar una situaci\u00f3n de emergencia, mientras que el responsable de la seguridad pasea y junta votos. La irresponsabilidad es muy grande\u201d,<\/strong> cuestion\u00f3 el edil del Frente de Todos.<\/p>\n\n\n\n<p>Al respecto, la concejala de Juntos por el Cambio Claudia Serapio sali\u00f3 al cruce de las cr\u00edticas y replic\u00f3: <strong>\u201cNo tiene nada que ver el comentario. La inseguridad no es algo que tiene que ver solo con Lan\u00fas, sino que afecta a toda la provincia cosa que la gesti\u00f3n provincial ha hecho bastante poco\u201d.<\/strong><\/p>\n\n\n\n<p>En esa l\u00ednea, cuestion\u00f3 que el Gobierno bonaerense \u201cse acord\u00f3 tarde de que Lan\u00fas existe y solo mandaron 23 m\u00f3viles\u201d y critic\u00f3 que \u201cse hicieron modificaciones que no benefici\u00f3 al Municipio y <strong>estar\u00eda bueno que los bloques del Frente de Todos tomen nota y pidan que devuelvan los patrulleros que le sacaron al distrito\u201d.<\/strong><\/p>\n\n\n\n<p>\u201cEs vergonzoso escuchar a concejales de la oposici\u00f3n. <strong>No nos corrimos nunca de la responsabilidad que nos toca. Dejen de hacer politiquer\u00eda barata\u201d<\/strong>, sentenci\u00f3 la edil.<\/p>\n\n\n\n<p>Por otra parte, tambi\u00e9n se aprob\u00f3 una resoluci\u00f3n del Frente de Todos que solicita la creaci\u00f3n e implementaci\u00f3n de retenes policiales en lugares estrat\u00e9gicos, efectivos de polic\u00eda local en las arterias Alfredo Lorenzo Palacios, intersecci\u00f3n calle Mendoza y Catamarca.<\/p>\n\n\n\n<p>Desde hace m\u00e1s de un a\u00f1o, desde <strong>El Sindical<\/strong> advertimos sobre las mentiras de N\u00e9stor Grindetti y Diego Kravetz sobre la seguridad en Lan\u00fas, al punto de que es uno de los municipios m\u00e1s inseguros y con r\u00e9cord en delitos vinculados a la explotaci\u00f3n sexual de menores.<\/p>\n","protected":false},"excerpt":{"rendered":"<p>Tras un mes sin actividad, el Concejo Deliberante llev\u00f3 a cabo una sesi\u00f3n especial y se aprob\u00f3 con apoyo de los bloques del Frente de Todos la declaraci\u00f3n de emergencia en seguridad, aunque con cr\u00edticas por la gesti\u00f3n que lleva adelante el jefe de Gabinete y precandidato a intendente, Diego Kravetz. Sin tanto debate de&hellip;<\/p>\n","protected":false},"author":1,"featured_media":123963,"comment_status":"open","ping_status":"open","sticky":false,"template":"","format":"standard","meta":{"footnotes":""},"categories":[13],"tags":[31318,2450,23470,34260,36789,984,209,5025],"class_list":["post-123962","post","type-post","status-publish","format-standard","has-post-thumbnail","hentry","category-politica","tag-campana-2","tag-diario-el-sindical","tag-diego-kravetz","tag-elecciones-2023","tag-hcd-lanus","tag-inseguridad","tag-lanus","tag-nestor-grindetti"],"_links":{"self":[{"href":"https:\/\/www.elsindical.com.ar\/notas\/wp-json\/wp\/v2\/posts\/123962","targetHints":{"allow":["GET"]}}],"collection":[{"href":"https:\/\/www.elsindical.com.ar\/notas\/wp-json\/wp\/v2\/posts"}],"about":[{"href":"https:\/\/www.elsindical.com.ar\/notas\/wp-json\/wp\/v2\/types\/post"}],"author":[{"embeddable":true,"href":"https:\/\/www.elsindical.com.ar\/notas\/wp-json\/wp\/v2\/users\/1"}],"replies":[{"embeddable":true,"href":"https:\/\/www.elsindical.com.ar\/notas\/wp-json\/wp\/v2\/comments?post=123962"}],"version-history":[{"count":1,"href":"https:\/\/www.elsindical.com.ar\/notas\/wp-json\/wp\/v2\/posts\/123962\/revisions"}],"predecessor-version":[{"id":123964,"href":"https:\/\/www.elsindical.com.ar\/notas\/wp-json\/wp\/v2\/posts\/123962\/revisions\/123964"}],"wp:featuredmedia":[{"embeddable":true,"href":"https:\/\/www.elsindical.com.ar\/notas\/wp-json\/wp\/v2\/media\/123963"}],"wp:attachment":[{"href":"https:\/\/www.elsindical.com.ar\/notas\/wp-json\/wp\/v2\/media?parent=123962"}],"wp:term":[{"taxonomy":"category","embeddable":true,"href":"https:\/\/www.elsindical.com.ar\/notas\/wp-json\/wp\/v2\/categories?post=123962"},{"taxonomy":"post_tag","embeddable":true,"href":"https:\/\/www.elsindical.com.ar\/notas\/wp-json\/wp\/v2\/tags?post=123962"}],"curies":[{"name":"wp","href":"https:\/\/api.w.org\/{rel}","templated":true}]}}