{"id":123934,"date":"2023-07-11T03:55:45","date_gmt":"2023-07-11T06:55:45","guid":{"rendered":"https:\/\/www.elsindical.com.ar\/notas\/?p=123934"},"modified":"2023-07-11T04:20:27","modified_gmt":"2023-07-11T07:20:27","slug":"el-satsaid-se-movilizo-a-la-entrega-de-premios-de-los-martin-fierro","status":"publish","type":"post","link":"https:\/\/www.elsindical.com.ar\/notas\/el-satsaid-se-movilizo-a-la-entrega-de-premios-de-los-martin-fierro\/","title":{"rendered":"El SATSAID se moviliz\u00f3 a la entrega de los premios de los Mart\u00edn Fierro 2023\u00a0"},"content":{"rendered":"\n<figure class=\"wp-block-image size-full\"><a href=\"https:\/\/www.elsindical.com.ar\/notas\/var\/www\/html\/notas\/wp-content\/uploads\/2023\/07\/protesta-SATSAID-premios-Martin-Fierro-2023.jpg\"><img loading=\"lazy\" decoding=\"async\" width=\"884\" height=\"493\" src=\"https:\/\/www.elsindical.com.ar\/notas\/var\/www\/html\/notas\/wp-content\/uploads\/2023\/07\/protesta-SATSAID-premios-Martin-Fierro-2023.jpg\" alt=\"\" class=\"wp-image-123935\" srcset=\"https:\/\/www.elsindical.com.ar\/notas\/var\/www\/html\/notas\/wp-content\/uploads\/2023\/07\/protesta-SATSAID-premios-Martin-Fierro-2023.jpg 884w, https:\/\/www.elsindical.com.ar\/notas\/var\/www\/html\/notas\/wp-content\/uploads\/2023\/07\/protesta-SATSAID-premios-Martin-Fierro-2023-300x167.jpg 300w, https:\/\/www.elsindical.com.ar\/notas\/var\/www\/html\/notas\/wp-content\/uploads\/2023\/07\/protesta-SATSAID-premios-Martin-Fierro-2023-768x428.jpg 768w, https:\/\/www.elsindical.com.ar\/notas\/var\/www\/html\/notas\/wp-content\/uploads\/2023\/07\/protesta-SATSAID-premios-Martin-Fierro-2023-500x279.jpg 500w\" sizes=\"auto, (max-width: 884px) 100vw, 884px\" \/><\/a><\/figure>\n\n\n\n<p>El SATSAID se moviliz\u00f3 a la entrega de los Premios Mart\u00edn Fierro, en el Hotel Hilton de la Ciudad de Buenos Aires, en reclamo de una respuesta urgente de las c\u00e1maras empresarias ATA y CAPIT a nuestra solicitud salarial.&nbsp;&nbsp;<\/p>\n\n\n\n<p>Los trabajadores y trabajadoras de los canales abiertos, productoras y se\u00f1ales de todo el pa\u00eds ya estamos acostumbrados a que los empresarios nos fuercen a realizar medidas ante la falta de sensibilidad y seriedad en su respuesta frente a cada negociaci\u00f3n paritaria.&nbsp;<\/p>\n\n\n\n<p>Fue en la calle la \u00fanica forma que logramos que nos escuchen, fue parando en nuestros lugares de trabajo, fue llev\u00e1ndoles el conflicto a d\u00f3nde m\u00e1s les molesta, a sus pantallas.&nbsp;<\/p>\n\n\n\n<p>Hoy nos vemos forzados a estar nuevamente en pie de lucha. Este sindicato no va a permitir que los trabajadores y las trabajadoras de los Convenios Colectivos de Trabajo 131\/75 y 634\/11 pierdan frente a la inflaci\u00f3n.&nbsp;<\/p>\n\n\n\n<p>Estuvieron presentes en la movilizaci\u00f3n el secretario General del SATSAID, Horacio Arreceygor; el secretario de Relaciones Internacionales, Gerardo Gonz\u00e1lez; la secretaria de Capacitaci\u00f3n, Susana Ben\u00edtez; el secretario de Finanzas, Daniel Frassoni; el secretario de Prensa, Julio Barrios; &nbsp;el prosecretario Gremial, Pablo Storino; la secretaria de Cultura, Mariana Vincent; el secretario de Previsi\u00f3n Social, Marcelo Abed; la secretaria de la Mujer, Marianela Mel; el secretario de Acci\u00f3n Social, Aldo Bravo; el secretario de Actas, Carlos Brites; el prosecretario de Organizaci\u00f3n, Federico Garc\u00eda; el prosecretario de Finanzas, Dario Aguilar; los vocales Claudio Maidana y Alejandro Moreira; y el integrante de la Comisi\u00f3n Directiva de la seccional Tucum\u00e1n, Ra\u00fal Ochoa.&nbsp;<\/p>\n\n\n\n<p>El viernes pasado, el Ministerio de Trabajo de la Naci\u00f3n volvi\u00f3 a prorrogar la conciliaci\u00f3n obligatoria, que nuestro gremio acat\u00f3, como siempre lo ha hecho, y hoy, nuestros paritarios y paritarias concurrir\u00e1n, a las 15hs, a la nueva audiencia con las c\u00e1maras empresarias y las autoridades del ministerio.&nbsp;<\/p>\n\n\n\n<p><\/p>\n\n\n\n<figure class=\"wp-block-embed is-type-video is-provider-youtube wp-block-embed-youtube wp-embed-aspect-16-9 wp-has-aspect-ratio\"><div class=\"wp-block-embed__wrapper\">\n<iframe loading=\"lazy\" title=\"Protesta contra el Grupo Clar\u00edn premios Mart\u00edn Fierro 2023\" width=\"700\" height=\"394\" src=\"https:\/\/www.youtube.com\/embed\/A6YOmJ-UCf8?feature=oembed\" frameborder=\"0\" allow=\"accelerometer; autoplay; clipboard-write; encrypted-media; gyroscope; picture-in-picture; web-share\" allowfullscreen><\/iframe>\n<\/div><\/figure>\n","protected":false},"excerpt":{"rendered":"<p>El SATSAID se moviliz\u00f3 a la entrega de los Premios Mart\u00edn Fierro, en el Hotel Hilton de la Ciudad de Buenos Aires, en reclamo de una respuesta urgente de las c\u00e1maras empresarias ATA y CAPIT a nuestra solicitud salarial.&nbsp;&nbsp; Los trabajadores y trabajadoras de los canales abiertos, productoras y se\u00f1ales de todo el pa\u00eds ya&hellip;<\/p>\n","protected":false},"author":1,"featured_media":123935,"comment_status":"open","ping_status":"open","sticky":false,"template":"","format":"standard","meta":{"footnotes":""},"categories":[16],"tags":[19626,1805,19625,2450,1349,21454,40639,292,803,7741],"class_list":["post-123934","post","type-post","status-publish","format-standard","has-post-thumbnail","hentry","category-gremiales","tag-ata","tag-canal-13","tag-capit","tag-diario-el-sindical","tag-grupo-clarin","tag-horacio-arreceygor","tag-premios-martin-fierro-2023","tag-protesta","tag-salarios","tag-satsaid"],"_links":{"self":[{"href":"https:\/\/www.elsindical.com.ar\/notas\/wp-json\/wp\/v2\/posts\/123934","targetHints":{"allow":["GET"]}}],"collection":[{"href":"https:\/\/www.elsindical.com.ar\/notas\/wp-json\/wp\/v2\/posts"}],"about":[{"href":"https:\/\/www.elsindical.com.ar\/notas\/wp-json\/wp\/v2\/types\/post"}],"author":[{"embeddable":true,"href":"https:\/\/www.elsindical.com.ar\/notas\/wp-json\/wp\/v2\/users\/1"}],"replies":[{"embeddable":true,"href":"https:\/\/www.elsindical.com.ar\/notas\/wp-json\/wp\/v2\/comments?post=123934"}],"version-history":[{"count":3,"href":"https:\/\/www.elsindical.com.ar\/notas\/wp-json\/wp\/v2\/posts\/123934\/revisions"}],"predecessor-version":[{"id":123938,"href":"https:\/\/www.elsindical.com.ar\/notas\/wp-json\/wp\/v2\/posts\/123934\/revisions\/123938"}],"wp:featuredmedia":[{"embeddable":true,"href":"https:\/\/www.elsindical.com.ar\/notas\/wp-json\/wp\/v2\/media\/123935"}],"wp:attachment":[{"href":"https:\/\/www.elsindical.com.ar\/notas\/wp-json\/wp\/v2\/media?parent=123934"}],"wp:term":[{"taxonomy":"category","embeddable":true,"href":"https:\/\/www.elsindical.com.ar\/notas\/wp-json\/wp\/v2\/categories?post=123934"},{"taxonomy":"post_tag","embeddable":true,"href":"https:\/\/www.elsindical.com.ar\/notas\/wp-json\/wp\/v2\/tags?post=123934"}],"curies":[{"name":"wp","href":"https:\/\/api.w.org\/{rel}","templated":true}]}}