{"id":12390,"date":"2011-02-11T12:02:11","date_gmt":"2011-02-11T15:02:11","guid":{"rendered":"http:\/\/www.elsindical.com.ar\/notas\/?p=12390"},"modified":"2011-02-11T12:02:11","modified_gmt":"2011-02-11T15:02:11","slug":"se-multiplican-los-piquetes-en-todo-el-pais-para-que-liberen-al-gremialista","status":"publish","type":"post","link":"https:\/\/www.elsindical.com.ar\/notas\/se-multiplican-los-piquetes-en-todo-el-pais-para-que-liberen-al-gremialista\/","title":{"rendered":"Se multiplican los piquetes en todo el pa\u00eds para que liberen al gremialista"},"content":{"rendered":"<p style=\"text-align: justify;\"><em><a href=\"http:\/\/www.elsindical.com.ar\/notas\/var\/www\/html\/notas\/wp-content\/uploads\/2011\/02\/Venegas-detenido.jpg\"><img loading=\"lazy\" decoding=\"async\" class=\"alignleft size-medium wp-image-12391\" title=\"Venegas-detenido\" src=\"http:\/\/www.elsindical.com.ar\/notas\/var\/www\/html\/notas\/wp-content\/uploads\/2011\/02\/Venegas-detenido-300x179.jpg\" alt=\"\" width=\"300\" height=\"179\" srcset=\"https:\/\/www.elsindical.com.ar\/notas\/var\/www\/html\/notas\/wp-content\/uploads\/2011\/02\/Venegas-detenido-300x179.jpg 300w, https:\/\/www.elsindical.com.ar\/notas\/var\/www\/html\/notas\/wp-content\/uploads\/2011\/02\/Venegas-detenido.jpg 413w\" sizes=\"auto, (max-width: 300px) 100vw, 300px\" \/><\/a>Los sindicalistas de Uatre extienden los bloqueos en diferentes zonas de la regi\u00f3n metropolitana para reclamar la liberaci\u00f3n del titular del gremio, detenido por la mafia de los medicamentos. Hay bloqueos en <strong>Riccheri, Puente Pueyrred\u00f3n, Acceso Oeste, Autopista Buenos Aires-Rosario, y rutas bonaerenses, de C\u00f3rdoba y de Santa Fe.<\/strong><\/em><\/p>\n<p style=\"text-align: justify;\">Se multiplican los piquetes que los sindicalistas de la Uni\u00f3n Argentina de Trabajadores Rurales y Estibadores (Uatre) para exigir la liberaci\u00f3n del titular del gremio, Ger\u00f3nimo Venegas, detenido ayer en el marco de la causa por la mafia de los medicamentos.<\/p>\n<p style=\"text-align: justify;\">Un sector de los manifestantes cort\u00f3 esta ma\u00f1ana el tr\u00e1nsito sobre la <strong>Autopista Riccheri<\/strong>, a la altura del <strong>kil\u00f3metro 17,5<\/strong>, mano a la Capital Federal.<\/p>\n<p style=\"text-align: justify;\">Cerca de las 09:00 hs.,\u00a0cortaron el acceso al <strong>Puente Pueyrred\u00f3n<\/strong>, sobre la Avenida Mitre, impidiendo la circulaci\u00f3n del tr\u00e1nsito que ingresa a la Capital Federal desde el sur del conurbano bonaerense.<\/p>\n<p style=\"text-align: justify;\"><strong>Las protestas comenzaron m\u00e1s temprano, cuando los gremialistas de la filial San Pedro cortaron la Ruta 9, <\/strong>a la altura del kil\u00f3metro 145, en ambas manos de esa v\u00eda, pero el bloqueo se levant\u00f3 cerca de las 11:30 para marchar a la Capital Federal.<\/p>\n<p style=\"text-align: justify;\">\u00ab<strong>Cortamos 15 minutos y liberamos 5<\/strong>\u00ab, explic\u00f3 Horacio Neira, secretario general de Uatre en esa zona.<\/p>\n<p style=\"text-align: justify;\">Adem\u00e1s, otras medidas de fuerza se realizan en rutas de C\u00f3rdoba,\u00a0Santa Fe y Buenos Aires. \u00ab<strong>Hay manifestaciones en al menos 8 rutas de la provincia\u00bb, detall\u00f3 el delegado sindical en C\u00f3rdoba Horacio Lorardi, en declaraciones televisivas. <\/strong><\/p>\n<p style=\"text-align: justify;\">En C\u00f3rdoba los\u00a0piquetes se realizan en Oliva (Ruta 9), Villa Nueva (cruce de la 158 y la 2), La Laguna (cruce de la 4 y la 6), Cruz Alta\u00a0 , R\u00edo Cuarto (A005), Laboulaye (7) y Justiniano Posse (cruce de la 3 y 6).<\/p>\n<p style=\"text-align: justify;\">En La Pampa, se realiza una medida similar sobre la Ruta Nacional 5, frente al frigor\u00edfico Carnes Pampeanas.<\/p>\n<p style=\"text-align: justify;\">Los bloqueos\u00a0se producen luego de la convocatoria que ayer realizaron las autoridades de\u00a0Uatre para que todos los afiliados del\u00a0pa\u00eds\u00a0realicen movilizaciones en repudio a la captura de Venegas.<\/p>\n<p style=\"text-align: justify;\">El juez\u00a0federal Noberto Oyarbide\u00a0orden\u00f3 la captura de Venegas en el marco de la\u00a0investigaci\u00f3n que lleva adelante para determinar las irregularidades en la comercializaci\u00f3n de remedios a trav\u00e9s de las obras sociales sindicales.<\/p>\n<p style=\"text-align: justify;\">Se prev\u00e9 tambi\u00e9n que el s\u00e1bado, a las 09:00 hs., habr\u00e1 una movilizaci\u00f3n a los\u00a0Tribunales de Comodoro Py,\u00a0donde declarar\u00e1 Venegas.<\/p>\n","protected":false},"excerpt":{"rendered":"<p>Los sindicalistas de Uatre extienden los bloqueos en diferentes zonas de la regi\u00f3n metropolitana para reclamar la liberaci\u00f3n del titular del gremio, detenido por la mafia de los medicamentos. Hay bloqueos en Riccheri, Puente Pueyrred\u00f3n, Acceso Oeste, Autopista Buenos Aires-Rosario, y rutas bonaerenses, de C\u00f3rdoba y de Santa Fe. Se multiplican los piquetes que los&hellip;<\/p>\n","protected":false},"author":1,"featured_media":0,"comment_status":"open","ping_status":"open","sticky":false,"template":"","format":"standard","meta":{"footnotes":""},"categories":[16],"tags":[5931,294,426,5056,5825,1223,5929,5930,1230,5642],"class_list":["post-12390","post","type-post","status-publish","format-standard","hentry","category-gremiales","tag-bloqueos","tag-cortes","tag-geronimo-venegas","tag-juez-federal-norbero-oyarbide","tag-liberacion","tag-peones","tag-rurales","tag-rutas","tag-sindicalistas","tag-uatre"],"_links":{"self":[{"href":"https:\/\/www.elsindical.com.ar\/notas\/wp-json\/wp\/v2\/posts\/12390","targetHints":{"allow":["GET"]}}],"collection":[{"href":"https:\/\/www.elsindical.com.ar\/notas\/wp-json\/wp\/v2\/posts"}],"about":[{"href":"https:\/\/www.elsindical.com.ar\/notas\/wp-json\/wp\/v2\/types\/post"}],"author":[{"embeddable":true,"href":"https:\/\/www.elsindical.com.ar\/notas\/wp-json\/wp\/v2\/users\/1"}],"replies":[{"embeddable":true,"href":"https:\/\/www.elsindical.com.ar\/notas\/wp-json\/wp\/v2\/comments?post=12390"}],"version-history":[{"count":1,"href":"https:\/\/www.elsindical.com.ar\/notas\/wp-json\/wp\/v2\/posts\/12390\/revisions"}],"predecessor-version":[{"id":12392,"href":"https:\/\/www.elsindical.com.ar\/notas\/wp-json\/wp\/v2\/posts\/12390\/revisions\/12392"}],"wp:attachment":[{"href":"https:\/\/www.elsindical.com.ar\/notas\/wp-json\/wp\/v2\/media?parent=12390"}],"wp:term":[{"taxonomy":"category","embeddable":true,"href":"https:\/\/www.elsindical.com.ar\/notas\/wp-json\/wp\/v2\/categories?post=12390"},{"taxonomy":"post_tag","embeddable":true,"href":"https:\/\/www.elsindical.com.ar\/notas\/wp-json\/wp\/v2\/tags?post=12390"}],"curies":[{"name":"wp","href":"https:\/\/api.w.org\/{rel}","templated":true}]}}