{"id":123839,"date":"2023-07-08T03:15:17","date_gmt":"2023-07-08T06:15:17","guid":{"rendered":"https:\/\/www.elsindical.com.ar\/notas\/?p=123839"},"modified":"2023-07-08T03:15:18","modified_gmt":"2023-07-08T06:15:18","slug":"los-trabajadores-afectados-por-el-paro-de-colectivos-no-perderan-el-presentismo","status":"publish","type":"post","link":"https:\/\/www.elsindical.com.ar\/notas\/los-trabajadores-afectados-por-el-paro-de-colectivos-no-perderan-el-presentismo\/","title":{"rendered":"Los trabajadores afectados por el paro de colectivos no perder\u00e1n el presentismo"},"content":{"rendered":"\n<figure class=\"wp-block-image size-large\"><a href=\"https:\/\/www.elsindical.com.ar\/notas\/var\/www\/html\/notas\/wp-content\/uploads\/2023\/07\/paro-de-colectivos-paradas.jpg\"><img loading=\"lazy\" decoding=\"async\" width=\"1024\" height=\"577\" src=\"https:\/\/www.elsindical.com.ar\/notas\/var\/www\/html\/notas\/wp-content\/uploads\/2023\/07\/paro-de-colectivos-paradas-1024x577.jpg\" alt=\"\" class=\"wp-image-123840\" srcset=\"https:\/\/www.elsindical.com.ar\/notas\/var\/www\/html\/notas\/wp-content\/uploads\/2023\/07\/paro-de-colectivos-paradas-1024x577.jpg 1024w, https:\/\/www.elsindical.com.ar\/notas\/var\/www\/html\/notas\/wp-content\/uploads\/2023\/07\/paro-de-colectivos-paradas-300x169.jpg 300w, https:\/\/www.elsindical.com.ar\/notas\/var\/www\/html\/notas\/wp-content\/uploads\/2023\/07\/paro-de-colectivos-paradas-768x433.jpg 768w, https:\/\/www.elsindical.com.ar\/notas\/var\/www\/html\/notas\/wp-content\/uploads\/2023\/07\/paro-de-colectivos-paradas-500x282.jpg 500w, https:\/\/www.elsindical.com.ar\/notas\/var\/www\/html\/notas\/wp-content\/uploads\/2023\/07\/paro-de-colectivos-paradas-460x260.jpg 460w, https:\/\/www.elsindical.com.ar\/notas\/var\/www\/html\/notas\/wp-content\/uploads\/2023\/07\/paro-de-colectivos-paradas.jpg 1200w\" sizes=\"auto, (max-width: 1024px) 100vw, 1024px\" \/><\/a><\/figure>\n\n\n\n<p>Tras el paro de colectivos de hoy, el Gobierno resolvi\u00f3 que no se le quite el presentismo a los empleados afectados. La ministro de Trabajo, Kelly Olmos, determin\u00f3 que \u00e9stos deber\u00e1n <strong>\u201cacreditar dicha condici\u00f3n, debiendo en caso de divergencias interpretativas, resolverse la cuesti\u00f3n por la v\u00eda del di\u00e1logo social <\/strong>entre empleadores, o sus representantes, y las organizaciones representativas de trabajadores\u201d.<\/p>\n\n\n\n<p>El Ejecutivo se\u00f1al\u00f3 que el paro afect\u00f3 \u201cla movilidad diaria de los trabajadores usuarios de los servicios de transporte p\u00fablico de pasajeros, los que se ven impedidos de trasladarse a sus diversos destinos laborales\u201d y destac\u00f3 que <strong>\u201centre los factores preponderantes que tienden a justificar las inasistencias del personal a su lugar de trabajo existe lo que se denomina \u2018caso fortuito\u2019 <\/strong>o \u2018fuerza mayor\u2019\u201d.<\/p>\n\n\n\n<p>En esa l\u00ednea, determin\u00f3 que \u201cuna situaci\u00f3n de fuerza mayor se configura cuando ese impedimento no ha podido ser evitado (art. 1730 C\u00f3d. Civil y Comercial) <strong>y exime de responsabilidad a ambas partes del cumplimiento de sus obligaciones: <\/strong>al trabajador, de poner sus servicios a disposici\u00f3n del empleador y a \u00e9ste, de dar ocupaci\u00f3n, ya que tambi\u00e9n es ajeno a aquel\u201d.<\/p>\n\n\n\n<p>En torno a la imposibilidad de asistencia, Olmos afirm\u00f3 que \u201cresulta imprescindible garantizar la no afectaci\u00f3n del derecho al goce \u00edntegro de sus ingresos habituales. Que en tal sentido <strong>resultar\u00e1 necesario que los trabajadores afectados por la medida mencionada acrediten dicha condici\u00f3n.<\/strong> Que asimismo, en caso de suscitarse situaciones sujetas a interpretaci\u00f3n, estas deber\u00e1n ser discutidas entre los actores sociales, empleadores y representaci\u00f3n sindical, correspondientes\u201d.<\/p>\n\n\n\n<p>El paro de colectivos abarc\u00f3 a la zona del AMBA. Se llev\u00f3 a cabo por la Uni\u00f3n de Tranviarios Automotor (UTA) debido a una puja salarial. El conflicto tuvo lugar por la disputa sobre qui\u00e9n debe pagarle el aumento a los trabajadores: si las empresas o el Gobierno. <strong>Las compa\u00f1\u00edas se resguardaron con que no cuentan con los recursos para pagar el aumento que aprobaron las autoridades nacionales. <\/strong>Desde el Gobierno afirmaron que se transfiri\u00f3 \u201cun incremento suficiente para pagar los aumentos salariales de los trabajadores\u201d.<\/p>\n\n\n\n<p>La negociaci\u00f3n termin\u00f3 con que <strong>las empresas pagar\u00e1n los salarios actualizados<\/strong>. Tambi\u00e9n se dispuso que habr\u00e1 una mesa de di\u00e1logo a partir del lunes. Lo comunic\u00f3 el ministro de Econom\u00eda, Sergio Massa, junto a su par de Trabajo, Kelly Olmos,<\/p>\n","protected":false},"excerpt":{"rendered":"<p>Tras el paro de colectivos de hoy, el Gobierno resolvi\u00f3 que no se le quite el presentismo a los empleados afectados. La ministro de Trabajo, Kelly Olmos, determin\u00f3 que \u00e9stos deber\u00e1n \u201cacreditar dicha condici\u00f3n, debiendo en caso de divergencias interpretativas, resolverse la cuesti\u00f3n por la v\u00eda del di\u00e1logo social entre empleadores, o sus representantes, y&hellip;<\/p>\n","protected":false},"author":1,"featured_media":123840,"comment_status":"open","ping_status":"open","sticky":false,"template":"","format":"standard","meta":{"footnotes":""},"categories":[25],"tags":[3468,10814,40594,2450,40595,32422,125,877],"class_list":["post-123839","post","type-post","status-publish","format-standard","has-post-thumbnail","hentry","category-sociedad","tag-amba","tag-codigo-civil-y-comercial","tag-descuento-por-presentismo","tag-diario-el-sindical","tag-kelly-olmos","tag-paro-de-colectivos","tag-trabajadores","tag-uta"],"_links":{"self":[{"href":"https:\/\/www.elsindical.com.ar\/notas\/wp-json\/wp\/v2\/posts\/123839","targetHints":{"allow":["GET"]}}],"collection":[{"href":"https:\/\/www.elsindical.com.ar\/notas\/wp-json\/wp\/v2\/posts"}],"about":[{"href":"https:\/\/www.elsindical.com.ar\/notas\/wp-json\/wp\/v2\/types\/post"}],"author":[{"embeddable":true,"href":"https:\/\/www.elsindical.com.ar\/notas\/wp-json\/wp\/v2\/users\/1"}],"replies":[{"embeddable":true,"href":"https:\/\/www.elsindical.com.ar\/notas\/wp-json\/wp\/v2\/comments?post=123839"}],"version-history":[{"count":1,"href":"https:\/\/www.elsindical.com.ar\/notas\/wp-json\/wp\/v2\/posts\/123839\/revisions"}],"predecessor-version":[{"id":123841,"href":"https:\/\/www.elsindical.com.ar\/notas\/wp-json\/wp\/v2\/posts\/123839\/revisions\/123841"}],"wp:featuredmedia":[{"embeddable":true,"href":"https:\/\/www.elsindical.com.ar\/notas\/wp-json\/wp\/v2\/media\/123840"}],"wp:attachment":[{"href":"https:\/\/www.elsindical.com.ar\/notas\/wp-json\/wp\/v2\/media?parent=123839"}],"wp:term":[{"taxonomy":"category","embeddable":true,"href":"https:\/\/www.elsindical.com.ar\/notas\/wp-json\/wp\/v2\/categories?post=123839"},{"taxonomy":"post_tag","embeddable":true,"href":"https:\/\/www.elsindical.com.ar\/notas\/wp-json\/wp\/v2\/tags?post=123839"}],"curies":[{"name":"wp","href":"https:\/\/api.w.org\/{rel}","templated":true}]}}