{"id":123832,"date":"2023-07-07T20:16:01","date_gmt":"2023-07-07T23:16:01","guid":{"rendered":"https:\/\/www.elsindical.com.ar\/notas\/?p=123832"},"modified":"2023-07-07T20:16:02","modified_gmt":"2023-07-07T23:16:02","slug":"mar-del-plata-buscan-a-iara-nardelli-desaparecida","status":"publish","type":"post","link":"https:\/\/www.elsindical.com.ar\/notas\/mar-del-plata-buscan-a-iara-nardelli-desaparecida\/","title":{"rendered":"Mar del Plata: Buscan a Iara Nardelli, desaparecida"},"content":{"rendered":"<div class=\"wp-block-image\">\n<figure class=\"aligncenter size-full\"><a href=\"https:\/\/www.elsindical.com.ar\/notas\/var\/www\/html\/notas\/wp-content\/uploads\/2023\/07\/Iara-Nardelli-buscada.jpg\"><img loading=\"lazy\" decoding=\"async\" width=\"434\" height=\"718\" src=\"https:\/\/www.elsindical.com.ar\/notas\/var\/www\/html\/notas\/wp-content\/uploads\/2023\/07\/Iara-Nardelli-buscada.jpg\" alt=\"\" class=\"wp-image-123833\" srcset=\"https:\/\/www.elsindical.com.ar\/notas\/var\/www\/html\/notas\/wp-content\/uploads\/2023\/07\/Iara-Nardelli-buscada.jpg 434w, https:\/\/www.elsindical.com.ar\/notas\/var\/www\/html\/notas\/wp-content\/uploads\/2023\/07\/Iara-Nardelli-buscada-181x300.jpg 181w\" sizes=\"auto, (max-width: 434px) 100vw, 434px\" \/><\/a><\/figure>\n<\/div>\n\n\n<p>La chica padece una enfermedad y estaba trat\u00e1ndose en un centro local, Hogar Aldeas Infantiles.<\/p>\n\n\n\n<p><strong>Iara Nardelli <\/strong>de 16 a\u00f1os desapareci\u00f3 el <strong>viernes 30 de junio<\/strong>. Su madre pidi\u00f3 ayuda a toda la sociedad marplatense para poder encontrarla.<\/p>\n\n\n\n<p>Podr\u00eda encontrarse en Miramar. Es delgada, altura 1,50. Por favor compartir, y si la ven o tienen informaci\u00f3n, llamar al <strong>2291461162<\/strong>, o <strong>911<\/strong><\/p>\n\n\n\n<figure class=\"wp-block-gallery has-nested-images columns-default is-cropped wp-block-gallery-1 is-layout-flex wp-block-gallery-is-layout-flex\">\n<figure class=\"wp-block-image size-large\"><a href=\"https:\/\/www.elsindical.com.ar\/notas\/var\/www\/html\/notas\/wp-content\/uploads\/2023\/07\/Iara-Nardelli.jpg\"><img loading=\"lazy\" decoding=\"async\" width=\"723\" height=\"1024\" data-id=\"123834\" src=\"https:\/\/www.elsindical.com.ar\/notas\/var\/www\/html\/notas\/wp-content\/uploads\/2023\/07\/Iara-Nardelli-723x1024.jpg\" alt=\"\" class=\"wp-image-123834\" srcset=\"https:\/\/www.elsindical.com.ar\/notas\/var\/www\/html\/notas\/wp-content\/uploads\/2023\/07\/Iara-Nardelli-723x1024.jpg 723w, https:\/\/www.elsindical.com.ar\/notas\/var\/www\/html\/notas\/wp-content\/uploads\/2023\/07\/Iara-Nardelli-212x300.jpg 212w, https:\/\/www.elsindical.com.ar\/notas\/var\/www\/html\/notas\/wp-content\/uploads\/2023\/07\/Iara-Nardelli-768x1087.jpg 768w, https:\/\/www.elsindical.com.ar\/notas\/var\/www\/html\/notas\/wp-content\/uploads\/2023\/07\/Iara-Nardelli.jpg 904w\" sizes=\"auto, (max-width: 723px) 100vw, 723px\" \/><\/a><\/figure>\n\n\n\n<figure class=\"wp-block-image size-large\"><a href=\"https:\/\/www.elsindical.com.ar\/notas\/var\/www\/html\/notas\/wp-content\/uploads\/2023\/07\/Iara-Nardelli-2.jpg\"><img loading=\"lazy\" decoding=\"async\" width=\"461\" height=\"1024\" data-id=\"123835\" src=\"https:\/\/www.elsindical.com.ar\/notas\/var\/www\/html\/notas\/wp-content\/uploads\/2023\/07\/Iara-Nardelli-2-461x1024.jpg\" alt=\"\" class=\"wp-image-123835\" srcset=\"https:\/\/www.elsindical.com.ar\/notas\/var\/www\/html\/notas\/wp-content\/uploads\/2023\/07\/Iara-Nardelli-2-461x1024.jpg 461w, https:\/\/www.elsindical.com.ar\/notas\/var\/www\/html\/notas\/wp-content\/uploads\/2023\/07\/Iara-Nardelli-2-135x300.jpg 135w, https:\/\/www.elsindical.com.ar\/notas\/var\/www\/html\/notas\/wp-content\/uploads\/2023\/07\/Iara-Nardelli-2-691x1536.jpg 691w, https:\/\/www.elsindical.com.ar\/notas\/var\/www\/html\/notas\/wp-content\/uploads\/2023\/07\/Iara-Nardelli-2.jpg 720w\" sizes=\"auto, (max-width: 461px) 100vw, 461px\" \/><\/a><\/figure>\n<\/figure>\n","protected":false},"excerpt":{"rendered":"<p>La chica padece una enfermedad y estaba trat\u00e1ndose en un centro local, Hogar Aldeas Infantiles. Iara Nardelli de 16 a\u00f1os desapareci\u00f3 el viernes 30 de junio. Su madre pidi\u00f3 ayuda a toda la sociedad marplatense para poder encontrarla. Podr\u00eda encontrarse en Miramar. Es delgada, altura 1,50. Por favor compartir, y si la ven o tienen&hellip;<\/p>\n","protected":false},"author":1,"featured_media":123833,"comment_status":"open","ping_status":"open","sticky":false,"template":"","format":"standard","meta":{"footnotes":""},"categories":[25,26],"tags":[973,2450,40593,1673,223,5987],"class_list":["post-123832","post","type-post","status-publish","format-standard","has-post-thumbnail","hentry","category-sociedad","category-solidaridad","tag-desaparecida","tag-diario-el-sindical","tag-iara-nardelli","tag-mar-del-plata","tag-menor","tag-miramar"],"_links":{"self":[{"href":"https:\/\/www.elsindical.com.ar\/notas\/wp-json\/wp\/v2\/posts\/123832","targetHints":{"allow":["GET"]}}],"collection":[{"href":"https:\/\/www.elsindical.com.ar\/notas\/wp-json\/wp\/v2\/posts"}],"about":[{"href":"https:\/\/www.elsindical.com.ar\/notas\/wp-json\/wp\/v2\/types\/post"}],"author":[{"embeddable":true,"href":"https:\/\/www.elsindical.com.ar\/notas\/wp-json\/wp\/v2\/users\/1"}],"replies":[{"embeddable":true,"href":"https:\/\/www.elsindical.com.ar\/notas\/wp-json\/wp\/v2\/comments?post=123832"}],"version-history":[{"count":1,"href":"https:\/\/www.elsindical.com.ar\/notas\/wp-json\/wp\/v2\/posts\/123832\/revisions"}],"predecessor-version":[{"id":123836,"href":"https:\/\/www.elsindical.com.ar\/notas\/wp-json\/wp\/v2\/posts\/123832\/revisions\/123836"}],"wp:featuredmedia":[{"embeddable":true,"href":"https:\/\/www.elsindical.com.ar\/notas\/wp-json\/wp\/v2\/media\/123833"}],"wp:attachment":[{"href":"https:\/\/www.elsindical.com.ar\/notas\/wp-json\/wp\/v2\/media?parent=123832"}],"wp:term":[{"taxonomy":"category","embeddable":true,"href":"https:\/\/www.elsindical.com.ar\/notas\/wp-json\/wp\/v2\/categories?post=123832"},{"taxonomy":"post_tag","embeddable":true,"href":"https:\/\/www.elsindical.com.ar\/notas\/wp-json\/wp\/v2\/tags?post=123832"}],"curies":[{"name":"wp","href":"https:\/\/api.w.org\/{rel}","templated":true}]}}