{"id":123805,"date":"2023-07-06T20:52:02","date_gmt":"2023-07-06T23:52:02","guid":{"rendered":"https:\/\/www.elsindical.com.ar\/notas\/?p=123805"},"modified":"2023-07-06T21:07:12","modified_gmt":"2023-07-07T00:07:12","slug":"avellaneda-maxima-inseguridad-ya-roban-a-los-tiros-hasta-los-clubes-de-barrio","status":"publish","type":"post","link":"https:\/\/www.elsindical.com.ar\/notas\/avellaneda-maxima-inseguridad-ya-roban-a-los-tiros-hasta-los-clubes-de-barrio\/","title":{"rendered":"Avellaneda: M\u00e1xima inseguridad, ya roban a los tiros hasta los clubes de barrio"},"content":{"rendered":"<div class=\"wp-block-image\">\n<figure class=\"aligncenter size-full\"><a href=\"https:\/\/www.elsindical.com.ar\/notas\/var\/www\/html\/notas\/wp-content\/uploads\/2023\/07\/robo-a-club-de-Gerli.jpg\"><img loading=\"lazy\" decoding=\"async\" width=\"750\" height=\"431\" src=\"https:\/\/www.elsindical.com.ar\/notas\/var\/www\/html\/notas\/wp-content\/uploads\/2023\/07\/robo-a-club-de-Gerli.jpg\" alt=\"\" class=\"wp-image-123806\" srcset=\"https:\/\/www.elsindical.com.ar\/notas\/var\/www\/html\/notas\/wp-content\/uploads\/2023\/07\/robo-a-club-de-Gerli.jpg 750w, https:\/\/www.elsindical.com.ar\/notas\/var\/www\/html\/notas\/wp-content\/uploads\/2023\/07\/robo-a-club-de-Gerli-300x172.jpg 300w, https:\/\/www.elsindical.com.ar\/notas\/var\/www\/html\/notas\/wp-content\/uploads\/2023\/07\/robo-a-club-de-Gerli-500x287.jpg 500w, https:\/\/www.elsindical.com.ar\/notas\/var\/www\/html\/notas\/wp-content\/uploads\/2023\/07\/robo-a-club-de-Gerli-220x126.jpg 220w\" sizes=\"auto, (max-width: 750px) 100vw, 750px\" \/><\/a><\/figure>\n<\/div>\n\n\n<p>   Mientras la gesti\u00f3n de Jorge Ferraresi, pierde votos a diario por la ola de inseguridad que tiene cansados a los vecinos, pero el intendente sin hacerse cargo hace campa\u00f1as gastando millones en la est\u00e9tica de los clubes que los vecinos tampoco pueden disfrutar porque la inseguridad ya es total.<\/p>\n\n\n\n<p>A los vecinos de Avellaneda los roban en las paradas de colectivos, ingresando a sus casas, estacionando, volviendo del trabajo, a los ancianos se les meten en las casas o san atacados en la v\u00eda p\u00fablica como los menores de edad y las mujeres, todo descontrolado y sin que nadie haga nada.<\/p>\n\n\n\n<p>El bot\u00edn de los delincuentes siempre es el mismo buscan celulares porque estos son r\u00e1pidamente comprados por \u00abcuevas\u00bb que compran celulares y tablets robadas, lugares que funcionan con la complicidad municipal y policial.<\/p>\n\n\n\n<p>La oposici\u00f3n mientras hace campa\u00f1a con la inseguridad a sabiendas de que nada va a cambiar para mejor, pero no tienen un proyecto serio, ejemplo controlar el trabajo de los fiscales y de los jefes policiales, un dato m\u00e1s que curioso, los jefes policiales de Avellaneda durante la gesti\u00f3n de Jorge Ferraresi han ascendido por intervenciones del intendente a pesar de que han demostrado un trabajo policial muy pobre y adem\u00e1s de que les han regalado los ascensos han quintuplicado sus patrimonios, pero de esas cosas nadie habla.<\/p>\n\n\n\n<p>Ahora una vez m\u00e1s Avellaneda est\u00e1 en todos los medios de comunicaci\u00f3n por un nuevo y violento hecho de inseguridad, donde un grupo de delincuentes ingresaron al <strong>Club<\/strong> <strong>Orientaci\u00f3n Juvenil<\/strong>, ubicado en la avenida Santa Fe, entre Mario Bravo y Entre R\u00edos, en el l\u00edmite de los barrios de Gerli y Pi\u00f1eiro, alrededor de las 23:44 hs. la banda amenaz\u00f3 a los comensales que estaban dentro del buffet, <strong>golpearon a un hombre con la culata del arma en la cabeza<\/strong> y luego entraron a la cancha de f\u00fatbol que est\u00e1 ubicada en la parte trasera del predio. All\u00ed se encontraba un grupo de j\u00f3venes jugando a la pelota, a los que tambi\u00e9n amenazaron. Como si no les fuera suficiente, dispararon tres veces al techo para intimidar a las v\u00edctimas antes de escapar a pie.<\/p>\n\n\n\n<p>Este es uno de los clubes que curiosamente posee mejor v\u00ednculo con el municipio y es uno de los m\u00e1s beneficiados con dinero para obras y actividades incluso con directivos con cargos en el municipio, es decir no est\u00e1n seguros ni su propia gente en Avellaneda.<\/p>\n\n\n\n<p>La investigaci\u00f3n del hecho criminal qued\u00f3 a cargo de la UFI 1 a cargo de Olmos Coronel del Polo Judicial de Avellaneda y de personal policial de la comisar\u00eda 2da de Avellaneda.<\/p>\n\n\n\n<figure class=\"wp-block-embed is-type-video is-provider-youtube wp-block-embed-youtube wp-embed-aspect-16-9 wp-has-aspect-ratio\"><div class=\"wp-block-embed__wrapper\">\n<iframe loading=\"lazy\" title=\"Avellaneda m\u00e1xima inseguridad vecinos cansados\" width=\"700\" height=\"394\" src=\"https:\/\/www.youtube.com\/embed\/3Db9wC2mLJQ?feature=oembed\" frameborder=\"0\" allow=\"accelerometer; autoplay; clipboard-write; encrypted-media; gyroscope; picture-in-picture; web-share\" allowfullscreen><\/iframe>\n<\/div><\/figure>\n\n\n\n<p>Por Marcelo Ricardo Hawrylciw<\/p>\n","protected":false},"excerpt":{"rendered":"<p>Mientras la gesti\u00f3n de Jorge Ferraresi, pierde votos a diario por la ola de inseguridad que tiene cansados a los vecinos, pero el intendente sin hacerse cargo hace campa\u00f1as gastando millones en la est\u00e9tica de los clubes que los vecinos tampoco pueden disfrutar porque la inseguridad ya es total. A los vecinos de Avellaneda los&hellip;<\/p>\n","protected":false},"author":1,"featured_media":123806,"comment_status":"open","ping_status":"open","sticky":false,"template":"","format":"standard","meta":{"footnotes":""},"categories":[22],"tags":[30014,461,34470,2450,40586,984,1062,30,1174],"class_list":["post-123805","post","type-post","status-publish","format-standard","has-post-thumbnail","hentry","category-policiales","tag-alejo-chornobroff","tag-avellaneda","tag-comisario-mayor-gregorio-martinez","tag-diario-el-sindical","tag-enriquecimiento","tag-inseguridad","tag-jorge-ferraresi","tag-policia","tag-robos"],"_links":{"self":[{"href":"https:\/\/www.elsindical.com.ar\/notas\/wp-json\/wp\/v2\/posts\/123805","targetHints":{"allow":["GET"]}}],"collection":[{"href":"https:\/\/www.elsindical.com.ar\/notas\/wp-json\/wp\/v2\/posts"}],"about":[{"href":"https:\/\/www.elsindical.com.ar\/notas\/wp-json\/wp\/v2\/types\/post"}],"author":[{"embeddable":true,"href":"https:\/\/www.elsindical.com.ar\/notas\/wp-json\/wp\/v2\/users\/1"}],"replies":[{"embeddable":true,"href":"https:\/\/www.elsindical.com.ar\/notas\/wp-json\/wp\/v2\/comments?post=123805"}],"version-history":[{"count":2,"href":"https:\/\/www.elsindical.com.ar\/notas\/wp-json\/wp\/v2\/posts\/123805\/revisions"}],"predecessor-version":[{"id":123808,"href":"https:\/\/www.elsindical.com.ar\/notas\/wp-json\/wp\/v2\/posts\/123805\/revisions\/123808"}],"wp:featuredmedia":[{"embeddable":true,"href":"https:\/\/www.elsindical.com.ar\/notas\/wp-json\/wp\/v2\/media\/123806"}],"wp:attachment":[{"href":"https:\/\/www.elsindical.com.ar\/notas\/wp-json\/wp\/v2\/media?parent=123805"}],"wp:term":[{"taxonomy":"category","embeddable":true,"href":"https:\/\/www.elsindical.com.ar\/notas\/wp-json\/wp\/v2\/categories?post=123805"},{"taxonomy":"post_tag","embeddable":true,"href":"https:\/\/www.elsindical.com.ar\/notas\/wp-json\/wp\/v2\/tags?post=123805"}],"curies":[{"name":"wp","href":"https:\/\/api.w.org\/{rel}","templated":true}]}}