{"id":123802,"date":"2023-07-06T13:19:11","date_gmt":"2023-07-06T16:19:11","guid":{"rendered":"https:\/\/www.elsindical.com.ar\/notas\/?p=123802"},"modified":"2023-07-06T13:19:12","modified_gmt":"2023-07-06T16:19:12","slug":"la-justicia-federal-ordeno-a-la-afip-hacer-publica-la-informacion-sobre-deudas-impositivas-perdonadas","status":"publish","type":"post","link":"https:\/\/www.elsindical.com.ar\/notas\/la-justicia-federal-ordeno-a-la-afip-hacer-publica-la-informacion-sobre-deudas-impositivas-perdonadas\/","title":{"rendered":"La Justicia Federal orden\u00f3 a la AFIP hacer p\u00fablica la informaci\u00f3n sobre deudas impositivas perdonadas"},"content":{"rendered":"<div class=\"wp-block-image\">\n<figure class=\"aligncenter size-large\"><a href=\"https:\/\/www.elsindical.com.ar\/notas\/var\/www\/html\/notas\/wp-content\/uploads\/2023\/07\/cuanto-dejo-de-percbir-la-AFIP-por-condonaciones.png\"><img loading=\"lazy\" decoding=\"async\" width=\"1024\" height=\"1024\" src=\"https:\/\/www.elsindical.com.ar\/notas\/var\/www\/html\/notas\/wp-content\/uploads\/2023\/07\/cuanto-dejo-de-percbir-la-AFIP-por-condonaciones-1024x1024.png\" alt=\"\" class=\"wp-image-123803\" srcset=\"https:\/\/www.elsindical.com.ar\/notas\/var\/www\/html\/notas\/wp-content\/uploads\/2023\/07\/cuanto-dejo-de-percbir-la-AFIP-por-condonaciones-1024x1024.png 1024w, https:\/\/www.elsindical.com.ar\/notas\/var\/www\/html\/notas\/wp-content\/uploads\/2023\/07\/cuanto-dejo-de-percbir-la-AFIP-por-condonaciones-300x300.png 300w, https:\/\/www.elsindical.com.ar\/notas\/var\/www\/html\/notas\/wp-content\/uploads\/2023\/07\/cuanto-dejo-de-percbir-la-AFIP-por-condonaciones-150x150.png 150w, https:\/\/www.elsindical.com.ar\/notas\/var\/www\/html\/notas\/wp-content\/uploads\/2023\/07\/cuanto-dejo-de-percbir-la-AFIP-por-condonaciones-768x768.png 768w, https:\/\/www.elsindical.com.ar\/notas\/var\/www\/html\/notas\/wp-content\/uploads\/2023\/07\/cuanto-dejo-de-percbir-la-AFIP-por-condonaciones-50x50.png 50w, https:\/\/www.elsindical.com.ar\/notas\/var\/www\/html\/notas\/wp-content\/uploads\/2023\/07\/cuanto-dejo-de-percbir-la-AFIP-por-condonaciones.png 1080w\" sizes=\"auto, (max-width: 1024px) 100vw, 1024px\" \/><\/a><\/figure>\n<\/div>\n\n\n<p>La Sala I de la C\u00e1mara en lo Contencioso Administrativo Federal hizo lugar al reclamo de la Asociaci\u00f3n Civil por la Igualdad y la Justicia y orden\u00f3 a la AFIP entregar informaci\u00f3n p\u00fablica sobre condonaciones fiscales correspondientes al periodo 2010-2016.<\/p>\n\n\n\n<p>Resulta fundamental conocer los fondos que el Estado deja de recaudar a trav\u00e9s de renuncias impositivas, especialmente en contextos de escasez de recursos y propuestas de reducci\u00f3n del d\u00e9ficit fiscal.<\/p>\n\n\n\n<p>En 2018, ACIJ acudi\u00f3 a la Agencia de Acceso a la Informaci\u00f3n P\u00fablica dado que la AFIP hab\u00eda denegado la entrega de informaci\u00f3n relativa al monto y cantidad de personas beneficiarias de las condonaciones que aplic\u00f3 durante el periodo 2010-2016. A trav\u00e9s de estos mecanismos el Estado decide extinguir ciertas obligaciones tributarias vigentes, al perdonar su incumplimiento y dejar de exigirlas, beneficiando excepcionalmente a algunas y algunos contribuyentes.<\/p>\n\n\n\n<p>La Agencia, en cumplimiento de su funci\u00f3n de garantizar el efectivo ejercicio del derecho de acceso a la informaci\u00f3n p\u00fablica, emiti\u00f3 una resoluci\u00f3n intimando a la AFIP a proporcionar la informaci\u00f3n solicitada por ACIJ. Para ello, aplic\u00f3 diversos est\u00e1ndares locales e internacionales que rigen en la materia e indican que en el caso en particular se encuentra vulnerado el derecho de acceder a informaci\u00f3n p\u00fablica. Sin embargo, <strong>el organismo recaudador desconoci\u00f3 la resoluci\u00f3n de la Agencia invocando tard\u00edamente excepciones contradictorias e inaplicables al caso<\/strong>.<\/p>\n\n\n\n<p>Esta circunstancia oblig\u00f3 a ACIJ a tener que acudir a la instancia judicial con el fin de obtener la ejecuci\u00f3n de un acto administrativo que le concedi\u00f3 el derecho de acceder a informaci\u00f3n de inter\u00e9s p\u00fablico. Un derecho directamente vinculado con los principios del sistema de gobierno republicano de Argentina.<\/p>\n\n\n\n<p>La decisi\u00f3n de la C\u00e1mara confirm\u00f3 que <strong>la informaci\u00f3n requerida por ACIJ resultaba de car\u00e1cter p\u00fablico, en tanto la AFIP no hab\u00eda demostrado la inexistencia de la informaci\u00f3n, ni la ausencia de una obligaci\u00f3n legal para producirla, as\u00ed como tampoco la existencia de una excepci\u00f3n legal en su otorgamiento<\/strong>. En este sentido, la Sala enfatiz\u00f3 que los sujetos obligados s\u00f3lo pueden rechazar un requerimiento de informaci\u00f3n si exponen, describen y demuestran de manera detallada los elementos y las razones por las cuales su entrega resulta susceptible de ocasionar un da\u00f1o al fin leg\u00edtimamente protegido. De este modo, la decisi\u00f3n de la C\u00e1mara deja sin efecto la sentencia de primera instancia, que hab\u00eda rechazado err\u00f3neamente el reclamo declarando abstracta la acci\u00f3n.<\/p>\n\n\n\n<p>Conocer los elementos b\u00e1sicos de la pol\u00edtica tributaria es el primer paso esencial para mitigar el impacto regresivo que pueden tener las decisiones fiscales en Argentina. <strong>En un contexto como el actual, donde las discusiones p\u00fablicas suelen incluir argumentos de escasez de recursos, insuficiencia de fondos, o necesidad de reducir el d\u00e9ficit fiscal, deviene a\u00fan m\u00e1s esencial que se incorpore al debate p\u00fablico la informaci\u00f3n sobre la renuncia estatal a recursos que podr\u00edan orientarse a la satisfacci\u00f3n de derechos fundamentales<\/strong>.<\/p>\n\n\n\n<p>Pese a esta decisi\u00f3n, <strong>la AFIP recurri\u00f3 la sentencia para que la Corte Suprema de Justicia resuelva el caso, y sigue manteniendo en secreto la informaci\u00f3n sobre los perdones fiscales<\/strong>. Desde ACIJ se espera que la sentencia quede firme sin m\u00e1s dilaciones, para asegurar que el Estado brinde la informaci\u00f3n que debe ser p\u00fablica para controlar la gesti\u00f3n de los recursos estatales.<\/p>\n","protected":false},"excerpt":{"rendered":"<p>La Sala I de la C\u00e1mara en lo Contencioso Administrativo Federal hizo lugar al reclamo de la Asociaci\u00f3n Civil por la Igualdad y la Justicia y orden\u00f3 a la AFIP entregar informaci\u00f3n p\u00fablica sobre condonaciones fiscales correspondientes al periodo 2010-2016. Resulta fundamental conocer los fondos que el Estado deja de recaudar a trav\u00e9s de renuncias&hellip;<\/p>\n","protected":false},"author":1,"featured_media":123803,"comment_status":"open","ping_status":"open","sticky":false,"template":"","format":"standard","meta":{"footnotes":""},"categories":[20],"tags":[69,40584,2450,197,40585],"class_list":["post-123802","post","type-post","status-publish","format-standard","has-post-thumbnail","hentry","category-judiciales","tag-afip","tag-condonacion-deudas","tag-diario-el-sindical","tag-fallo","tag-nformacion"],"_links":{"self":[{"href":"https:\/\/www.elsindical.com.ar\/notas\/wp-json\/wp\/v2\/posts\/123802","targetHints":{"allow":["GET"]}}],"collection":[{"href":"https:\/\/www.elsindical.com.ar\/notas\/wp-json\/wp\/v2\/posts"}],"about":[{"href":"https:\/\/www.elsindical.com.ar\/notas\/wp-json\/wp\/v2\/types\/post"}],"author":[{"embeddable":true,"href":"https:\/\/www.elsindical.com.ar\/notas\/wp-json\/wp\/v2\/users\/1"}],"replies":[{"embeddable":true,"href":"https:\/\/www.elsindical.com.ar\/notas\/wp-json\/wp\/v2\/comments?post=123802"}],"version-history":[{"count":1,"href":"https:\/\/www.elsindical.com.ar\/notas\/wp-json\/wp\/v2\/posts\/123802\/revisions"}],"predecessor-version":[{"id":123804,"href":"https:\/\/www.elsindical.com.ar\/notas\/wp-json\/wp\/v2\/posts\/123802\/revisions\/123804"}],"wp:featuredmedia":[{"embeddable":true,"href":"https:\/\/www.elsindical.com.ar\/notas\/wp-json\/wp\/v2\/media\/123803"}],"wp:attachment":[{"href":"https:\/\/www.elsindical.com.ar\/notas\/wp-json\/wp\/v2\/media?parent=123802"}],"wp:term":[{"taxonomy":"category","embeddable":true,"href":"https:\/\/www.elsindical.com.ar\/notas\/wp-json\/wp\/v2\/categories?post=123802"},{"taxonomy":"post_tag","embeddable":true,"href":"https:\/\/www.elsindical.com.ar\/notas\/wp-json\/wp\/v2\/tags?post=123802"}],"curies":[{"name":"wp","href":"https:\/\/api.w.org\/{rel}","templated":true}]}}