{"id":123764,"date":"2023-07-05T00:53:20","date_gmt":"2023-07-05T03:53:20","guid":{"rendered":"https:\/\/www.elsindical.com.ar\/notas\/?p=123764"},"modified":"2023-07-05T00:53:20","modified_gmt":"2023-07-05T03:53:20","slug":"romina-del-pla-en-quilmes-domingo-9-de-julio-a-las-1330-horas-almuerzo-en-san-martin-2291-san-francisco-solano","status":"publish","type":"post","link":"https:\/\/www.elsindical.com.ar\/notas\/romina-del-pla-en-quilmes-domingo-9-de-julio-a-las-1330-horas-almuerzo-en-san-martin-2291-san-francisco-solano\/","title":{"rendered":"Romina Del Pl\u00e1 en Quilmes Domingo 9 de julio a las 13:30 horas, Almuerzo en San Mart\u00edn 2291. San Francisco Solano"},"content":{"rendered":"\n<figure class=\"wp-block-image size-large\"><a href=\"https:\/\/www.elsindical.com.ar\/notas\/var\/www\/html\/notas\/wp-content\/uploads\/2023\/07\/Romina-del-Pla-en-Quilmes.jpeg\"><img loading=\"lazy\" decoding=\"async\" width=\"819\" height=\"1024\" src=\"https:\/\/www.elsindical.com.ar\/notas\/var\/www\/html\/notas\/wp-content\/uploads\/2023\/07\/Romina-del-Pla-en-Quilmes-819x1024.jpeg\" alt=\"\" class=\"wp-image-123765\" srcset=\"https:\/\/www.elsindical.com.ar\/notas\/var\/www\/html\/notas\/wp-content\/uploads\/2023\/07\/Romina-del-Pla-en-Quilmes-819x1024.jpeg 819w, https:\/\/www.elsindical.com.ar\/notas\/var\/www\/html\/notas\/wp-content\/uploads\/2023\/07\/Romina-del-Pla-en-Quilmes-240x300.jpeg 240w, https:\/\/www.elsindical.com.ar\/notas\/var\/www\/html\/notas\/wp-content\/uploads\/2023\/07\/Romina-del-Pla-en-Quilmes-768x960.jpeg 768w, https:\/\/www.elsindical.com.ar\/notas\/var\/www\/html\/notas\/wp-content\/uploads\/2023\/07\/Romina-del-Pla-en-Quilmes.jpeg 1080w\" sizes=\"auto, (max-width: 819px) 100vw, 819px\" \/><\/a><\/figure>\n\n\n\n<p class=\"wp-block-paragraph\"><strong>Romina Del Pl\u00e1 en Quilmes<br>Domingo 9 de julio a las &nbsp;13:30 horas, Almuerzo en San Mart\u00edn 2291. San Francisco Solano.<br><\/strong><br>Bajo la consigna \u00abFuera los Pol\u00edticos Capitalistas\u00bb la actual diputada nacional y precandidata a senadora nacional por la Lista \u00abUnidad de Luchadores y la Izquierda\u00bb (Partido Obrero-MST) en el Frente de Izquierda y los Trabajadores- U, encabezada por Gabriel Solano como precandidato a presidente y Vilma Ripoll vice, visitar\u00e1 la ciudad del sur del conurbano, donde compartir\u00e1 una comida con trabajadores estatales y docentes.<\/p>\n\n\n\n<p class=\"wp-block-paragraph\">Como parte de la actividad Romina presentar\u00e1 las resoluciones tomadas en el Encuentro Educativo de la zona sur, el pasado s\u00e1bado 1 de julio en Lomas de Zamora. Como as\u00ed tambi\u00e9n de la plataforma de la izquierda que se planta, votada por m\u00e1s de 20 mil personas en el plenario de la izquierda, el 17 de junio en Plaza Congreso.<\/p>\n\n\n\n<p class=\"wp-block-paragraph\">Junto a Romina Del Pl\u00e1 participaran de la jornada, Gabriela Cruz, delegada docente multicolor en el SUTEBA Quilmes y precandidata a concejal, y Agust\u00edn Ramal, estudiante de la UNQui y precandidato a consejero escolar.<\/p>\n","protected":false},"excerpt":{"rendered":"<p>Romina Del Pl\u00e1 en QuilmesDomingo 9 de julio a las &nbsp;13:30 horas, Almuerzo en San Mart\u00edn 2291. San Francisco Solano.Bajo la consigna \u00abFuera los Pol\u00edticos Capitalistas\u00bb la actual diputada nacional y precandidata a senadora nacional por la Lista \u00abUnidad de Luchadores y la Izquierda\u00bb (Partido Obrero-MST) en el Frente de Izquierda y los Trabajadores- U,&hellip;<\/p>\n","protected":false},"author":1,"featured_media":123765,"comment_status":"open","ping_status":"open","sticky":false,"template":"","format":"standard","meta":{"footnotes":""},"categories":[13],"tags":[2450,40574,684,37187,3279],"class_list":["post-123764","post","type-post","status-publish","format-standard","has-post-thumbnail","hentry","category-politica","tag-diario-el-sindical","tag-partido-obrero-mst","tag-quilmes","tag-romina-del-pla","tag-san-francisco-solano"],"_links":{"self":[{"href":"https:\/\/www.elsindical.com.ar\/notas\/wp-json\/wp\/v2\/posts\/123764","targetHints":{"allow":["GET"]}}],"collection":[{"href":"https:\/\/www.elsindical.com.ar\/notas\/wp-json\/wp\/v2\/posts"}],"about":[{"href":"https:\/\/www.elsindical.com.ar\/notas\/wp-json\/wp\/v2\/types\/post"}],"author":[{"embeddable":true,"href":"https:\/\/www.elsindical.com.ar\/notas\/wp-json\/wp\/v2\/users\/1"}],"replies":[{"embeddable":true,"href":"https:\/\/www.elsindical.com.ar\/notas\/wp-json\/wp\/v2\/comments?post=123764"}],"version-history":[{"count":1,"href":"https:\/\/www.elsindical.com.ar\/notas\/wp-json\/wp\/v2\/posts\/123764\/revisions"}],"predecessor-version":[{"id":123766,"href":"https:\/\/www.elsindical.com.ar\/notas\/wp-json\/wp\/v2\/posts\/123764\/revisions\/123766"}],"wp:featuredmedia":[{"embeddable":true,"href":"https:\/\/www.elsindical.com.ar\/notas\/wp-json\/wp\/v2\/media\/123765"}],"wp:attachment":[{"href":"https:\/\/www.elsindical.com.ar\/notas\/wp-json\/wp\/v2\/media?parent=123764"}],"wp:term":[{"taxonomy":"category","embeddable":true,"href":"https:\/\/www.elsindical.com.ar\/notas\/wp-json\/wp\/v2\/categories?post=123764"},{"taxonomy":"post_tag","embeddable":true,"href":"https:\/\/www.elsindical.com.ar\/notas\/wp-json\/wp\/v2\/tags?post=123764"}],"curies":[{"name":"wp","href":"https:\/\/api.w.org\/{rel}","templated":true}]}}