{"id":123742,"date":"2023-07-04T12:37:15","date_gmt":"2023-07-04T15:37:15","guid":{"rendered":"https:\/\/www.elsindical.com.ar\/notas\/?p=123742"},"modified":"2023-07-04T12:37:16","modified_gmt":"2023-07-04T15:37:16","slug":"metrodelegados-anuncian-nuevos-paros-rotativos-en-el-subte","status":"publish","type":"post","link":"https:\/\/www.elsindical.com.ar\/notas\/metrodelegados-anuncian-nuevos-paros-rotativos-en-el-subte\/","title":{"rendered":"Metrodelegados anuncian nuevos paros rotativos en el subte"},"content":{"rendered":"<div class=\"wp-block-image\">\n<figure class=\"aligncenter size-large\"><a href=\"https:\/\/www.elsindical.com.ar\/notas\/var\/www\/html\/notas\/wp-content\/uploads\/2023\/07\/paro-subtes-Constitucion-cerrado.jpg\"><img loading=\"lazy\" decoding=\"async\" width=\"1024\" height=\"576\" src=\"https:\/\/www.elsindical.com.ar\/notas\/var\/www\/html\/notas\/wp-content\/uploads\/2023\/07\/paro-subtes-Constitucion-cerrado-1024x576.jpg\" alt=\"\" class=\"wp-image-123743\" srcset=\"https:\/\/www.elsindical.com.ar\/notas\/var\/www\/html\/notas\/wp-content\/uploads\/2023\/07\/paro-subtes-Constitucion-cerrado-1024x576.jpg 1024w, https:\/\/www.elsindical.com.ar\/notas\/var\/www\/html\/notas\/wp-content\/uploads\/2023\/07\/paro-subtes-Constitucion-cerrado-300x169.jpg 300w, https:\/\/www.elsindical.com.ar\/notas\/var\/www\/html\/notas\/wp-content\/uploads\/2023\/07\/paro-subtes-Constitucion-cerrado-768x432.jpg 768w, https:\/\/www.elsindical.com.ar\/notas\/var\/www\/html\/notas\/wp-content\/uploads\/2023\/07\/paro-subtes-Constitucion-cerrado-500x281.jpg 500w, https:\/\/www.elsindical.com.ar\/notas\/var\/www\/html\/notas\/wp-content\/uploads\/2023\/07\/paro-subtes-Constitucion-cerrado-460x260.jpg 460w, https:\/\/www.elsindical.com.ar\/notas\/var\/www\/html\/notas\/wp-content\/uploads\/2023\/07\/paro-subtes-Constitucion-cerrado.jpg 1200w\" sizes=\"auto, (max-width: 1024px) 100vw, 1024px\" \/><\/a><\/figure>\n<\/div>\n\n\n<p class=\"wp-block-paragraph\">La Asociaci\u00f3n Gremial de Trabajadores del Subterr\u00e1neo y Premetro (AGTSyP) anunci\u00f3 que <strong>el pr\u00f3ximo mi\u00e9rcoles se reanudar\u00e1n los paros rotativos en todas las l\u00edneas <\/strong>del servicio en reclamo de la eliminaci\u00f3n total en la red del asbesto, una sustancia sindicada como cancer\u00edgena.<\/p>\n\n\n\n<p class=\"wp-block-paragraph\">Los metrodelegados exigen una \u201csoluci\u00f3n\u201d a lo que califican como <strong>\u201cla crisis sanitaria en la red\u201d<\/strong> y en ese sentido interrumpir\u00e1n el servicio de todas las l\u00edneas en forma escalonada durante toda la jornada.<\/p>\n\n\n\n<p class=\"wp-block-paragraph\">Seg\u00fan el anuncio firmado por el dirigente gremial Claudio Dellacarbonara, el servicio se interrumpir\u00e1 de 5:30 a 10 en las l\u00edneas E y Premetro; de 10 a 14:30 en las l\u00edneas A y B; <strong>de 14:30 a 19 en las l\u00edneas C y D<\/strong>, y de 19 a fin del servicio en la H.<\/p>\n\n\n\n<p class=\"wp-block-paragraph\">Los metrodelegados indicaron que por el momento no se ven propuestas concretas para darle una soluci\u00f3n al conflicto por el asbesto, mientras que <strong>s\u00f3lo se obtuvo \u201cnegativas y dilaciones\u201d por parte de la empresa concesionaria Emova y el Gobierno porte\u00f1o<\/strong>.<\/p>\n\n\n\n<p class=\"wp-block-paragraph\">\u201cA pesar de haber demostrado una vez m\u00e1s nuestra buena voluntad <strong>suspendiendo las medidas de fuerza durante cuatro semanas frente a la convocatoria <\/strong>de la Subsecretaria de Trabajo de la Ciudad a una audiencia para discutir nuestra grav\u00edsima situaci\u00f3n, no hemos conseguido ninguna propuesta concreta para avanzar en su soluci\u00f3n\u201d, explicaron.<\/p>\n\n\n\n<p class=\"wp-block-paragraph\">\u201cSolo hemos obtenido negativas y dilaciones de parte del Gobierno de la Ciudad y la empresa concesionaria Emova como r<strong>espuesta a nuestros reclamos de desabestizaci\u00f3n integral de la red, cambio de flotas contaminadas, <\/strong>ingreso a vigilancia m\u00e9dica de todos los trabajadores y la reducci\u00f3n de la jornada laboral\u201d, agregaron.<\/p>\n\n\n\n<p class=\"wp-block-paragraph\">En el mismo sentido, expresaron que \u201ces inaudito que los responsables de dar una soluci\u00f3n inmediata a \u00e9sta crisis que ya <strong>provoc\u00f3 la muerte de tres trabajadores<\/strong>, la afectaci\u00f3n de la salud de otros 90 y que pone en riesgo la salud de millones de trabajadores, usuarios y vecinos, sigan incumpliendo normativas internacionales, leyes nacionales y fallos de la justicia Porte\u00f1a\u201d.<\/p>\n\n\n\n<p class=\"wp-block-paragraph\">\u201cLlamamos a los <strong>usuarios y vecinos a exigir junto a nosotros la soluci\u00f3n <\/strong>que corresponde a esta crisis de salud p\u00fablica bajo tierra\u201d, finalizaron.<\/p>\n","protected":false},"excerpt":{"rendered":"<p>La Asociaci\u00f3n Gremial de Trabajadores del Subterr\u00e1neo y Premetro (AGTSyP) anunci\u00f3 que el pr\u00f3ximo mi\u00e9rcoles se reanudar\u00e1n los paros rotativos en todas las l\u00edneas del servicio en reclamo de la eliminaci\u00f3n total en la red del asbesto, una sustancia sindicada como cancer\u00edgena. Los metrodelegados exigen una \u201csoluci\u00f3n\u201d a lo que califican como \u201cla crisis sanitaria&hellip;<\/p>\n","protected":false},"author":1,"featured_media":123743,"comment_status":"open","ping_status":"open","sticky":false,"template":"","format":"standard","meta":{"footnotes":""},"categories":[16],"tags":[7721,32646,2450,4711,67],"class_list":["post-123742","post","type-post","status-publish","format-standard","has-post-thumbnail","hentry","category-gremiales","tag-agtsyp","tag-crisis-sanitaria","tag-diario-el-sindical","tag-metrodelegados","tag-paro"],"_links":{"self":[{"href":"https:\/\/www.elsindical.com.ar\/notas\/wp-json\/wp\/v2\/posts\/123742","targetHints":{"allow":["GET"]}}],"collection":[{"href":"https:\/\/www.elsindical.com.ar\/notas\/wp-json\/wp\/v2\/posts"}],"about":[{"href":"https:\/\/www.elsindical.com.ar\/notas\/wp-json\/wp\/v2\/types\/post"}],"author":[{"embeddable":true,"href":"https:\/\/www.elsindical.com.ar\/notas\/wp-json\/wp\/v2\/users\/1"}],"replies":[{"embeddable":true,"href":"https:\/\/www.elsindical.com.ar\/notas\/wp-json\/wp\/v2\/comments?post=123742"}],"version-history":[{"count":1,"href":"https:\/\/www.elsindical.com.ar\/notas\/wp-json\/wp\/v2\/posts\/123742\/revisions"}],"predecessor-version":[{"id":123744,"href":"https:\/\/www.elsindical.com.ar\/notas\/wp-json\/wp\/v2\/posts\/123742\/revisions\/123744"}],"wp:featuredmedia":[{"embeddable":true,"href":"https:\/\/www.elsindical.com.ar\/notas\/wp-json\/wp\/v2\/media\/123743"}],"wp:attachment":[{"href":"https:\/\/www.elsindical.com.ar\/notas\/wp-json\/wp\/v2\/media?parent=123742"}],"wp:term":[{"taxonomy":"category","embeddable":true,"href":"https:\/\/www.elsindical.com.ar\/notas\/wp-json\/wp\/v2\/categories?post=123742"},{"taxonomy":"post_tag","embeddable":true,"href":"https:\/\/www.elsindical.com.ar\/notas\/wp-json\/wp\/v2\/tags?post=123742"}],"curies":[{"name":"wp","href":"https:\/\/api.w.org\/{rel}","templated":true}]}}