{"id":12372,"date":"2011-02-10T11:47:33","date_gmt":"2011-02-10T14:47:33","guid":{"rendered":"http:\/\/www.elsindical.com.ar\/notas\/?p=12372"},"modified":"2011-02-10T11:47:33","modified_gmt":"2011-02-10T14:47:33","slug":"detuvieron-a-geronimo-venegas-por-la-mafia-de-los-medicamentos","status":"publish","type":"post","link":"https:\/\/www.elsindical.com.ar\/notas\/detuvieron-a-geronimo-venegas-por-la-mafia-de-los-medicamentos\/","title":{"rendered":"Detuvieron a Ger\u00f3nimo Venegas por la mafia de los medicamentos"},"content":{"rendered":"<div>\n<p style=\"text-align: justify;\"><em><a href=\"http:\/\/www.elsindical.com.ar\/notas\/var\/www\/html\/notas\/wp-content\/uploads\/2010\/12\/Venegas-y-Eduardo-Duhalde.jpg\"><img loading=\"lazy\" decoding=\"async\" class=\"alignleft size-full wp-image-11447\" title=\"Venegas-y-Eduardo-Duhalde\" src=\"http:\/\/www.elsindical.com.ar\/notas\/var\/www\/html\/notas\/wp-content\/uploads\/2010\/12\/Venegas-y-Eduardo-Duhalde.jpg\" alt=\"\" width=\"295\" height=\"188\" \/><\/a>Se trata de <strong>Ger\u00f3nimo <\/strong>Momo <strong>Venegas<\/strong>, secretario general de la UATRE, y uno de los hombres del mundo sindical\u00a0m\u00e1s cercanos al ex presidente\u00a0Eduardo Duhalde. La medida fue ordenada por el juez Norberto Oyarbide, que investiga maniobras ilegales con los remedios. <strong>Por la misma causa ya est\u00e1 preso el jefe del gremio\u00a0bancario, Juan Jos\u00e9 Zanola.<\/strong><\/em>\u00a0<\/p>\n<\/div>\n<p style=\"text-align: justify;\">El juez federal Norberto Oyarbide solicit\u00f3 esta ma\u00f1ana la detenci\u00f3n de <strong>Ger\u00f3nimo \u00abMomo\u00bb Venegas<\/strong>, titular de la Uni\u00f3n Argentina de Trabajadores Rurales y Estibadores (UATRE) en el marco de la causa por la mafia de los medicamentos.<\/p>\n<p style=\"text-align: justify;\">Seg\u00fan trascendi\u00f3, el dirigente <strong>se encontrar\u00eda en una unidad carcelaria de la Polic\u00eda Federal<\/strong>, a donde se present\u00f3 para ponerse a disposici\u00f3n del magistrado.<\/p>\n<p>Venegas se desempe\u00f1a tambi\u00e9n como secretario general de las 62 organizaciones peronistas y es uno de los dirigentes m\u00e1s cercanos al ex presidente y ahora precandidato presidencial del Peronismo Federal Eduardo Duhalde.<\/p>\n<p style=\"text-align: justify;\">El pedido de detenci\u00f3n se enmarca en la investigaci\u00f3n que lleva adelante Oyarbide por las irregularidades en\u00a0la comercializaci\u00f3n de medicamentos a trav\u00e9s de las obras sociales sindicales.<\/p>\n<p style=\"text-align: justify;\"><strong>Por la causa se encuentra detenido el titular de la Asociaci\u00f3n Bancaria, Juan Carlos Zanola.<\/strong><\/p>\n","protected":false},"excerpt":{"rendered":"<p>Se trata de Ger\u00f3nimo Momo Venegas, secretario general de la UATRE, y uno de los hombres del mundo sindical\u00a0m\u00e1s cercanos al ex presidente\u00a0Eduardo Duhalde. La medida fue ordenada por el juez Norberto Oyarbide, que investiga maniobras ilegales con los remedios. Por la misma causa ya est\u00e1 preso el jefe del gremio\u00a0bancario, Juan Jos\u00e9 Zanola.\u00a0 El&hellip;<\/p>\n","protected":false},"author":1,"featured_media":0,"comment_status":"open","ping_status":"open","sticky":false,"template":"","format":"standard","meta":{"footnotes":""},"categories":[20],"tags":[890,1703,426,5807,1471,5642],"class_list":["post-12372","post","type-post","status-publish","format-standard","hentry","category-judiciales","tag-detencion","tag-eduardo-duhalde","tag-geronimo-venegas","tag-juez-federal-norberto-oyarbide","tag-mafia-de-los-medicamentos","tag-uatre"],"_links":{"self":[{"href":"https:\/\/www.elsindical.com.ar\/notas\/wp-json\/wp\/v2\/posts\/12372","targetHints":{"allow":["GET"]}}],"collection":[{"href":"https:\/\/www.elsindical.com.ar\/notas\/wp-json\/wp\/v2\/posts"}],"about":[{"href":"https:\/\/www.elsindical.com.ar\/notas\/wp-json\/wp\/v2\/types\/post"}],"author":[{"embeddable":true,"href":"https:\/\/www.elsindical.com.ar\/notas\/wp-json\/wp\/v2\/users\/1"}],"replies":[{"embeddable":true,"href":"https:\/\/www.elsindical.com.ar\/notas\/wp-json\/wp\/v2\/comments?post=12372"}],"version-history":[{"count":1,"href":"https:\/\/www.elsindical.com.ar\/notas\/wp-json\/wp\/v2\/posts\/12372\/revisions"}],"predecessor-version":[{"id":12373,"href":"https:\/\/www.elsindical.com.ar\/notas\/wp-json\/wp\/v2\/posts\/12372\/revisions\/12373"}],"wp:attachment":[{"href":"https:\/\/www.elsindical.com.ar\/notas\/wp-json\/wp\/v2\/media?parent=12372"}],"wp:term":[{"taxonomy":"category","embeddable":true,"href":"https:\/\/www.elsindical.com.ar\/notas\/wp-json\/wp\/v2\/categories?post=12372"},{"taxonomy":"post_tag","embeddable":true,"href":"https:\/\/www.elsindical.com.ar\/notas\/wp-json\/wp\/v2\/tags?post=12372"}],"curies":[{"name":"wp","href":"https:\/\/api.w.org\/{rel}","templated":true}]}}