{"id":123718,"date":"2023-07-03T13:44:41","date_gmt":"2023-07-03T16:44:41","guid":{"rendered":"https:\/\/www.elsindical.com.ar\/notas\/?p=123718"},"modified":"2023-07-04T14:20:34","modified_gmt":"2023-07-04T17:20:34","slug":"walter-quejeiro-el-candidato-a-intendente-de-quilmes-y-sus-bolu-frases","status":"publish","type":"post","link":"https:\/\/www.elsindical.com.ar\/notas\/walter-quejeiro-el-candidato-a-intendente-de-quilmes-y-sus-bolu-frases\/","title":{"rendered":"Walter Queijeiro el candidato a intendente de Quilmes y sus bolu frases"},"content":{"rendered":"\n<figure class=\"wp-block-image size-full\"><a href=\"https:\/\/www.elsindical.com.ar\/notas\/var\/www\/html\/notas\/wp-content\/uploads\/2023\/07\/Walter-Quejeiro-candidato-de-Quilmes.jpg\"><img loading=\"lazy\" decoding=\"async\" width=\"872\" height=\"579\" src=\"https:\/\/www.elsindical.com.ar\/notas\/var\/www\/html\/notas\/wp-content\/uploads\/2023\/07\/Walter-Quejeiro-candidato-de-Quilmes.jpg\" alt=\"\" class=\"wp-image-123719\" srcset=\"https:\/\/www.elsindical.com.ar\/notas\/var\/www\/html\/notas\/wp-content\/uploads\/2023\/07\/Walter-Quejeiro-candidato-de-Quilmes.jpg 872w, https:\/\/www.elsindical.com.ar\/notas\/var\/www\/html\/notas\/wp-content\/uploads\/2023\/07\/Walter-Quejeiro-candidato-de-Quilmes-300x199.jpg 300w, https:\/\/www.elsindical.com.ar\/notas\/var\/www\/html\/notas\/wp-content\/uploads\/2023\/07\/Walter-Quejeiro-candidato-de-Quilmes-768x510.jpg 768w, https:\/\/www.elsindical.com.ar\/notas\/var\/www\/html\/notas\/wp-content\/uploads\/2023\/07\/Walter-Quejeiro-candidato-de-Quilmes-452x300.jpg 452w\" sizes=\"auto, (max-width: 872px) 100vw, 872px\" \/><\/a><\/figure>\n\n\n\n<p class=\"wp-block-paragraph\">   El medi\u00e1tico conductor Walter Quejeiro, parece haberle gustado la pol\u00edtica y si bien su paso como concejal por Quilmes fue la nada misma dejando una mala imagen como legislador local, por la falta de proyectos y ausencias a las sesiones, ahora quiere ser intendente pero esta vez alineado al sector de Patricia Bullrich, donde no importan las ideas, alcanza con frases que estimulen los aplausos de la derecha tonta que cree que se vive mejor castigando a los que menos tienen.<\/p>\n\n\n\n<p class=\"wp-block-paragraph\">En el a\u00f1o 2015 lo hizo pero bajo el sello del Frente Renovador de Sergio Massa, ahora parece que Queijeiro quiere ser un halc\u00f3n y deber\u00e1 enfrentar al otro candidato fuerte y ex intendente Martiniano Molina del mismo espacio.<\/p>\n\n\n<div class=\"wp-block-image\">\n<figure class=\"aligncenter size-full\"><a href=\"https:\/\/www.elsindical.com.ar\/notas\/var\/www\/html\/notas\/wp-content\/uploads\/2023\/07\/Nestor-Walter-y-Patricia.jpeg\"><img loading=\"lazy\" decoding=\"async\" width=\"654\" height=\"654\" src=\"https:\/\/www.elsindical.com.ar\/notas\/var\/www\/html\/notas\/wp-content\/uploads\/2023\/07\/Nestor-Walter-y-Patricia.jpeg\" alt=\"\" class=\"wp-image-123720\" srcset=\"https:\/\/www.elsindical.com.ar\/notas\/var\/www\/html\/notas\/wp-content\/uploads\/2023\/07\/Nestor-Walter-y-Patricia.jpeg 654w, https:\/\/www.elsindical.com.ar\/notas\/var\/www\/html\/notas\/wp-content\/uploads\/2023\/07\/Nestor-Walter-y-Patricia-300x300.jpeg 300w, https:\/\/www.elsindical.com.ar\/notas\/var\/www\/html\/notas\/wp-content\/uploads\/2023\/07\/Nestor-Walter-y-Patricia-150x150.jpeg 150w, https:\/\/www.elsindical.com.ar\/notas\/var\/www\/html\/notas\/wp-content\/uploads\/2023\/07\/Nestor-Walter-y-Patricia-50x50.jpeg 50w\" sizes=\"auto, (max-width: 654px) 100vw, 654px\" \/><\/a><\/figure>\n<\/div>\n\n\n<p class=\"wp-block-paragraph\"><strong>\u201cCon Patricia Bullrich y N\u00e9stor Grindetti vamos a poner orden en el pa\u00eds, en la provincia y en Quilmes. Tenemos la experiencia y el coraje necesarios para hacer un cambio profundo.\u201d<\/strong><\/p>\n\n\n\n<p class=\"wp-block-paragraph\">Bueno, si hay algo que les ha faltado a Bullrich y a Grindetti en sus gestiones de gobierno es orden y transparencia, lo que demuestra el desconocimiento que tiene de la historia pol\u00edtica el candidato.<\/p>\n\n\n\n<p class=\"wp-block-paragraph\">\u00ab<strong>Estoy dispuesto a enfrentar a quien sea. Fui uno de los primeros famosos, por decirlo de alguna manera, que se vio preocupado por la realidad de Quilmes y cuando tuve que pasar por elecciones enfrent\u00e9 a todos los sectores que dec\u00edan que ten\u00edan estructura para ganarme. Me toc\u00f3 ganar y me toc\u00f3 perder<\/strong>\u00ab.<\/p>\n\n\n\n<p class=\"wp-block-paragraph\">Ah mira vos, tu m\u00e9rito es que sos famoso y te dignaste a bajar a preocuparte por los quilme\u00f1os, \u00bfese es tu m\u00e9rito?, raro lo tuyo por no decir pat\u00e9tico.<\/p>\n\n\n\n<p class=\"wp-block-paragraph\"><strong>Si soy electo intendente de Quilmes conmigo la \u00abGuardia Urbana desaparece\u00bb,me da pena los chicos que andan todo el d\u00eda con el celular jugando al Candy Crush,los que est\u00e9n capacitados ser\u00e1n insertados en la polic\u00eda de la provincia.<\/strong><\/p>\n\n\n\n<p class=\"wp-block-paragraph\">Otra bolu frase, hablar ligeramente de hacer desaparecer, puestos de trabajo, con una afirmaci\u00f3n improbable ya que cuesta creer que todos jueguen al Candy Crush, para entrar solo en una contradicci\u00f3n, al decir que los que est\u00e9n capacitados ser\u00e1n insertados en la polic\u00eda de la provincia, evidenciando que la lectura y la capacitaci\u00f3n no es lo suyo. Una cosa son empleados municipales y otra funcionario policiales provinciales que tienen un r\u00e9gimen de ingreso, no son insertados, otro mal uso de una definici\u00f3n como usar el t\u00e9rmino desaparecer.<\/p>\n\n\n\n<p class=\"wp-block-paragraph\"><strong>Si soy electo intendente de Quilmes conmigo se terminan los \u00ab\u00d1oquis\u00bb del municipio, el que no pueda justificar su empleo ser\u00e1 cesanteado.<\/strong><\/p>\n\n\n\n<p class=\"wp-block-paragraph\">Otra frase tonta para la tribuna y carente de l\u00f3gica que nos muestra un candidato muy limitado intelectualmente, el empleo se justifica con el nombramiento, los \u00f1oquis son nombrados por contrato o la modalidad que quieran pero no deben justificar su empleo, en todo caso deber\u00e1n cumplir con las funciones para las que fueron incorporados que no es lo mismo que lo que dice el candidato, le comento a Walter que gran parte del equipo de campa\u00f1a de Bullrich, esos que parecen militantes, son \u00f1oquis de CABA con contratos de asesores, pero sin cumplir otra funci\u00f3n que hacer de militantes para las fotos y los videos.<\/p>\n\n\n\n<p class=\"wp-block-paragraph\">Vecinos de Quilmes no sean cholulos y piensen a quien van a votar, sino despu\u00e9s no se quejen.<\/p>\n\n\n\n<p class=\"wp-block-paragraph\"><\/p>\n\n\n\n<p class=\"wp-block-paragraph\">Por Marcelo Ricardo Hawrylciw<\/p>\n","protected":false},"excerpt":{"rendered":"<p>El medi\u00e1tico conductor Walter Quejeiro, parece haberle gustado la pol\u00edtica y si bien su paso como concejal por Quilmes fue la nada misma dejando una mala imagen como legislador local, por la falta de proyectos y ausencias a las sesiones, ahora quiere ser intendente pero esta vez alineado al sector de Patricia Bullrich, donde no&hellip;<\/p>\n","protected":false},"author":1,"featured_media":123719,"comment_status":"open","ping_status":"open","sticky":false,"template":"","format":"standard","meta":{"footnotes":""},"categories":[10,13],"tags":[5673,2450,40556,22674,5025,1241,30,684,19422],"class_list":["post-123718","post","type-post","status-publish","format-standard","has-post-thumbnail","hentry","category-editorial","category-politica","tag-candidato","tag-diario-el-sindical","tag-guardia-urbana","tag-martiniano-molina","tag-nestor-grindetti","tag-patricia-bullrich","tag-policia","tag-quilmes","tag-walter-queijeiro"],"_links":{"self":[{"href":"https:\/\/www.elsindical.com.ar\/notas\/wp-json\/wp\/v2\/posts\/123718","targetHints":{"allow":["GET"]}}],"collection":[{"href":"https:\/\/www.elsindical.com.ar\/notas\/wp-json\/wp\/v2\/posts"}],"about":[{"href":"https:\/\/www.elsindical.com.ar\/notas\/wp-json\/wp\/v2\/types\/post"}],"author":[{"embeddable":true,"href":"https:\/\/www.elsindical.com.ar\/notas\/wp-json\/wp\/v2\/users\/1"}],"replies":[{"embeddable":true,"href":"https:\/\/www.elsindical.com.ar\/notas\/wp-json\/wp\/v2\/comments?post=123718"}],"version-history":[{"count":2,"href":"https:\/\/www.elsindical.com.ar\/notas\/wp-json\/wp\/v2\/posts\/123718\/revisions"}],"predecessor-version":[{"id":123753,"href":"https:\/\/www.elsindical.com.ar\/notas\/wp-json\/wp\/v2\/posts\/123718\/revisions\/123753"}],"wp:featuredmedia":[{"embeddable":true,"href":"https:\/\/www.elsindical.com.ar\/notas\/wp-json\/wp\/v2\/media\/123719"}],"wp:attachment":[{"href":"https:\/\/www.elsindical.com.ar\/notas\/wp-json\/wp\/v2\/media?parent=123718"}],"wp:term":[{"taxonomy":"category","embeddable":true,"href":"https:\/\/www.elsindical.com.ar\/notas\/wp-json\/wp\/v2\/categories?post=123718"},{"taxonomy":"post_tag","embeddable":true,"href":"https:\/\/www.elsindical.com.ar\/notas\/wp-json\/wp\/v2\/tags?post=123718"}],"curies":[{"name":"wp","href":"https:\/\/api.w.org\/{rel}","templated":true}]}}