{"id":123709,"date":"2023-07-03T01:43:53","date_gmt":"2023-07-03T04:43:53","guid":{"rendered":"https:\/\/www.elsindical.com.ar\/notas\/?p=123709"},"modified":"2023-07-03T02:01:36","modified_gmt":"2023-07-03T05:01:36","slug":"avellaneda-otro-violento-robo-a-un-anciano-en-medio-de-una-ola-de-inseguridad","status":"publish","type":"post","link":"https:\/\/www.elsindical.com.ar\/notas\/avellaneda-otro-violento-robo-a-un-anciano-en-medio-de-una-ola-de-inseguridad\/","title":{"rendered":"Avellaneda: Otro violento robo a un anciano en medio de una ola de inseguridad"},"content":{"rendered":"\n<figure class=\"wp-block-image size-large\"><a href=\"https:\/\/www.elsindical.com.ar\/notas\/var\/www\/html\/notas\/wp-content\/uploads\/2023\/07\/asalta-a-anciano-en-Avellaneda.jpg\"><img loading=\"lazy\" decoding=\"async\" width=\"1024\" height=\"476\" src=\"https:\/\/www.elsindical.com.ar\/notas\/var\/www\/html\/notas\/wp-content\/uploads\/2023\/07\/asalta-a-anciano-en-Avellaneda-1024x476.jpg\" alt=\"\" class=\"wp-image-123710\" srcset=\"https:\/\/www.elsindical.com.ar\/notas\/var\/www\/html\/notas\/wp-content\/uploads\/2023\/07\/asalta-a-anciano-en-Avellaneda-1024x476.jpg 1024w, https:\/\/www.elsindical.com.ar\/notas\/var\/www\/html\/notas\/wp-content\/uploads\/2023\/07\/asalta-a-anciano-en-Avellaneda-300x139.jpg 300w, https:\/\/www.elsindical.com.ar\/notas\/var\/www\/html\/notas\/wp-content\/uploads\/2023\/07\/asalta-a-anciano-en-Avellaneda-768x357.jpg 768w, https:\/\/www.elsindical.com.ar\/notas\/var\/www\/html\/notas\/wp-content\/uploads\/2023\/07\/asalta-a-anciano-en-Avellaneda-500x232.jpg 500w, https:\/\/www.elsindical.com.ar\/notas\/var\/www\/html\/notas\/wp-content\/uploads\/2023\/07\/asalta-a-anciano-en-Avellaneda.jpg 1464w\" sizes=\"auto, (max-width: 1024px) 100vw, 1024px\" \/><\/a><\/figure>\n\n\n\n<p>   Tal como lo adelantamos desde El Sindical, el municipio de Avellaneda se encuentra pasando por una intensa ola de inseguridad, donde todos los d\u00edas se registran varios robos violentos cuyas principales v\u00edctimas son menores de edad, mujeres y ancianos.<\/p>\n\n\n\n<p>El intendente Jorge Ferraresi, lejos de asumir su responsabilidad como jefe comunal y de ser quien eligi\u00f3 a los jefes policiales locales, adem\u00e1s de sostener en el cargo a Alejo Chornobroff que ha demostrado no solo ser in\u00fatil para el puesto, sino que tampoco ha demostrado compromiso alguno, salvo mostrar en alguna foto entregando m\u00f3viles o rodeado de nuevos polic\u00edas, pero sin coordinaci\u00f3n y trabajo nada de eso sirve y en los resultados est\u00e1 la evidencia.<\/p>\n\n\n\n<figure class=\"wp-block-image size-large\"><a href=\"https:\/\/www.elsindical.com.ar\/notas\/var\/www\/html\/notas\/wp-content\/uploads\/2023\/07\/Ferraresi-y-policias.jpeg\"><img loading=\"lazy\" decoding=\"async\" width=\"1024\" height=\"576\" src=\"https:\/\/www.elsindical.com.ar\/notas\/var\/www\/html\/notas\/wp-content\/uploads\/2023\/07\/Ferraresi-y-policias-1024x576.jpeg\" alt=\"\" class=\"wp-image-123713\" srcset=\"https:\/\/www.elsindical.com.ar\/notas\/var\/www\/html\/notas\/wp-content\/uploads\/2023\/07\/Ferraresi-y-policias-1024x576.jpeg 1024w, https:\/\/www.elsindical.com.ar\/notas\/var\/www\/html\/notas\/wp-content\/uploads\/2023\/07\/Ferraresi-y-policias-300x169.jpeg 300w, https:\/\/www.elsindical.com.ar\/notas\/var\/www\/html\/notas\/wp-content\/uploads\/2023\/07\/Ferraresi-y-policias-768x432.jpeg 768w, https:\/\/www.elsindical.com.ar\/notas\/var\/www\/html\/notas\/wp-content\/uploads\/2023\/07\/Ferraresi-y-policias-500x281.jpeg 500w, https:\/\/www.elsindical.com.ar\/notas\/var\/www\/html\/notas\/wp-content\/uploads\/2023\/07\/Ferraresi-y-policias-460x260.jpeg 460w, https:\/\/www.elsindical.com.ar\/notas\/var\/www\/html\/notas\/wp-content\/uploads\/2023\/07\/Ferraresi-y-policias.jpeg 1040w\" sizes=\"auto, (max-width: 1024px) 100vw, 1024px\" \/><\/a><\/figure>\n\n\n\n<p>En lo policial el principal responsable es el Jefe de Estaci\u00f3n el Comisario Mayor Gregorio Mart\u00ednez quien lleg\u00f3 al cargo por el poyo pol\u00edtico del intendente, pero sin m\u00e9rito alguno por su trabajo policial donde ha sido un mediocre jefe, las consecuencias de las malas decisiones pol\u00edticas las pagan los vecinos.<\/p>\n\n\n\n<p><strong>Un comerciante de 77 a\u00f1os fue salvajemente agredido por dos ladrones <\/strong>quienes lo interceptaron en la puerta de su casa de Sarand\u00ed, en el partido de Avellaneda, cuando regresaba de su comercio y estaba hablando por tel\u00e9fono.<\/p>\n\n\n\n<p>La v\u00edctima hab\u00eda estacionado su auto alrededor de las 18:00 hs. del jueves, frente a su casa en Herrera al 200 cuando, desde la esquina de Estanislao Zeballos <strong>llegaron dos ladrones corriendo y empu\u00f1ando armas de fuego <\/strong>quienes rodearon a la v\u00edctima, la amenazaron y le quitaron el tel\u00e9fono celular.<\/p>\n\n\n\n<p>Instantes despu\u00e9s se sum\u00f3 un tercer c\u00f3mplice y le exigieron las llaves, pero el asaltado <strong>las arroj\u00f3 a la casa vecina ante lo cual uno de los ladrones, en represalia le dio un culatazo que le abri\u00f3 la cabeza<\/strong>, mientras otro le rob\u00f3 la billetera.<\/p>\n\n\n\n<p>Alertados, <strong>algunos vecinos comenzaron a gritar y los ladrones se fugaron en direcci\u00f3n a las v\u00edas del tren Roca.<\/strong><\/p>\n\n\n\n<p>El hombre <strong>fue r\u00e1pidamente auxiliado <\/strong>y, hasta el momento, no hubo novedades sobre los agresores.<\/p>\n\n\n\n<figure class=\"wp-block-video\"><video height=\"720\" style=\"aspect-ratio: 1280 \/ 720;\" width=\"1280\" controls src=\"https:\/\/www.elsindical.com.ar\/notas\/var\/www\/html\/notas\/wp-content\/uploads\/2023\/07\/robo-jubilado-avellaneda-1.mp4\"><\/video><\/figure>\n","protected":false},"excerpt":{"rendered":"<p>Tal como lo adelantamos desde El Sindical, el municipio de Avellaneda se encuentra pasando por una intensa ola de inseguridad, donde todos los d\u00edas se registran varios robos violentos cuyas principales v\u00edctimas son menores de edad, mujeres y ancianos. El intendente Jorge Ferraresi, lejos de asumir su responsabilidad como jefe comunal y de ser quien&hellip;<\/p>\n","protected":false},"author":1,"featured_media":123710,"comment_status":"open","ping_status":"open","sticky":false,"template":"","format":"standard","meta":{"footnotes":""},"categories":[22],"tags":[30014,461,34470,2450,984,1062,1174,986,30260,318],"class_list":["post-123709","post","type-post","status-publish","format-standard","has-post-thumbnail","hentry","category-policiales","tag-alejo-chornobroff","tag-avellaneda","tag-comisario-mayor-gregorio-martinez","tag-diario-el-sindical","tag-inseguridad","tag-jorge-ferraresi","tag-robos","tag-vecinos","tag-victimas-2","tag-violencia"],"_links":{"self":[{"href":"https:\/\/www.elsindical.com.ar\/notas\/wp-json\/wp\/v2\/posts\/123709","targetHints":{"allow":["GET"]}}],"collection":[{"href":"https:\/\/www.elsindical.com.ar\/notas\/wp-json\/wp\/v2\/posts"}],"about":[{"href":"https:\/\/www.elsindical.com.ar\/notas\/wp-json\/wp\/v2\/types\/post"}],"author":[{"embeddable":true,"href":"https:\/\/www.elsindical.com.ar\/notas\/wp-json\/wp\/v2\/users\/1"}],"replies":[{"embeddable":true,"href":"https:\/\/www.elsindical.com.ar\/notas\/wp-json\/wp\/v2\/comments?post=123709"}],"version-history":[{"count":2,"href":"https:\/\/www.elsindical.com.ar\/notas\/wp-json\/wp\/v2\/posts\/123709\/revisions"}],"predecessor-version":[{"id":123714,"href":"https:\/\/www.elsindical.com.ar\/notas\/wp-json\/wp\/v2\/posts\/123709\/revisions\/123714"}],"wp:featuredmedia":[{"embeddable":true,"href":"https:\/\/www.elsindical.com.ar\/notas\/wp-json\/wp\/v2\/media\/123710"}],"wp:attachment":[{"href":"https:\/\/www.elsindical.com.ar\/notas\/wp-json\/wp\/v2\/media?parent=123709"}],"wp:term":[{"taxonomy":"category","embeddable":true,"href":"https:\/\/www.elsindical.com.ar\/notas\/wp-json\/wp\/v2\/categories?post=123709"},{"taxonomy":"post_tag","embeddable":true,"href":"https:\/\/www.elsindical.com.ar\/notas\/wp-json\/wp\/v2\/tags?post=123709"}],"curies":[{"name":"wp","href":"https:\/\/api.w.org\/{rel}","templated":true}]}}