{"id":123599,"date":"2023-06-28T00:46:28","date_gmt":"2023-06-28T03:46:28","guid":{"rendered":"https:\/\/www.elsindical.com.ar\/notas\/?p=123599"},"modified":"2023-06-28T00:46:28","modified_gmt":"2023-06-28T03:46:28","slug":"el-enre-difundio-la-multa-a-edesur-por-los-cortes-de-luz-de-marzo","status":"publish","type":"post","link":"https:\/\/www.elsindical.com.ar\/notas\/el-enre-difundio-la-multa-a-edesur-por-los-cortes-de-luz-de-marzo\/","title":{"rendered":"El ENRE difundi\u00f3 la multa a Edesur por los cortes de luz de marzo"},"content":{"rendered":"\n<figure class=\"wp-block-image size-large\"><a href=\"https:\/\/www.elsindical.com.ar\/notas\/var\/www\/html\/notas\/wp-content\/uploads\/2021\/08\/Edesur-oficina.jpg\"><img loading=\"lazy\" decoding=\"async\" width=\"1024\" height=\"576\" src=\"https:\/\/www.elsindical.com.ar\/notas\/var\/www\/html\/notas\/wp-content\/uploads\/2021\/08\/Edesur-oficina-1024x576.jpg\" alt=\"\" class=\"wp-image-106819\" srcset=\"https:\/\/www.elsindical.com.ar\/notas\/var\/www\/html\/notas\/wp-content\/uploads\/2021\/08\/Edesur-oficina-1024x576.jpg 1024w, https:\/\/www.elsindical.com.ar\/notas\/var\/www\/html\/notas\/wp-content\/uploads\/2021\/08\/Edesur-oficina-300x169.jpg 300w, https:\/\/www.elsindical.com.ar\/notas\/var\/www\/html\/notas\/wp-content\/uploads\/2021\/08\/Edesur-oficina-768x432.jpg 768w, https:\/\/www.elsindical.com.ar\/notas\/var\/www\/html\/notas\/wp-content\/uploads\/2021\/08\/Edesur-oficina-500x281.jpg 500w, https:\/\/www.elsindical.com.ar\/notas\/var\/www\/html\/notas\/wp-content\/uploads\/2021\/08\/Edesur-oficina-460x260.jpg 460w, https:\/\/www.elsindical.com.ar\/notas\/var\/www\/html\/notas\/wp-content\/uploads\/2021\/08\/Edesur-oficina.jpg 1200w\" sizes=\"auto, (max-width: 1024px) 100vw, 1024px\" \/><\/a><\/figure>\n\n\n\n<p>Es de 471 millones de pesos. La empresa debe resarcir a usuarios.<\/p>\n\n\n\n<p>La distribuidora de energ\u00eda el\u00e9ctrica <strong>Edesur deber\u00e1 resarcir con $ 471 millones a m\u00e1s de doscientos mil usuarios que entre el 6 y el 20 de marzo<\/strong> estuvieron afectados por cortes de suministro con una duraci\u00f3n m\u00ednima de 10 horas.<\/p>\n\n\n\n<p>As\u00ed lo determin\u00f3 el Ente Nacional Regulador de la Electricidad (ENRE) cuyo interventor, <a rel=\"noreferrer noopener\" href=\"https:\/\/twitter.com\/WalterMartello\" target=\"_blank\">Walter Martello<\/a>, comunic\u00f3 que <strong>la empresa deber\u00e1 pagar un total de $ 471.080.973 como resarcimiento a 202.287 usuarios por los cortes en el servicio.<\/strong><\/p>\n\n\n\n<p>En un comunicado, el organismo se\u00f1al\u00f3 hoy que \u201cesta es la tercera de una serie de sanciones que el Ente aplic\u00f3 a Edesur por la sucesi\u00f3n de afectaciones extraordinarias registradas entre diciembre de 2022 y marzo de 2023, que totalizan hasta el momento m\u00e1s de $ 730 millones en resarcimientos a 339.609 usuarios\u201d.<\/p>\n\n\n\n<p><strong>El monto que recibir\u00e1 cada usuario se determinar\u00e1 en funci\u00f3n de la cantidad y la duraci\u00f3n de los cortes sucedidos en el per\u00edodo en cuesti\u00f3n, sin perjuicio de los reclamos iniciados y de otras sanciones que pueda aplicar el Ente.<\/strong><\/p>\n\n\n\n<p>Los resarcimientos se acreditar\u00e1n de manera autom\u00e1tica en cada factura a partir de las pr\u00f3ximas liquidaciones emitidas, y podr\u00e1n identificarse a trav\u00e9s de la leyenda \u201cResoluci\u00f3n ENRE N\u00b0306\/2023\u201d.<\/p>\n\n\n\n<p>Al respecto de esta nueva multa, Martello advirti\u00f3 que \u201cpor cada incumplimiento de las empresas distribuidoras aplicaremos la m\u00e1xima sanci\u00f3n que nos permita el contrato de concesi\u00f3n\u201d. <strong>\u201cEs fundamental que los usuarios reclamen tanto a las empresas como al ENRE, para que podamos seguir aplicando este tipo de sanciones\u201d, sostuvo.<\/strong><\/p>\n","protected":false},"excerpt":{"rendered":"<p>Es de 471 millones de pesos. La empresa debe resarcir a usuarios. La distribuidora de energ\u00eda el\u00e9ctrica Edesur deber\u00e1 resarcir con $ 471 millones a m\u00e1s de doscientos mil usuarios que entre el 6 y el 20 de marzo estuvieron afectados por cortes de suministro con una duraci\u00f3n m\u00ednima de 10 horas. As\u00ed lo determin\u00f3&hellip;<\/p>\n","protected":false},"author":1,"featured_media":106819,"comment_status":"open","ping_status":"open","sticky":false,"template":"","format":"standard","meta":{"footnotes":""},"categories":[13],"tags":[9877,2450,374,3764,1123,376,27220],"class_list":["post-123599","post","type-post","status-publish","format-standard","has-post-thumbnail","hentry","category-politica","tag-cortes-de-luz","tag-diario-el-sindical","tag-edesur","tag-enre","tag-multa","tag-usuarios","tag-walter-martello"],"_links":{"self":[{"href":"https:\/\/www.elsindical.com.ar\/notas\/wp-json\/wp\/v2\/posts\/123599","targetHints":{"allow":["GET"]}}],"collection":[{"href":"https:\/\/www.elsindical.com.ar\/notas\/wp-json\/wp\/v2\/posts"}],"about":[{"href":"https:\/\/www.elsindical.com.ar\/notas\/wp-json\/wp\/v2\/types\/post"}],"author":[{"embeddable":true,"href":"https:\/\/www.elsindical.com.ar\/notas\/wp-json\/wp\/v2\/users\/1"}],"replies":[{"embeddable":true,"href":"https:\/\/www.elsindical.com.ar\/notas\/wp-json\/wp\/v2\/comments?post=123599"}],"version-history":[{"count":1,"href":"https:\/\/www.elsindical.com.ar\/notas\/wp-json\/wp\/v2\/posts\/123599\/revisions"}],"predecessor-version":[{"id":123600,"href":"https:\/\/www.elsindical.com.ar\/notas\/wp-json\/wp\/v2\/posts\/123599\/revisions\/123600"}],"wp:featuredmedia":[{"embeddable":true,"href":"https:\/\/www.elsindical.com.ar\/notas\/wp-json\/wp\/v2\/media\/106819"}],"wp:attachment":[{"href":"https:\/\/www.elsindical.com.ar\/notas\/wp-json\/wp\/v2\/media?parent=123599"}],"wp:term":[{"taxonomy":"category","embeddable":true,"href":"https:\/\/www.elsindical.com.ar\/notas\/wp-json\/wp\/v2\/categories?post=123599"},{"taxonomy":"post_tag","embeddable":true,"href":"https:\/\/www.elsindical.com.ar\/notas\/wp-json\/wp\/v2\/tags?post=123599"}],"curies":[{"name":"wp","href":"https:\/\/api.w.org\/{rel}","templated":true}]}}