{"id":123596,"date":"2023-06-28T00:42:49","date_gmt":"2023-06-28T03:42:49","guid":{"rendered":"https:\/\/www.elsindical.com.ar\/notas\/?p=123596"},"modified":"2023-06-28T00:42:50","modified_gmt":"2023-06-28T03:42:50","slug":"taty-almeida-en-el-concejo-deliberante-de-avellaneda","status":"publish","type":"post","link":"https:\/\/www.elsindical.com.ar\/notas\/taty-almeida-en-el-concejo-deliberante-de-avellaneda\/","title":{"rendered":"Taty Almeida en el Concejo Deliberante de Avellaneda"},"content":{"rendered":"\n<figure class=\"wp-block-image size-large\"><a href=\"https:\/\/www.elsindical.com.ar\/notas\/var\/www\/html\/notas\/wp-content\/uploads\/2023\/06\/Taty-Almeida.jpg\"><img loading=\"lazy\" decoding=\"async\" width=\"1024\" height=\"576\" src=\"https:\/\/www.elsindical.com.ar\/notas\/var\/www\/html\/notas\/wp-content\/uploads\/2023\/06\/Taty-Almeida-1024x576.jpg\" alt=\"\" class=\"wp-image-123597\" srcset=\"https:\/\/www.elsindical.com.ar\/notas\/var\/www\/html\/notas\/wp-content\/uploads\/2023\/06\/Taty-Almeida-1024x576.jpg 1024w, https:\/\/www.elsindical.com.ar\/notas\/var\/www\/html\/notas\/wp-content\/uploads\/2023\/06\/Taty-Almeida-300x169.jpg 300w, https:\/\/www.elsindical.com.ar\/notas\/var\/www\/html\/notas\/wp-content\/uploads\/2023\/06\/Taty-Almeida-768x432.jpg 768w, https:\/\/www.elsindical.com.ar\/notas\/var\/www\/html\/notas\/wp-content\/uploads\/2023\/06\/Taty-Almeida-500x281.jpg 500w, https:\/\/www.elsindical.com.ar\/notas\/var\/www\/html\/notas\/wp-content\/uploads\/2023\/06\/Taty-Almeida-1536x864.jpg 1536w, https:\/\/www.elsindical.com.ar\/notas\/var\/www\/html\/notas\/wp-content\/uploads\/2023\/06\/Taty-Almeida-460x260.jpg 460w, https:\/\/www.elsindical.com.ar\/notas\/var\/www\/html\/notas\/wp-content\/uploads\/2023\/06\/Taty-Almeida.jpg 1600w\" sizes=\"auto, (max-width: 1024px) 100vw, 1024px\" \/><\/a><\/figure>\n\n\n\n<p>La referente de Derechos Humanos visitar\u00e1 el viernes la muestra fotogr\u00e1fica \u00abMadres de Plaza de Mayo y la Resistencia Popular\u00bb.<\/p>\n\n\n\n<p><strong>Una emblem\u00e1tica muestra fotogr\u00e1fica que recogi\u00f3 el testimonio de las Madres de Plaza de Mayo en la b\u00fasqueda de sus hijos durante la dictadura c\u00edvico militar tendr\u00e1 este viernes como invitada en el Concejo Deliberante de Avellaneda a Taty Almeida<\/strong>, referente de Madres de Plaza de Mayo L\u00ednea Fundadora, quien recorrer\u00e1 la exhibici\u00f3n junto a la fot\u00f3grafa M\u00f3nica Hasenberg.<\/p>\n\n\n\n<p>La exposici\u00f3n <strong>\u201cMadres de Plaza de Mayo y la Resistencia Popular\u201d<\/strong>, fotograf\u00edas del Archivo Hasenberg-Quaretti, se exhibe como parte del ciclo llevado a cabo por la Secretar\u00eda de Cultura y Promoci\u00f3n de las Artes de la <a href=\"https:\/\/twitter.com\/gestion_a\" target=\"_blank\" rel=\"noreferrer noopener\">Municipalidad de Avellaneda<\/a>, que junto al Concejo Deliberante, celebra los 40 a\u00f1os de la recuperaci\u00f3n democr\u00e1tica.<\/p>\n\n\n\n<p><strong>Las im\u00e1genes expuestas desde el 5 de junio registran las marchas de Madres en tiempos de dictadura y principios de la democracia y podr\u00e1n verse hasta el 28 de julio, cuando finalicen las vacaciones de invierno en la provincia de Buenos Aires.<\/strong><\/p>\n\n\n\n<p>El archivo fotogr\u00e1fico de la familia Hasenberg-Quaretti, cuenta con 45 mil fotograf\u00edas que reflejan la vida pol\u00edtica, social y cultural de la Argentina entre los a\u00f1os 1979 y 1989.<\/p>\n\n\n\n<p><strong>Ese archivo fue declarado de inter\u00e9s cultural por el Congreso de la Naci\u00f3n y donado por la familia a la Universidad de Buenos Aires<\/strong>, mientras que la fot\u00f3grafa M\u00f3nica Hasenberg fue declarada Personalidad Destacada por su lucha por los Derechos Humanos en m\u00faltiples ocasiones, se inform\u00f3 en un comunicado.<\/p>\n\n\n\n<p>El encuentro con Taty Almeida, integrante de Madres l\u00ednea fundadora, tendr\u00e1 lugar este viernes a las 17 en la calle Berisso 1383 de la localidad de Avellaneda.<\/p>\n","protected":false},"excerpt":{"rendered":"<p>La referente de Derechos Humanos visitar\u00e1 el viernes la muestra fotogr\u00e1fica \u00abMadres de Plaza de Mayo y la Resistencia Popular\u00bb. Una emblem\u00e1tica muestra fotogr\u00e1fica que recogi\u00f3 el testimonio de las Madres de Plaza de Mayo en la b\u00fasqueda de sus hijos durante la dictadura c\u00edvico militar tendr\u00e1 este viernes como invitada en el Concejo Deliberante&hellip;<\/p>\n","protected":false},"author":1,"featured_media":123597,"comment_status":"open","ping_status":"open","sticky":false,"template":"","format":"standard","meta":{"footnotes":""},"categories":[8],"tags":[1765,2450,19428,3185,40527,32218],"class_list":["post-123596","post","type-post","status-publish","format-standard","has-post-thumbnail","hentry","category-derechos-humanos","tag-ddhh","tag-diario-el-sindical","tag-hcd-avellaneda","tag-madres-de-plaza-de-mayo","tag-monica-hasenberg","tag-taty-almeida"],"_links":{"self":[{"href":"https:\/\/www.elsindical.com.ar\/notas\/wp-json\/wp\/v2\/posts\/123596","targetHints":{"allow":["GET"]}}],"collection":[{"href":"https:\/\/www.elsindical.com.ar\/notas\/wp-json\/wp\/v2\/posts"}],"about":[{"href":"https:\/\/www.elsindical.com.ar\/notas\/wp-json\/wp\/v2\/types\/post"}],"author":[{"embeddable":true,"href":"https:\/\/www.elsindical.com.ar\/notas\/wp-json\/wp\/v2\/users\/1"}],"replies":[{"embeddable":true,"href":"https:\/\/www.elsindical.com.ar\/notas\/wp-json\/wp\/v2\/comments?post=123596"}],"version-history":[{"count":1,"href":"https:\/\/www.elsindical.com.ar\/notas\/wp-json\/wp\/v2\/posts\/123596\/revisions"}],"predecessor-version":[{"id":123598,"href":"https:\/\/www.elsindical.com.ar\/notas\/wp-json\/wp\/v2\/posts\/123596\/revisions\/123598"}],"wp:featuredmedia":[{"embeddable":true,"href":"https:\/\/www.elsindical.com.ar\/notas\/wp-json\/wp\/v2\/media\/123597"}],"wp:attachment":[{"href":"https:\/\/www.elsindical.com.ar\/notas\/wp-json\/wp\/v2\/media?parent=123596"}],"wp:term":[{"taxonomy":"category","embeddable":true,"href":"https:\/\/www.elsindical.com.ar\/notas\/wp-json\/wp\/v2\/categories?post=123596"},{"taxonomy":"post_tag","embeddable":true,"href":"https:\/\/www.elsindical.com.ar\/notas\/wp-json\/wp\/v2\/tags?post=123596"}],"curies":[{"name":"wp","href":"https:\/\/api.w.org\/{rel}","templated":true}]}}