{"id":123564,"date":"2023-06-27T00:19:46","date_gmt":"2023-06-27T03:19:46","guid":{"rendered":"https:\/\/www.elsindical.com.ar\/notas\/?p=123564"},"modified":"2023-06-27T00:48:48","modified_gmt":"2023-06-27T03:48:48","slug":"fernando-burlando-presento-a-su-vicegobernadora-andrea-campbell","status":"publish","type":"post","link":"https:\/\/www.elsindical.com.ar\/notas\/fernando-burlando-presento-a-su-vicegobernadora-andrea-campbell\/","title":{"rendered":"Fernando Burlando presento a su vicegobernadora Andrea Campbell"},"content":{"rendered":"\n<figure class=\"wp-block-image size-large\"><a href=\"https:\/\/www.elsindical.com.ar\/notas\/var\/www\/html\/notas\/wp-content\/uploads\/2023\/06\/Burlando-y-Campbell.jpg\"><img loading=\"lazy\" decoding=\"async\" width=\"1024\" height=\"579\" src=\"https:\/\/www.elsindical.com.ar\/notas\/var\/www\/html\/notas\/wp-content\/uploads\/2023\/06\/Burlando-y-Campbell-1024x579.jpg\" alt=\"\" class=\"wp-image-123565\" srcset=\"https:\/\/www.elsindical.com.ar\/notas\/var\/www\/html\/notas\/wp-content\/uploads\/2023\/06\/Burlando-y-Campbell-1024x579.jpg 1024w, https:\/\/www.elsindical.com.ar\/notas\/var\/www\/html\/notas\/wp-content\/uploads\/2023\/06\/Burlando-y-Campbell-300x170.jpg 300w, https:\/\/www.elsindical.com.ar\/notas\/var\/www\/html\/notas\/wp-content\/uploads\/2023\/06\/Burlando-y-Campbell-768x435.jpg 768w, https:\/\/www.elsindical.com.ar\/notas\/var\/www\/html\/notas\/wp-content\/uploads\/2023\/06\/Burlando-y-Campbell-500x283.jpg 500w, https:\/\/www.elsindical.com.ar\/notas\/var\/www\/html\/notas\/wp-content\/uploads\/2023\/06\/Burlando-y-Campbell-460x260.jpg 460w, https:\/\/www.elsindical.com.ar\/notas\/var\/www\/html\/notas\/wp-content\/uploads\/2023\/06\/Burlando-y-Campbell.jpg 1428w\" sizes=\"auto, (max-width: 1024px) 100vw, 1024px\" \/><\/a><\/figure>\n\n\n\n<p>El abogado y precandidato a gobernador bonaerense<strong> Fernando Burlando<\/strong> eligi\u00f3 a la periodista y abogada Andrea Campbell como su compa\u00f1era de f\u00f3rmula por Movimiento de Integraci\u00f3n Federal (MIF) para las pr\u00f3ximas PASO.<\/p>\n\n\n\n<p>\u00abBienvenida candidata a vicegobernadora<strong> Andrea Campbell,<\/strong> Fernando Burlando Gobernador\u00bb, afirm\u00f3 la cuenta oficial de Alternancia Republicana Federal, uno de los partidos que conforman la alianza que tiene al abogado como su principal referente.<\/p>\n\n\n\n<p>Burlando, quien est\u00e1 en Chaco como representante de la madre de Cecilia Strzyzowski, la joven desaparecida, en marzo fue repudiado porque uno de los asesinos de Jos\u00e9 Luis Cabezas, Jos\u00e9 Luis Auge, apareci\u00f3 en su spot con el que se lanz\u00f3 como precandidato a gobernador de la provincia de Buenos Aires.<\/p>\n\n\n\n<p><strong>\u00ab\u00bfDisculparme?, yo no he hecho nada malo, porque ni siquiera he subido yo ese video\u00bb, dijo Burlando y agreg\u00f3: \u00abNo soy Dios, nadie para cancelar,<\/strong> no quiero provocar, eso es otra cosa. Yo fui a un lugar que sab\u00eda que pod\u00eda estar gente vinculada a la causa Cabezas. No soy un provocador, si a Gladys Cabezas (hermana de Jos\u00e9 Luis) le doli\u00f3, voy a hacer lo posible para sacar esa imagen del video\u00bb.<\/p>\n\n\n\n<p>Burlando tiene 53 a\u00f1os, es oriundo de la ciudad de La Plata y es hijo del exjuez de ejecuci\u00f3n penal platense Julio Desiderio Burlando.<\/p>\n\n\n\n<p>Luego de recibirse de abogado en la Universidad Nacional de La Plata (UNLP), trabaj\u00f3 como representante legal de la banda de \u00abLos Horneros\u00bb en el juicio por el crimen de Jos\u00e9 Luis Cabezas.<\/p>\n\n\n\n<p>Adem\u00e1s defendi\u00f3 a Carola Labrador en la causa del crimen de la ni\u00f1a Candela Rodr\u00edguez ocurrido en 2011, al actor Juan Darth\u00e9s en su causa por el presunto abuso a la actriz Thelma Fardin desde 2018 y a la familia del asesinado Fernando B\u00e1ez Sosa desde 2020.<\/p>\n\n\n\n<p>Por su parte, Andrea Campbell es una modelo, actriz y abogada recibida en la Universidad de Belgrano (UB), quien desde la d\u00e9cada de los 90 se desempe\u00f1a en diferentes medios de comunicaci\u00f3n.<\/p>\n\n\n\n<p>Hace unas semanas ambos tuvieron una discusi\u00f3n en un medio de comunicaci\u00f3n debido a que Campbell denunci\u00f3 p\u00fablicamente que fue acosada por Darth\u00e9s en una fiesta.<\/p>\n\n\n\n<p><strong>\u00abNo me quiero involucrar, no quiero decir cosas que realmente no s\u00e9. No quiero hablar de cosas que desconozco, Andrea. Vos me lo habr\u00e1s contado.<\/strong> Listo, perfecto. Acepto tu posici\u00f3n, pero de ah\u00ed a decir cosas que yo no recuerdo si dije, me parece un exceso\u00bb, dijo Burlando.<\/p>\n\n\n\n<p>\u00abNo es un exceso. Si vos ten\u00e9s mala memoria lo siento por vos, pero yo no cometo un exceso por estar repitiendo algo de lo que estoy dando detalles de d\u00f3nde est\u00e1bamos\u00bb, critic\u00f3 Campbell.<\/p>\n\n\n\n<figure class=\"wp-block-embed is-type-video is-provider-youtube wp-block-embed-youtube wp-embed-aspect-16-9 wp-has-aspect-ratio\"><div class=\"wp-block-embed__wrapper\">\n<iframe loading=\"lazy\" title=\"Burlando y Campbell juntos luego de discutir por Darth\u00e9s\" width=\"700\" height=\"394\" src=\"https:\/\/www.youtube.com\/embed\/_nNDXCQjwVA?feature=oembed\" frameborder=\"0\" allow=\"accelerometer; autoplay; clipboard-write; encrypted-media; gyroscope; picture-in-picture; web-share\" allowfullscreen><\/iframe>\n<\/div><\/figure>\n","protected":false},"excerpt":{"rendered":"<p>El abogado y precandidato a gobernador bonaerense Fernando Burlando eligi\u00f3 a la periodista y abogada Andrea Campbell como su compa\u00f1era de f\u00f3rmula por Movimiento de Integraci\u00f3n Federal (MIF) para las pr\u00f3ximas PASO. \u00abBienvenida candidata a vicegobernadora Andrea Campbell, Fernando Burlando Gobernador\u00bb, afirm\u00f3 la cuenta oficial de Alternancia Republicana Federal, uno de los partidos que conforman&hellip;<\/p>\n","protected":false},"author":1,"featured_media":123565,"comment_status":"open","ping_status":"open","sticky":false,"template":"","format":"standard","meta":{"footnotes":""},"categories":[13],"tags":[40511,828,2450,34260,4080,40513,40512,16752],"class_list":["post-123564","post","type-post","status-publish","format-standard","has-post-thumbnail","hentry","category-politica","tag-andrea-campbell","tag-candidatos","tag-diario-el-sindical","tag-elecciones-2023","tag-fernando-burlando","tag-gobernacion-pba","tag-movimiento-de-integracion-federal","tag-paso"],"_links":{"self":[{"href":"https:\/\/www.elsindical.com.ar\/notas\/wp-json\/wp\/v2\/posts\/123564","targetHints":{"allow":["GET"]}}],"collection":[{"href":"https:\/\/www.elsindical.com.ar\/notas\/wp-json\/wp\/v2\/posts"}],"about":[{"href":"https:\/\/www.elsindical.com.ar\/notas\/wp-json\/wp\/v2\/types\/post"}],"author":[{"embeddable":true,"href":"https:\/\/www.elsindical.com.ar\/notas\/wp-json\/wp\/v2\/users\/1"}],"replies":[{"embeddable":true,"href":"https:\/\/www.elsindical.com.ar\/notas\/wp-json\/wp\/v2\/comments?post=123564"}],"version-history":[{"count":2,"href":"https:\/\/www.elsindical.com.ar\/notas\/wp-json\/wp\/v2\/posts\/123564\/revisions"}],"predecessor-version":[{"id":123567,"href":"https:\/\/www.elsindical.com.ar\/notas\/wp-json\/wp\/v2\/posts\/123564\/revisions\/123567"}],"wp:featuredmedia":[{"embeddable":true,"href":"https:\/\/www.elsindical.com.ar\/notas\/wp-json\/wp\/v2\/media\/123565"}],"wp:attachment":[{"href":"https:\/\/www.elsindical.com.ar\/notas\/wp-json\/wp\/v2\/media?parent=123564"}],"wp:term":[{"taxonomy":"category","embeddable":true,"href":"https:\/\/www.elsindical.com.ar\/notas\/wp-json\/wp\/v2\/categories?post=123564"},{"taxonomy":"post_tag","embeddable":true,"href":"https:\/\/www.elsindical.com.ar\/notas\/wp-json\/wp\/v2\/tags?post=123564"}],"curies":[{"name":"wp","href":"https:\/\/api.w.org\/{rel}","templated":true}]}}