{"id":123556,"date":"2023-06-26T20:11:19","date_gmt":"2023-06-26T23:11:19","guid":{"rendered":"https:\/\/www.elsindical.com.ar\/notas\/?p=123556"},"modified":"2023-06-26T20:11:23","modified_gmt":"2023-06-26T23:11:23","slug":"el-frente-sindical-y-la-cta-de-los-trabajadores-los-unicos-espacios-gremiales-que-colaron-diputados-por-la-provincia-de-buenos-aires-en-union-por-la-patria","status":"publish","type":"post","link":"https:\/\/www.elsindical.com.ar\/notas\/el-frente-sindical-y-la-cta-de-los-trabajadores-los-unicos-espacios-gremiales-que-colaron-diputados-por-la-provincia-de-buenos-aires-en-union-por-la-patria\/","title":{"rendered":"El Frente Sindical y la CTA de los Trabajadores, los \u00fanicos espacios gremiales que colaron diputados por la Provincia de Buenos Aires en Uni\u00f3n por la Patria"},"content":{"rendered":"\n<figure class=\"wp-block-image size-full\"><a href=\"https:\/\/www.elsindical.com.ar\/notas\/var\/www\/html\/notas\/wp-content\/uploads\/2023\/06\/armado-gremial-en-UxP.jpg\"><img loading=\"lazy\" decoding=\"async\" width=\"938\" height=\"527\" src=\"https:\/\/www.elsindical.com.ar\/notas\/var\/www\/html\/notas\/wp-content\/uploads\/2023\/06\/armado-gremial-en-UxP.jpg\" alt=\"\" class=\"wp-image-123557\" srcset=\"https:\/\/www.elsindical.com.ar\/notas\/var\/www\/html\/notas\/wp-content\/uploads\/2023\/06\/armado-gremial-en-UxP.jpg 938w, https:\/\/www.elsindical.com.ar\/notas\/var\/www\/html\/notas\/wp-content\/uploads\/2023\/06\/armado-gremial-en-UxP-300x169.jpg 300w, https:\/\/www.elsindical.com.ar\/notas\/var\/www\/html\/notas\/wp-content\/uploads\/2023\/06\/armado-gremial-en-UxP-768x431.jpg 768w, https:\/\/www.elsindical.com.ar\/notas\/var\/www\/html\/notas\/wp-content\/uploads\/2023\/06\/armado-gremial-en-UxP-500x281.jpg 500w\" sizes=\"auto, (max-width: 938px) 100vw, 938px\" \/><\/a><\/figure>\n\n\n\n<p>El cierre de listas bonaerense de Uni\u00f3n por la Patria dej\u00f3 s\u00f3lo dos candidatos de extracci\u00f3n sindical. Ambos vinculados al kirchnerismo. El SMATA abroch\u00f3 uno de ellos y el cete\u00edsta Movimiento Mayo, el otro. Pocas sorpresas.<\/p>\n\n\n\n<p>La alianza oficialista Uni\u00f3n por la Patria (UxP) oficializ\u00f3 en la noche del s\u00e1bado, sobre el fin del plazo, la lista de precandidatos a diputados nacionales por la provincia de Buenos Aires, el principal distrito electoral del pa\u00eds.<\/p>\n\n\n\n<p>En una n\u00f3mina que encabeza M\u00e1ximo Kirchner que est\u00e1 compuesta por referentes de todos los sectores de la coalici\u00f3n pero hegemonizada por el kirchnerismo, s\u00f3lo dos dirigentes de extracci\u00f3n sindical lograron colar sus nombres.<\/p>\n\n\n\n<p>En tercera posici\u00f3n qued\u00f3 ubicado&nbsp;<strong>Mario \u00abPaco\u00bb Manrique, el secretario Adjunto del SMATA y secretario Gremial de la CGT<\/strong>. De fuerte extracci\u00f3n kirchnerista, Manrique forma un binomio indisoluble con Ricardo Pignanelli, secretario General de los mec\u00e1nicos y un leal a Cristina.<\/p>\n\n\n\n<p>Manrique, cuyo perfil subi\u00f3 notablemente este a\u00f1o, es adem\u00e1s uno de los referentes del\u00a0<strong>Frente Sindical para el Modelo Nacional\u00a0<\/strong>junto con Pablo Moyano y un\u00a0<strong>habitu\u00e9 del grupo Ensenada<\/strong>\u00a0que se encarg\u00f3 hasta \u00faltimo momento de motorizar el operativo clamor por CFK.<\/p>\n\n\n\n<p>La otra dirigente de extracci\u00f3n sindical que se col\u00f3 en las listas fue&nbsp;<strong>Mar\u00eda Reigada.<\/strong>&nbsp;Se trata de una militante de la<strong>&nbsp;CTA de los Trabajadores y del SUTEBA<\/strong>, que se referencia con Roberto Baradel, y que viene de ser Senadora Provincial.<\/p>\n\n\n\n<p>Reigada es, adem\u00e1s, integrante del&nbsp;<strong>Movimiento Mayo<\/strong>, un espacio bonaerense compuesto por las cabezas cete\u00edstas bonaerenses y leal al kirchnerismo.<\/p>\n","protected":false},"excerpt":{"rendered":"<p>El cierre de listas bonaerense de Uni\u00f3n por la Patria dej\u00f3 s\u00f3lo dos candidatos de extracci\u00f3n sindical. Ambos vinculados al kirchnerismo. El SMATA abroch\u00f3 uno de ellos y el cete\u00edsta Movimiento Mayo, el otro. Pocas sorpresas. La alianza oficialista Uni\u00f3n por la Patria (UxP) oficializ\u00f3 en la noche del s\u00e1bado, sobre el fin del plazo,&hellip;<\/p>\n","protected":false},"author":1,"featured_media":123557,"comment_status":"open","ping_status":"open","sticky":false,"template":"","format":"standard","meta":{"footnotes":""},"categories":[16,13],"tags":[910,184,2450,34260,870,5204,40495],"class_list":["post-123556","post","type-post","status-publish","format-standard","has-post-thumbnail","hentry","category-gremiales","category-politica","tag-cgt","tag-cta","tag-diario-el-sindical","tag-elecciones-2023","tag-smata","tag-suteba","tag-uxp"],"_links":{"self":[{"href":"https:\/\/www.elsindical.com.ar\/notas\/wp-json\/wp\/v2\/posts\/123556","targetHints":{"allow":["GET"]}}],"collection":[{"href":"https:\/\/www.elsindical.com.ar\/notas\/wp-json\/wp\/v2\/posts"}],"about":[{"href":"https:\/\/www.elsindical.com.ar\/notas\/wp-json\/wp\/v2\/types\/post"}],"author":[{"embeddable":true,"href":"https:\/\/www.elsindical.com.ar\/notas\/wp-json\/wp\/v2\/users\/1"}],"replies":[{"embeddable":true,"href":"https:\/\/www.elsindical.com.ar\/notas\/wp-json\/wp\/v2\/comments?post=123556"}],"version-history":[{"count":1,"href":"https:\/\/www.elsindical.com.ar\/notas\/wp-json\/wp\/v2\/posts\/123556\/revisions"}],"predecessor-version":[{"id":123558,"href":"https:\/\/www.elsindical.com.ar\/notas\/wp-json\/wp\/v2\/posts\/123556\/revisions\/123558"}],"wp:featuredmedia":[{"embeddable":true,"href":"https:\/\/www.elsindical.com.ar\/notas\/wp-json\/wp\/v2\/media\/123557"}],"wp:attachment":[{"href":"https:\/\/www.elsindical.com.ar\/notas\/wp-json\/wp\/v2\/media?parent=123556"}],"wp:term":[{"taxonomy":"category","embeddable":true,"href":"https:\/\/www.elsindical.com.ar\/notas\/wp-json\/wp\/v2\/categories?post=123556"},{"taxonomy":"post_tag","embeddable":true,"href":"https:\/\/www.elsindical.com.ar\/notas\/wp-json\/wp\/v2\/tags?post=123556"}],"curies":[{"name":"wp","href":"https:\/\/api.w.org\/{rel}","templated":true}]}}