{"id":123551,"date":"2023-06-26T17:35:22","date_gmt":"2023-06-26T20:35:22","guid":{"rendered":"https:\/\/www.elsindical.com.ar\/notas\/?p=123551"},"modified":"2023-06-26T17:37:15","modified_gmt":"2023-06-26T20:37:15","slug":"avellaneda-violento-robo-a-una-mujer-y-su-pequena-hija-en-villa-dominico","status":"publish","type":"post","link":"https:\/\/www.elsindical.com.ar\/notas\/avellaneda-violento-robo-a-una-mujer-y-su-pequena-hija-en-villa-dominico\/","title":{"rendered":"Avellaneda: Violento robo a una mujer y su peque\u00f1a hija en Villa Dom\u00ednico"},"content":{"rendered":"<div class=\"wp-block-image\">\n<figure class=\"aligncenter size-full\"><a href=\"https:\/\/www.elsindical.com.ar\/notas\/var\/www\/html\/notas\/wp-content\/uploads\/2023\/06\/robo-a-mujer-en-Villa-Dominico.jpg\"><img loading=\"lazy\" decoding=\"async\" width=\"854\" height=\"543\" src=\"https:\/\/www.elsindical.com.ar\/notas\/var\/www\/html\/notas\/wp-content\/uploads\/2023\/06\/robo-a-mujer-en-Villa-Dominico.jpg\" alt=\"\" class=\"wp-image-123552\" srcset=\"https:\/\/www.elsindical.com.ar\/notas\/var\/www\/html\/notas\/wp-content\/uploads\/2023\/06\/robo-a-mujer-en-Villa-Dominico.jpg 854w, https:\/\/www.elsindical.com.ar\/notas\/var\/www\/html\/notas\/wp-content\/uploads\/2023\/06\/robo-a-mujer-en-Villa-Dominico-300x191.jpg 300w, https:\/\/www.elsindical.com.ar\/notas\/var\/www\/html\/notas\/wp-content\/uploads\/2023\/06\/robo-a-mujer-en-Villa-Dominico-768x488.jpg 768w, https:\/\/www.elsindical.com.ar\/notas\/var\/www\/html\/notas\/wp-content\/uploads\/2023\/06\/robo-a-mujer-en-Villa-Dominico-472x300.jpg 472w\" sizes=\"auto, (max-width: 854px) 100vw, 854px\" \/><\/a><\/figure>\n<\/div>\n\n\n<p><strong>Una mujer fue asaltada por dos adolescentes que la abordaron cuando sub\u00eda al auto a su peque\u00f1a hija<\/strong> y, tras tirarla al piso y golpearla, escaparon con el rodado, aunque fueron detenidos luego de chocar contra un \u00e1rbol a las dos cuadras, en la localidad bonaerense de Villa Dom\u00ednico en Avellaneda.<\/p>\n\n\n\n<p>El hecho, que fue dado a conocer hoy tras la difusi\u00f3n de un video tomado por una c\u00e1mara de seguridad de la zona, ocurri\u00f3 el viernes \u00faltimo en el cruce de las calles Mansilla y Posadas, de Villa Dom\u00ednico<strong>, cuando una mujer se dispon\u00eda a subir junto con su hija a un Renault Sandero color gris estacionado sobre la vereda, frente a un domicilio.<\/strong><\/p>\n\n\n\n<p>Mientras la mujer hac\u00eda subir a la ni\u00f1a al asiento trasero, fue abordada de atr\u00e1s por dos delincuentes, uno de los cuales la agarr\u00f3 del cuello y la hizo caer hacia atr\u00e1s al piso, por lo que golpe\u00f3 su cabeza contra el cord\u00f3n de la vereda.<\/p>\n\n\n\n<p>Ya en el piso, la v\u00edctima fue golpeada por el asaltante, quien acto seguido subi\u00f3 al auto con su c\u00f3mplice y ambos huyeron luego de apoderarse de la cartera de la mujer y de sacar a la ni\u00f1a del rodado.<\/p>\n\n\n\n<p>Pero a los 200 metros, los dos ladrones chocaron el auto contra un \u00e1rbol y en ese momento fueron detenidos por personal policial del Comando Patrulla de Avellaneda.<\/p>\n\n\n\n<p>Los dos apresados, de 14 y 16 a\u00f1os, quedaron a disposici\u00f3n de la Unidad Funcional de Instrucci\u00f3n (UFI) 1 del Fuero de Responsabilidad Penal Juvenil de los tribunales locales.<\/p>\n\n\n\n<p>Avellaneda tiene serios problemas de prevenci\u00f3n de delitos, sumado a un deficiente funcionamiento de las fiscal\u00edas a cargo del Fiscal General Guillermo Castro Moure, el principal responsable de no representar los intereses de los ciudadanos.<\/p>\n\n\n\n<p>El otro gran responsable es el intendente Jorge Ferraresi quien pretende la reelecci\u00f3n colgado de los resultados de las encuestas, pero que ha demostrado complicidad en que nada mejor al mantener durante a\u00f1os a secretarios de seguridad incompetentes y llenos de denuncias, adem\u00e1s de elegir a los jefes policiales que a la fecha son los \u00fanicos beneficiados y algunos olvidaron presentar las declaraciones juradas, total no pasa nada.<\/p>\n\n\n\n<figure class=\"wp-block-video\"><video controls src=\"blob:https:\/\/www.elsindical.com.ar\/7d995972-54eb-4112-89df-365b5503ec80\"><\/video><\/figure>\n","protected":false},"excerpt":{"rendered":"<p>Una mujer fue asaltada por dos adolescentes que la abordaron cuando sub\u00eda al auto a su peque\u00f1a hija y, tras tirarla al piso y golpearla, escaparon con el rodado, aunque fueron detenidos luego de chocar contra un \u00e1rbol a las dos cuadras, en la localidad bonaerense de Villa Dom\u00ednico en Avellaneda. El hecho, que fue&hellip;<\/p>\n","protected":false},"author":1,"featured_media":123552,"comment_status":"open","ping_status":"open","sticky":false,"template":"","format":"standard","meta":{"footnotes":""},"categories":[22],"tags":[461,2450,34191,984,1062,252,116,2372,318],"class_list":["post-123551","post","type-post","status-publish","format-standard","has-post-thumbnail","hentry","category-policiales","tag-avellaneda","tag-diario-el-sindical","tag-fiscal-general-guillermo-castro-moure","tag-inseguridad","tag-jorge-ferraresi","tag-menores","tag-robo","tag-villa-dominico","tag-violencia"],"_links":{"self":[{"href":"https:\/\/www.elsindical.com.ar\/notas\/wp-json\/wp\/v2\/posts\/123551","targetHints":{"allow":["GET"]}}],"collection":[{"href":"https:\/\/www.elsindical.com.ar\/notas\/wp-json\/wp\/v2\/posts"}],"about":[{"href":"https:\/\/www.elsindical.com.ar\/notas\/wp-json\/wp\/v2\/types\/post"}],"author":[{"embeddable":true,"href":"https:\/\/www.elsindical.com.ar\/notas\/wp-json\/wp\/v2\/users\/1"}],"replies":[{"embeddable":true,"href":"https:\/\/www.elsindical.com.ar\/notas\/wp-json\/wp\/v2\/comments?post=123551"}],"version-history":[{"count":2,"href":"https:\/\/www.elsindical.com.ar\/notas\/wp-json\/wp\/v2\/posts\/123551\/revisions"}],"predecessor-version":[{"id":123555,"href":"https:\/\/www.elsindical.com.ar\/notas\/wp-json\/wp\/v2\/posts\/123551\/revisions\/123555"}],"wp:featuredmedia":[{"embeddable":true,"href":"https:\/\/www.elsindical.com.ar\/notas\/wp-json\/wp\/v2\/media\/123552"}],"wp:attachment":[{"href":"https:\/\/www.elsindical.com.ar\/notas\/wp-json\/wp\/v2\/media?parent=123551"}],"wp:term":[{"taxonomy":"category","embeddable":true,"href":"https:\/\/www.elsindical.com.ar\/notas\/wp-json\/wp\/v2\/categories?post=123551"},{"taxonomy":"post_tag","embeddable":true,"href":"https:\/\/www.elsindical.com.ar\/notas\/wp-json\/wp\/v2\/tags?post=123551"}],"curies":[{"name":"wp","href":"https:\/\/api.w.org\/{rel}","templated":true}]}}