{"id":12355,"date":"2011-02-10T05:17:50","date_gmt":"2011-02-10T08:17:50","guid":{"rendered":"http:\/\/www.elsindical.com.ar\/notas\/?p=12355"},"modified":"2011-02-10T06:44:03","modified_gmt":"2011-02-10T09:44:03","slug":"ordenan-la-detencion-de-un-policia-por-las-dos-muertes-de-jose-leon-suarez","status":"publish","type":"post","link":"https:\/\/www.elsindical.com.ar\/notas\/ordenan-la-detencion-de-un-policia-por-las-dos-muertes-de-jose-leon-suarez\/","title":{"rendered":"Ordenan la detenci\u00f3n de un polic\u00eda por las dos muertes de Jos\u00e9 Le\u00f3n Su\u00e1rez"},"content":{"rendered":"<div>\n<p style=\"text-align: justify;\"><em><a href=\"http:\/\/www.elsindical.com.ar\/notas\/var\/www\/html\/notas\/wp-content\/uploads\/2011\/02\/Cr\u00eda.-de-Jos\u00e9-Le\u00f3n-Su\u00e1rez.jpg\"><img loading=\"lazy\" decoding=\"async\" class=\"alignleft size-medium wp-image-12356\" title=\"Cr\u00eda.-de-Jos\u00e9-Le\u00f3n-Su\u00e1rez\" src=\"http:\/\/www.elsindical.com.ar\/notas\/var\/www\/html\/notas\/wp-content\/uploads\/2011\/02\/Cr\u00eda.-de-Jos\u00e9-Le\u00f3n-Su\u00e1rez-300x225.jpg\" alt=\"\" width=\"300\" height=\"225\" srcset=\"https:\/\/www.elsindical.com.ar\/notas\/var\/www\/html\/notas\/wp-content\/uploads\/2011\/02\/Cr\u00eda.-de-Jos\u00e9-Le\u00f3n-Su\u00e1rez-300x225.jpg 300w, https:\/\/www.elsindical.com.ar\/notas\/var\/www\/html\/notas\/wp-content\/uploads\/2011\/02\/Cr\u00eda.-de-Jos\u00e9-Le\u00f3n-Su\u00e1rez.jpg 325w\" sizes=\"auto, (max-width: 300px) 100vw, 300px\" \/><\/a>La Polic\u00eda detuvo anoche al <strong>subteniente Gustavo Vega, <\/strong>acusado de <strong>doble homicidio <\/strong>por su accionar durante la represi\u00f3n a las personas que intentaron saquear un tren en <strong>Jos\u00e9 Le\u00f3n Su\u00e1rez.<\/strong><\/em><\/p>\n<p style=\"text-align: justify;\"><strong>Vega es uno de los 16 polic\u00edas<\/strong> que ayer\u00a0a la ma\u00f1ana fueron citados por el fiscal de San Mart\u00edn Marcelo Sendot para explicar cu\u00e1les fueron sus desempe\u00f1os durante los hechos ocurridos el jueves de la semana pasada en Jos\u00e9 Le\u00f3n Su\u00e1rez, partido de San Mart\u00edn.<\/p>\n<p style=\"text-align: justify;\"><strong>Tras corroborarse el uso de balas de plomo por parte de Vega, el Jefe de la Polic\u00eda provincial, Juan Carlos Paggi <\/strong>-por instrucci\u00f3n del ministro de Justicia y Seguridad bonaerense, Ricardo Casal-\u00a0<strong>orden\u00f3 detener e involucrar en la causa solamente al subteniente.<\/strong><\/p>\n<p style=\"text-align: justify;\">El agente, que pertenece a la comisar\u00eda cuarta de Jos\u00e9 Le\u00f3n Su\u00e1rez, hab\u00eda sido desplazado el lunes por el Ministerio de Justicia y Seguridad bonaerense y <strong>fue el \u00fanico<\/strong><strong> miembro de la seccional que, d\u00edas atr\u00e1s, admiti\u00f3 haber disparado su escopeta<\/strong> en la represi\u00f3n ejercida tras el descarrilamiento de un tren.<\/p>\n<p style=\"text-align: justify;\">Los investigadores tienen indicios precisos de que Vega utiliz\u00f3 balas de plomo, munici\u00f3n que est\u00e1 prohibida en este tipo de procedimientos por orden del gobierno nacional.<\/p>\n<p style=\"text-align: justify;\">El agente apresado est\u00e1 acusado de las muertes de Franco Almir\u00f3n y Mauricio Ramos, de 16 y 17 a\u00f1os.<\/p>\n<p style=\"text-align: justify;\">Seg\u00fan surgi\u00f3 de las pericias realizadas en los cuerpos de las v\u00edctimas fatales, l<strong>as heridas fueron provocadas por balas de escopetas calibre 12\/70, similares a las que utilizan los efectivos de la fuerza de seguridad provincial.<\/strong><\/p>\n<p style=\"text-align: justify;\">La investigaci\u00f3n fue impulsada por el propio Ministerio de Seguridad de la Provincia.<\/p>\n<\/div>\n","protected":false},"excerpt":{"rendered":"<p>La Polic\u00eda detuvo anoche al subteniente Gustavo Vega, acusado de doble homicidio por su accionar durante la represi\u00f3n a las personas que intentaron saquear un tren en Jos\u00e9 Le\u00f3n Su\u00e1rez. Vega es uno de los 16 polic\u00edas que ayer\u00a0a la ma\u00f1ana fueron citados por el fiscal de San Mart\u00edn Marcelo Sendot para explicar cu\u00e1les fueron&hellip;<\/p>\n","protected":false},"author":1,"featured_media":0,"comment_status":"open","ping_status":"open","sticky":false,"template":"","format":"standard","meta":{"footnotes":""},"categories":[22],"tags":[91,2548,4398,378,305,30,5858,401,986],"class_list":["post-12355","post","type-post","status-publish","format-standard","hentry","category-policiales","tag-detenido","tag-escopeta","tag-jose-leon-suarez","tag-jovenes","tag-muerte","tag-policia","tag-saqueo","tag-tren","tag-vecinos"],"_links":{"self":[{"href":"https:\/\/www.elsindical.com.ar\/notas\/wp-json\/wp\/v2\/posts\/12355","targetHints":{"allow":["GET"]}}],"collection":[{"href":"https:\/\/www.elsindical.com.ar\/notas\/wp-json\/wp\/v2\/posts"}],"about":[{"href":"https:\/\/www.elsindical.com.ar\/notas\/wp-json\/wp\/v2\/types\/post"}],"author":[{"embeddable":true,"href":"https:\/\/www.elsindical.com.ar\/notas\/wp-json\/wp\/v2\/users\/1"}],"replies":[{"embeddable":true,"href":"https:\/\/www.elsindical.com.ar\/notas\/wp-json\/wp\/v2\/comments?post=12355"}],"version-history":[{"count":3,"href":"https:\/\/www.elsindical.com.ar\/notas\/wp-json\/wp\/v2\/posts\/12355\/revisions"}],"predecessor-version":[{"id":12363,"href":"https:\/\/www.elsindical.com.ar\/notas\/wp-json\/wp\/v2\/posts\/12355\/revisions\/12363"}],"wp:attachment":[{"href":"https:\/\/www.elsindical.com.ar\/notas\/wp-json\/wp\/v2\/media?parent=12355"}],"wp:term":[{"taxonomy":"category","embeddable":true,"href":"https:\/\/www.elsindical.com.ar\/notas\/wp-json\/wp\/v2\/categories?post=12355"},{"taxonomy":"post_tag","embeddable":true,"href":"https:\/\/www.elsindical.com.ar\/notas\/wp-json\/wp\/v2\/tags?post=12355"}],"curies":[{"name":"wp","href":"https:\/\/api.w.org\/{rel}","templated":true}]}}