{"id":123544,"date":"2023-06-26T12:29:40","date_gmt":"2023-06-26T15:29:40","guid":{"rendered":"https:\/\/www.elsindical.com.ar\/notas\/?p=123544"},"modified":"2023-06-26T12:29:41","modified_gmt":"2023-06-26T15:29:41","slug":"corte-total-en-el-puente-pueyrredon","status":"publish","type":"post","link":"https:\/\/www.elsindical.com.ar\/notas\/corte-total-en-el-puente-pueyrredon\/","title":{"rendered":"Corte total en el Puente Pueyrred\u00f3n"},"content":{"rendered":"\n<figure class=\"wp-block-image size-large\"><a href=\"https:\/\/www.elsindical.com.ar\/notas\/var\/www\/html\/notas\/wp-content\/uploads\/2023\/06\/corte-Puente-Pueyrredon-21-anos-Kosteky-y-Santillan.jpg\"><img loading=\"lazy\" decoding=\"async\" width=\"1024\" height=\"577\" src=\"https:\/\/www.elsindical.com.ar\/notas\/var\/www\/html\/notas\/wp-content\/uploads\/2023\/06\/corte-Puente-Pueyrredon-21-anos-Kosteky-y-Santillan-1024x577.jpg\" alt=\"\" class=\"wp-image-123545\" srcset=\"https:\/\/www.elsindical.com.ar\/notas\/var\/www\/html\/notas\/wp-content\/uploads\/2023\/06\/corte-Puente-Pueyrredon-21-anos-Kosteky-y-Santillan-1024x577.jpg 1024w, https:\/\/www.elsindical.com.ar\/notas\/var\/www\/html\/notas\/wp-content\/uploads\/2023\/06\/corte-Puente-Pueyrredon-21-anos-Kosteky-y-Santillan-300x169.jpg 300w, https:\/\/www.elsindical.com.ar\/notas\/var\/www\/html\/notas\/wp-content\/uploads\/2023\/06\/corte-Puente-Pueyrredon-21-anos-Kosteky-y-Santillan-768x432.jpg 768w, https:\/\/www.elsindical.com.ar\/notas\/var\/www\/html\/notas\/wp-content\/uploads\/2023\/06\/corte-Puente-Pueyrredon-21-anos-Kosteky-y-Santillan-500x281.jpg 500w, https:\/\/www.elsindical.com.ar\/notas\/var\/www\/html\/notas\/wp-content\/uploads\/2023\/06\/corte-Puente-Pueyrredon-21-anos-Kosteky-y-Santillan-1536x865.jpg 1536w, https:\/\/www.elsindical.com.ar\/notas\/var\/www\/html\/notas\/wp-content\/uploads\/2023\/06\/corte-Puente-Pueyrredon-21-anos-Kosteky-y-Santillan-460x260.jpg 460w, https:\/\/www.elsindical.com.ar\/notas\/var\/www\/html\/notas\/wp-content\/uploads\/2023\/06\/corte-Puente-Pueyrredon-21-anos-Kosteky-y-Santillan.jpg 2048w\" sizes=\"auto, (max-width: 1024px) 100vw, 1024px\" \/><\/a><\/figure>\n\n\n\n<p class=\"wp-block-paragraph\">El motivo es la conmemoraci\u00f3n de los 21 a\u00f1os de los asesinatos de los militantes sociales Maximiliano Kosteki y Dar\u00edo Santill\u00e1n.<\/p>\n\n\n\n<p class=\"wp-block-paragraph\"><strong>Distintas organizaciones de izquierda se concentraban hoy en las inmediaciones del Puente Pueyrred\u00f3n<\/strong>, que el sur del Conurbano con Capital Federal, como parte de la conmemoraci\u00f3n de los 21 a\u00f1os de los asesinatos de los militantes sociales <strong>Maximiliano Kosteki y Dar\u00edo Santill\u00e1n<\/strong> por parte de efectivos de la Polic\u00eda Bonaerense.<\/p>\n\n\n\n<p class=\"wp-block-paragraph\">Los manifestantes se concentraban <strong>sobre la avenida Hip\u00f3lito Yrigoyen<\/strong> (Ex Pav\u00f3n) -uno de los accesos al Puente Pueyrred\u00f3n-, donde <strong>el tr\u00e1nsito estaba interrumpido en forma total<\/strong>, indicaron a T\u00e9lam voceros de prensa del Frente Popular Dar\u00edo Santill\u00e1n (FPDS), una de las organizaciones movilizadas para la conmemoraci\u00f3n.<\/p>\n\n\n\n<p class=\"wp-block-paragraph\">En el lugar se encontraban<strong> columnas de organizaciones sociales y pol\u00edticas<\/strong>, entre ellas distintas fracciones del FPDS, del Frente Popular Corriente Nacional; el Polo Obrero-Tendencia y del Movimiento Socialista de los Trabajadores (MST), entre otros.<\/p>\n\n\n\n<p class=\"wp-block-paragraph\">El dirigente social y director de PIA Global Fernando Esteche public\u00f3 en Twitter una foto de militantes sociales con la leyenda: \u201cGuardia de honor \u2018Ra\u00fal boli Lescano\u2019 en homenaje a Nicol\u00e1s Lista-Dar\u00edo Santill\u00e1n-Maximiliano Kosteki- ahora en Puente Pueyrred\u00f3n\u201d.<\/p>\n\n\n\n<p class=\"wp-block-paragraph\">Las actividades callejeras continuar\u00e1n por la tarde desde las 15, con manifestantes del Frente Popular Dar\u00edo Santill\u00e1n dentro de la Uni\u00f3n de Trabajadores de la Econom\u00eda Popular (UTEP), quienes intentar\u00e1n llegar al Puente Pueyrred\u00f3n para hacer su propio acto.<\/p>\n\n\n\n<p class=\"wp-block-paragraph\"><strong>Hoy se cumplen 21 a\u00f1os de los asesinatos de Kosteki y Santill\u00e1n, un hecho conocido como la \u201cMasacre de Avellaneda\u201d<\/strong>, que ocurri\u00f3 durante la feroz represi\u00f3n a la protesta del 26 de junio de 2002 en los alrededores del Puente Pueyrred\u00f3n, en la gesti\u00f3n del entonces presidente Eduardo Duhalde, y que deriv\u00f3 en un adelantamiento del llamado a elecciones.<\/p>\n\n\n\n<p class=\"wp-block-paragraph\">Aquella protesta comenz\u00f3 con una concentraci\u00f3n temprana en las inmediaciones del<strong> Puente Pueyrred\u00f3n<\/strong>, que delimita con las avenidas Mitre e Hip\u00f3lito Yrigoyen, a pocas cuadras de la estaci\u00f3n ferroviaria de la localidad bonaerense de Avellaneda, rebautizada por ley en 2013 como \u201cEstaci\u00f3n Dar\u00edo Santill\u00e1n y Maximiliano Kosteki\u201d.<\/p>\n\n\n\n<p class=\"wp-block-paragraph\">Hasta all\u00ed hab\u00edan llegado militantes y dirigentes del MTD An\u00edbal Ver\u00f3n de distintos distritos de la provincia e integrantes de la coordinadora del mismo nombre, as\u00ed como de otras organizaciones como el Movimiento Teresa Rodr\u00edguez (MTR) y el Polo Obrero, quienes reclamaban un amplio abanico de reivindicaciones sociales para los sectores pobres.<\/p>\n","protected":false},"excerpt":{"rendered":"<p>El motivo es la conmemoraci\u00f3n de los 21 a\u00f1os de los asesinatos de los militantes sociales Maximiliano Kosteki y Dar\u00edo Santill\u00e1n. Distintas organizaciones de izquierda se concentraban hoy en las inmediaciones del Puente Pueyrred\u00f3n, que el sur del Conurbano con Capital Federal, como parte de la conmemoraci\u00f3n de los 21 a\u00f1os de los asesinatos de&hellip;<\/p>\n","protected":false},"author":1,"featured_media":123545,"comment_status":"open","ping_status":"open","sticky":false,"template":"","format":"standard","meta":{"footnotes":""},"categories":[25],"tags":[461,9044,2450,33233,9045,601],"class_list":["post-123544","post","type-post","status-publish","format-standard","has-post-thumbnail","hentry","category-sociedad","tag-avellaneda","tag-dario-santillan","tag-diario-el-sindical","tag-fpds","tag-maximiliano-kosteki","tag-puente-pueyrredon"],"_links":{"self":[{"href":"https:\/\/www.elsindical.com.ar\/notas\/wp-json\/wp\/v2\/posts\/123544","targetHints":{"allow":["GET"]}}],"collection":[{"href":"https:\/\/www.elsindical.com.ar\/notas\/wp-json\/wp\/v2\/posts"}],"about":[{"href":"https:\/\/www.elsindical.com.ar\/notas\/wp-json\/wp\/v2\/types\/post"}],"author":[{"embeddable":true,"href":"https:\/\/www.elsindical.com.ar\/notas\/wp-json\/wp\/v2\/users\/1"}],"replies":[{"embeddable":true,"href":"https:\/\/www.elsindical.com.ar\/notas\/wp-json\/wp\/v2\/comments?post=123544"}],"version-history":[{"count":1,"href":"https:\/\/www.elsindical.com.ar\/notas\/wp-json\/wp\/v2\/posts\/123544\/revisions"}],"predecessor-version":[{"id":123546,"href":"https:\/\/www.elsindical.com.ar\/notas\/wp-json\/wp\/v2\/posts\/123544\/revisions\/123546"}],"wp:featuredmedia":[{"embeddable":true,"href":"https:\/\/www.elsindical.com.ar\/notas\/wp-json\/wp\/v2\/media\/123545"}],"wp:attachment":[{"href":"https:\/\/www.elsindical.com.ar\/notas\/wp-json\/wp\/v2\/media?parent=123544"}],"wp:term":[{"taxonomy":"category","embeddable":true,"href":"https:\/\/www.elsindical.com.ar\/notas\/wp-json\/wp\/v2\/categories?post=123544"},{"taxonomy":"post_tag","embeddable":true,"href":"https:\/\/www.elsindical.com.ar\/notas\/wp-json\/wp\/v2\/tags?post=123544"}],"curies":[{"name":"wp","href":"https:\/\/api.w.org\/{rel}","templated":true}]}}