{"id":123535,"date":"2023-06-25T01:12:35","date_gmt":"2023-06-25T04:12:35","guid":{"rendered":"https:\/\/www.elsindical.com.ar\/notas\/?p=123535"},"modified":"2023-06-25T01:12:37","modified_gmt":"2023-06-25T04:12:37","slug":"avellaneda-maximiliano-gallucci-y-lucas-yacob-seran-las-paso-de-jxc","status":"publish","type":"post","link":"https:\/\/www.elsindical.com.ar\/notas\/avellaneda-maximiliano-gallucci-y-lucas-yacob-seran-las-paso-de-jxc\/","title":{"rendered":"Avellaneda: Maximiliano Gallucci y Lucas Yacob ser\u00e1n las PASO de JXC"},"content":{"rendered":"<div class=\"wp-block-image\">\n<figure class=\"aligncenter size-full\"><a href=\"https:\/\/www.elsindical.com.ar\/notas\/var\/www\/html\/notas\/wp-content\/uploads\/2023\/06\/Maximiliano-y-Lucas.jpg\"><img loading=\"lazy\" decoding=\"async\" width=\"575\" height=\"589\" src=\"https:\/\/www.elsindical.com.ar\/notas\/var\/www\/html\/notas\/wp-content\/uploads\/2023\/06\/Maximiliano-y-Lucas.jpg\" alt=\"\" class=\"wp-image-123536\" srcset=\"https:\/\/www.elsindical.com.ar\/notas\/var\/www\/html\/notas\/wp-content\/uploads\/2023\/06\/Maximiliano-y-Lucas.jpg 575w, https:\/\/www.elsindical.com.ar\/notas\/var\/www\/html\/notas\/wp-content\/uploads\/2023\/06\/Maximiliano-y-Lucas-293x300.jpg 293w, https:\/\/www.elsindical.com.ar\/notas\/var\/www\/html\/notas\/wp-content\/uploads\/2023\/06\/Maximiliano-y-Lucas-50x50.jpg 50w\" sizes=\"auto, (max-width: 575px) 100vw, 575px\" \/><\/a><\/figure>\n<\/div>\n\n\n<p>   <strong>Maximiliano Gallucci<\/strong>, por el sector de <strong>Horacio Rodr\u00edguez Larreta<\/strong>, y <strong>Lucas Yacob<\/strong>, por <strong>Patricia Bullrich<\/strong>, disputar\u00e1n como precandidatos a intendente las PASO de Juntos en Avellaneda.<\/p>\n\n\n\n<p>La lista de Gallucci tendr\u00e1 como primer precandidato a concejal a <strong>Marcelo Gutovich<\/strong>, un ex funcionario de la gesti\u00f3n de <strong>Mar\u00eda Eugenia Vidal <\/strong>que poco y nada hizo como delegado del Ministerio de Trabajo PBA. En el segundo lugar, estar\u00e1<strong> Daniela S\u00e1nchez<\/strong>, de la UCR, quien se hizo conocida cuando en el a\u00f1o 2015 firm\u00f3 un comunicado junto a otros militantes de la UCR, denunciando que no apoyar\u00edan a<strong> Gladys Gonz\u00e1lez<\/strong> por la falta de respeto del PRO Avellaneda hacia un centenario partido como es la UNI\u00d3N C\u00cdVICA RADICAL, quienes seguir\u00e1n trabajando por la democracia y el bienestar de nuestra querida ciudad, parece que la gente cambia de idea y no resiste el archivo, Gladys Gonz\u00e1lez es quien llev\u00f3 a Gallucci al PRO luego de militar en La C\u00e1mpora y ser kirchnerista, mientras que el tercer lugar ser\u00e1 para un hombre del GEN:<strong> Jos\u00e9 Luis Ludue\u00f1a<\/strong>, un ignoto como la mayor\u00eda de los integrantes del espacio que tienen militancia online.<\/p>\n\n\n\n<p>Es decir un rejunte de necesitados que un d\u00eda militan un partido y otro donde haya un espacio de donde manotear.<\/p>\n\n\n\n<p>En la lista de Yacob, el primer precandidato a concejal es <strong>Dami\u00e1n Paz<\/strong>, bueno, los que son de Avellaneda saben muy bien de quien se trata, como concejal siempre fue un opositor muy aliado, en las sesiones era uno de los que m\u00e1s hablaba, criticando los proyectos del oficialismo, dando sus fundamentos y terminaba votando a favor, en el 95% de las veces hizo lo mismo, luego con el mandato cumplido se fue al Ministerio de Seguridad de la Naci\u00f3n de la mano de<strong> Gerardo Milman<\/strong>, donde no ten\u00eda una funci\u00f3n espec\u00edfica pero no faltaba a los timbreos, s\u00ed, los que dicen que pueden terminar con la inseguridad, ten\u00edan a esta gente toc\u00e1ndote el timbre panfleto en mano y con la intenci\u00f3n de convencerte como si fueran evang\u00e9licos o mormones, con la diferencia que Paz y compa\u00f1\u00eda ni ellos creen lo que te dicen, mientras que el segundo lugar lo ocupar\u00e1<strong> Y\u00e9sica Arga\u00f1araz<\/strong>, de esta joven no hay mucho por decir, carece de formaci\u00f3n, no tiene un lenguaje elaborado pero ha mostrado una obediencia debida que la transforma en alguien que no discute hace lo que le pidan, como cuando reemplazo a Yacob y voto en contra de la votaci\u00f3n del bloque de JXC, evidenciando que en cuesti\u00f3n de negocios, la ideolog\u00eda puede esperar y fue ella la que apoyo levantando la mano el proyecto del oficialismo. El tercer lugar ser\u00e1 para el radical <strong>Mart\u00edn Ru\u00edz Deza<\/strong>, no hay mucho m\u00e9rito en esta oferta salvo la rosca pol\u00edtica que ya hab\u00eda adelantado desde El Sindical en la que Landaburu, Zanasi y el elegido negociaban para seguir viviendo del Estado porque lo que es trabajar en beneficio del vecino, esa como dir\u00eda Marquitos, esa te la debo.<\/p>\n\n\n\n<p>Por Marcelo Ricardo Hawrylciw<\/p>\n","protected":false},"excerpt":{"rendered":"<p>Maximiliano Gallucci, por el sector de Horacio Rodr\u00edguez Larreta, y Lucas Yacob, por Patricia Bullrich, disputar\u00e1n como precandidatos a intendente las PASO de Juntos en Avellaneda. La lista de Gallucci tendr\u00e1 como primer precandidato a concejal a Marcelo Gutovich, un ex funcionario de la gesti\u00f3n de Mar\u00eda Eugenia Vidal que poco y nada hizo como&hellip;<\/p>\n","protected":false},"author":1,"featured_media":123536,"comment_status":"open","ping_status":"open","sticky":false,"template":"","format":"standard","meta":{"footnotes":""},"categories":[10,13],"tags":[18028,40504,2450,16896,20142,40505,29303,40506,7265,40416,29304,16752,328,1826,39009],"class_list":["post-123535","post","type-post","status-publish","format-standard","has-post-thumbnail","hentry","category-editorial","category-politica","tag-damian-paz","tag-daniela-sanchez","tag-diario-el-sindical","tag-gerardo-milman","tag-gladys-gonzalez","tag-jose-luis-luduena","tag-lucas-yacob","tag-marcelo-gutovich","tag-maria-eugenia-vidal","tag-martin-ruiz-deheza","tag-maximiliano-gallucci","tag-paso","tag-pro","tag-ucr","tag-yesica-arganaraz"],"_links":{"self":[{"href":"https:\/\/www.elsindical.com.ar\/notas\/wp-json\/wp\/v2\/posts\/123535","targetHints":{"allow":["GET"]}}],"collection":[{"href":"https:\/\/www.elsindical.com.ar\/notas\/wp-json\/wp\/v2\/posts"}],"about":[{"href":"https:\/\/www.elsindical.com.ar\/notas\/wp-json\/wp\/v2\/types\/post"}],"author":[{"embeddable":true,"href":"https:\/\/www.elsindical.com.ar\/notas\/wp-json\/wp\/v2\/users\/1"}],"replies":[{"embeddable":true,"href":"https:\/\/www.elsindical.com.ar\/notas\/wp-json\/wp\/v2\/comments?post=123535"}],"version-history":[{"count":1,"href":"https:\/\/www.elsindical.com.ar\/notas\/wp-json\/wp\/v2\/posts\/123535\/revisions"}],"predecessor-version":[{"id":123537,"href":"https:\/\/www.elsindical.com.ar\/notas\/wp-json\/wp\/v2\/posts\/123535\/revisions\/123537"}],"wp:featuredmedia":[{"embeddable":true,"href":"https:\/\/www.elsindical.com.ar\/notas\/wp-json\/wp\/v2\/media\/123536"}],"wp:attachment":[{"href":"https:\/\/www.elsindical.com.ar\/notas\/wp-json\/wp\/v2\/media?parent=123535"}],"wp:term":[{"taxonomy":"category","embeddable":true,"href":"https:\/\/www.elsindical.com.ar\/notas\/wp-json\/wp\/v2\/categories?post=123535"},{"taxonomy":"post_tag","embeddable":true,"href":"https:\/\/www.elsindical.com.ar\/notas\/wp-json\/wp\/v2\/tags?post=123535"}],"curies":[{"name":"wp","href":"https:\/\/api.w.org\/{rel}","templated":true}]}}