{"id":123526,"date":"2023-06-24T23:43:29","date_gmt":"2023-06-25T02:43:29","guid":{"rendered":"https:\/\/www.elsindical.com.ar\/notas\/?p=123526"},"modified":"2023-06-24T23:43:29","modified_gmt":"2023-06-25T02:43:29","slug":"hernan-doval-no-disimula-que-se-te-rie-en-la-cara","status":"publish","type":"post","link":"https:\/\/www.elsindical.com.ar\/notas\/hernan-doval-no-disimula-que-se-te-rie-en-la-cara\/","title":{"rendered":"Hern\u00e1n Doval no disimula que se te r\u00ede en la cara"},"content":{"rendered":"\n<figure class=\"wp-block-image size-full\"><a href=\"https:\/\/www.elsindical.com.ar\/notas\/var\/www\/html\/notas\/wp-content\/uploads\/2023\/06\/Doval-kineseologia.jpg\"><img loading=\"lazy\" decoding=\"async\" width=\"864\" height=\"858\" src=\"https:\/\/www.elsindical.com.ar\/notas\/var\/www\/html\/notas\/wp-content\/uploads\/2023\/06\/Doval-kineseologia.jpg\" alt=\"\" class=\"wp-image-123527\" srcset=\"https:\/\/www.elsindical.com.ar\/notas\/var\/www\/html\/notas\/wp-content\/uploads\/2023\/06\/Doval-kineseologia.jpg 864w, https:\/\/www.elsindical.com.ar\/notas\/var\/www\/html\/notas\/wp-content\/uploads\/2023\/06\/Doval-kineseologia-300x298.jpg 300w, https:\/\/www.elsindical.com.ar\/notas\/var\/www\/html\/notas\/wp-content\/uploads\/2023\/06\/Doval-kineseologia-150x150.jpg 150w, https:\/\/www.elsindical.com.ar\/notas\/var\/www\/html\/notas\/wp-content\/uploads\/2023\/06\/Doval-kineseologia-768x763.jpg 768w, https:\/\/www.elsindical.com.ar\/notas\/var\/www\/html\/notas\/wp-content\/uploads\/2023\/06\/Doval-kineseologia-302x300.jpg 302w, https:\/\/www.elsindical.com.ar\/notas\/var\/www\/html\/notas\/wp-content\/uploads\/2023\/06\/Doval-kineseologia-50x50.jpg 50w\" sizes=\"auto, (max-width: 864px) 100vw, 864px\" \/><\/a><\/figure>\n\n\n\n<p>   Y como suele hacer el multicargos gremiales Hern\u00e1n Doval, en una nueva publicaci\u00f3n, \u00e9l y su ladero son los \u00fanicos que sonr\u00eden, mientras que la cara de la profesional se la nota seria y no es para menos, teniendo en cuenta que hay que tener poca verg\u00fcenza para hacer anuncios de poca monta.<\/p>\n\n\n\n<p>Aprovechando los recursos de los afiliados para hacer un autobombo, la compra de dos bicicletas fijas, un ultrasonido y un tens, esta gente te lo venden como un gran acontecimiento para la OSPMA.<\/p>\n\n\n\n<p>Por eso recuerden bien estas cosas, tienen la posibilidad y el derecho a desafiliarse y deben pensar y recordar bien antes de votar a los delegados que supuestamente los van a representar, de esta gente ya han demostrado que primero est\u00e1n ellos.<\/p>\n","protected":false},"excerpt":{"rendered":"<p>Y como suele hacer el multicargos gremiales Hern\u00e1n Doval, en una nueva publicaci\u00f3n, \u00e9l y su ladero son los \u00fanicos que sonr\u00eden, mientras que la cara de la profesional se la nota seria y no es para menos, teniendo en cuenta que hay que tener poca verg\u00fcenza para hacer anuncios de poca monta. Aprovechando los&hellip;<\/p>\n","protected":false},"author":1,"featured_media":123527,"comment_status":"open","ping_status":"open","sticky":false,"template":"","format":"standard","meta":{"footnotes":""},"categories":[16],"tags":[3360,55,2450,5986,17286,269,24439,3141],"class_list":["post-123526","post","type-post","status-publish","format-standard","has-post-thumbnail","hentry","category-gremiales","tag-afiliados","tag-delegados","tag-diario-el-sindical","tag-gremialista","tag-hernan-doval","tag-obra-social","tag-ospma","tag-stma"],"_links":{"self":[{"href":"https:\/\/www.elsindical.com.ar\/notas\/wp-json\/wp\/v2\/posts\/123526","targetHints":{"allow":["GET"]}}],"collection":[{"href":"https:\/\/www.elsindical.com.ar\/notas\/wp-json\/wp\/v2\/posts"}],"about":[{"href":"https:\/\/www.elsindical.com.ar\/notas\/wp-json\/wp\/v2\/types\/post"}],"author":[{"embeddable":true,"href":"https:\/\/www.elsindical.com.ar\/notas\/wp-json\/wp\/v2\/users\/1"}],"replies":[{"embeddable":true,"href":"https:\/\/www.elsindical.com.ar\/notas\/wp-json\/wp\/v2\/comments?post=123526"}],"version-history":[{"count":1,"href":"https:\/\/www.elsindical.com.ar\/notas\/wp-json\/wp\/v2\/posts\/123526\/revisions"}],"predecessor-version":[{"id":123528,"href":"https:\/\/www.elsindical.com.ar\/notas\/wp-json\/wp\/v2\/posts\/123526\/revisions\/123528"}],"wp:featuredmedia":[{"embeddable":true,"href":"https:\/\/www.elsindical.com.ar\/notas\/wp-json\/wp\/v2\/media\/123527"}],"wp:attachment":[{"href":"https:\/\/www.elsindical.com.ar\/notas\/wp-json\/wp\/v2\/media?parent=123526"}],"wp:term":[{"taxonomy":"category","embeddable":true,"href":"https:\/\/www.elsindical.com.ar\/notas\/wp-json\/wp\/v2\/categories?post=123526"},{"taxonomy":"post_tag","embeddable":true,"href":"https:\/\/www.elsindical.com.ar\/notas\/wp-json\/wp\/v2\/tags?post=123526"}],"curies":[{"name":"wp","href":"https:\/\/api.w.org\/{rel}","templated":true}]}}